{"id":195945,"date":"2025-10-23T12:04:08","date_gmt":"2025-10-23T12:04:08","guid":{"rendered":"https:\/\/www.europesays.com\/es\/195945\/"},"modified":"2025-10-23T12:04:08","modified_gmt":"2025-10-23T12:04:08","slug":"detienen-al-arbitro-serbio-del-reciente-real-madrid-olympiacos-con-250-000-euros-y-lingotes-de-oro-en-su-casa","status":"publish","type":"post","link":"https:\/\/www.europesays.com\/es\/195945\/","title":{"rendered":"Detienen al \u00e1rbitro serbio del reciente Real Madrid-Olympiacos con 250.000 euros y lingotes de oro en su casa"},"content":{"rendered":"<p>23\/10\/2025<br \/>\n<br \/><strong><br \/>\nActualizado a las 13:42h.<br \/>\n<\/strong><\/p>\n<p class=\"voc-p\" style=\"\">El serbio <strong>Uros Nikolic<\/strong> (39 a\u00f1os), uno de los principales \u00e1rbitros internacionales <strong>FIBA<\/strong> (Federaci\u00f3n Internacional de Baloncesto), ha sido arrestado en el marco de una importante operaci\u00f3n policial internacional, seg\u00fan informan tanto es de la emisora nacional serbia &#8216;RTS&#8217; como el diario &#8216;Blic&#8217;.<\/p>\n<p class=\"voc-p\" style=\"\">Seg\u00fan &#8216;RTS&#8217;, durante el registro de su domicilio, la polic\u00eda encontr\u00f3 250.000 euros en met\u00e1lico, lingotes de oro y<strong> relojes de lujo<\/strong>.<\/p>\n<p class=\"voc-p\" style=\"\">Blic a\u00f1ade que, adem\u00e1s de Nikolic, fueron detenidas otras nueve personas, sospechosas de estar vinculadas con el grupo criminal organizado conocido como <strong>Vracarci<\/strong>.<\/p>\n<p class=\"voc-p\" style=\"\">Seg\u00fan el informe policial, siete miembros de dicho fueron arrestados bajo sospecha de cometer <strong>dos asesinatos y tres intentos de asesinato<\/strong> en los \u00faltimos a\u00f1os en Serbia.<\/p>\n<p class=\"voc-p\" style=\"\">Nikolic arbitra en la Liga Adri\u00e1tica de Baloncesto (ABA) y en competiciones internacionales. En la recientemente iniciada Euroliga 2025-26 ha dirigido cuatro partidos: <strong>Panathinaikos-Bayern, <\/strong>Real Madrid-Olympiacos<strong>, Hapoel- Maccabi y Dubai-Bayern<\/strong>.<\/p>\n<p class=\"voc-p\" style=\"\">El \u00e1rbitro serbio fue uno de los elegidos para pitar en la Final Four de la Euroliga 2021 celebrada Colonia y a la de 2024 de Berl\u00edn. En esta \u00faltima fue uno de los colegiados de la <a href=\"https:\/\/www.abc.es\/deportes\/baloncesto\/barca-desmorona-olympiacos-vera-real-madrid-semifinales-20240508225913-nt.html\" target=\"_self\" data-voc-vtm-id=\"in-text-traffic\" title=\"semifinal que el Barcelona perdi\u00f3 ante Olympiacos\" data-mrf-link=\"www.abc.es\" rel=\"nofollow noopener\">semifinal que el Barcelona perdi\u00f3 ante Olympiacos<\/a>.<\/p>\n<p><img loading=\"lazy\" decoding=\"async\" width=\"530\" height=\"64\" class=\"logo-premium\" src=\"data:image\/gif;base64,R0lGODlhAQABAAAAACH5BAEKAAEALAAAAAABAAEAAAICTAEAOw==\" alt=\"ABC Premium\"\/><br \/>\nL\u00edmite de sesiones alcanzadas<\/p>\n<ul class=\"listado\">\n<li>El acceso al contenido Premium est\u00e1 abierto por cortes\u00eda del establecimiento donde te encuentras, pero ahora mismo hay demasiados usuarios conectados a la vez. Por favor, int\u00e9ntalo pasados unos minutos.<\/li>\n<\/ul>\n<p>Volver a intentar<\/p>\n<p><img loading=\"lazy\" decoding=\"async\" width=\"530\" height=\"64\" class=\"logo-premium\" src=\"data:image\/gif;base64,R0lGODlhAQABAAAAACH5BAEKAAEALAAAAAABAAEAAAICTAEAOw==\" alt=\"ABC Premium\"\/><br \/>\nHas superado el l\u00edmite de sesiones<\/p>\n<ul class=\"listado\">\n<li>S\u00f3lo puedes tener tres sesiones iniciadas a la vez. Hemos cerrado la sesi\u00f3n m\u00e1s antigua para que sigas navegando sin l\u00edmites en el resto.<\/li>\n<\/ul>\n<p>Sigue navegando<\/p>\n<p>\nArt\u00edculo solo para suscriptores\n<\/p>\n<p>Reportar un error<\/p>\n","protected":false},"excerpt":{"rendered":"23\/10\/2025 Actualizado a las 13:42h. El serbio Uros Nikolic (39 a\u00f1os), uno de los principales \u00e1rbitros internacionales FIBA&hellip;\n","protected":false},"author":2,"featured_media":195946,"comment_status":"","ping_status":"","sticky":false,"template":"","format":"standard","meta":{"footnotes":""},"categories":[269],"tags":[54421,19418,299,298,385,168,13401,25,24,1557,54422,54420,3371,798,8457,9453,23,167],"class_list":{"0":"post-195945","1":"post","2":"type-post","3":"status-publish","4":"format-standard","5":"has-post-thumbnail","7":"category-baloncesto","8":"tag-54421","9":"tag-arbitro","10":"tag-baloncesto","11":"tag-basketball","12":"tag-casa","13":"tag-deportes","14":"tag-detienen","15":"tag-es","16":"tag-espana","17":"tag-euros","18":"tag-lingotes","19":"tag-madridolympiacos","20":"tag-oro","21":"tag-real","22":"tag-reciente","23":"tag-serbio","24":"tag-spain","25":"tag-sports"},"share_on_mastodon":{"url":"https:\/\/pubeurope.com\/@es\/115423390622445477","error":""},"_links":{"self":[{"href":"https:\/\/www.europesays.com\/es\/wp-json\/wp\/v2\/posts\/195945","targetHints":{"allow":["GET"]}}],"collection":[{"href":"https:\/\/www.europesays.com\/es\/wp-json\/wp\/v2\/posts"}],"about":[{"href":"https:\/\/www.europesays.com\/es\/wp-json\/wp\/v2\/types\/post"}],"author":[{"embeddable":true,"href":"https:\/\/www.europesays.com\/es\/wp-json\/wp\/v2\/users\/2"}],"replies":[{"embeddable":true,"href":"https:\/\/www.europesays.com\/es\/wp-json\/wp\/v2\/comments?post=195945"}],"version-history":[{"count":0,"href":"https:\/\/www.europesays.com\/es\/wp-json\/wp\/v2\/posts\/195945\/revisions"}],"wp:featuredmedia":[{"embeddable":true,"href":"https:\/\/www.europesays.com\/es\/wp-json\/wp\/v2\/media\/195946"}],"wp:attachment":[{"href":"https:\/\/www.europesays.com\/es\/wp-json\/wp\/v2\/media?parent=195945"}],"wp:term":[{"taxonomy":"category","embeddable":true,"href":"https:\/\/www.europesays.com\/es\/wp-json\/wp\/v2\/categories?post=195945"},{"taxonomy":"post_tag","embeddable":true,"href":"https:\/\/www.europesays.com\/es\/wp-json\/wp\/v2\/tags?post=195945"}],"curies":[{"name":"wp","href":"https:\/\/api.w.org\/{rel}","templated":true}]}}