{"id":195949,"date":"2025-10-23T12:06:10","date_gmt":"2025-10-23T12:06:10","guid":{"rendered":"https:\/\/www.europesays.com\/es\/195949\/"},"modified":"2025-10-23T12:06:10","modified_gmt":"2025-10-23T12:06:10","slug":"organizada-por-un-conocido-matrimonio-y-con-invitados-de-lujo","status":"publish","type":"post","link":"https:\/\/www.europesays.com\/es\/195949\/","title":{"rendered":"organizada por un conocido matrimonio y con invitados de lujo"},"content":{"rendered":"<p><strong><a href=\"https:\/\/www.ultimahora.es\/etiqueta\/Isabel+Preysler.html?utm_source=Inline-tag&amp;utm_medium=internal\" rel=\"nofollow noopener\" target=\"_blank\">Isabel Preysler<\/a> <\/strong>acude la noche de este jueves 23 de octubre al plat\u00f3 de <a href=\"https:\/\/www.ultimahora.es\/etiqueta\/El+Hormiguero.html?utm_source=Inline-tag&amp;utm_medium=internal\" rel=\"nofollow noopener\" target=\"_blank\">El Hormiguero<\/a>. La socialit\u00e9 acude al popular programa para la presentaci\u00f3n de sus esperadas memorias, tituladas &#8216;Mi verdadero yo&#8217;, un d\u00eda despu\u00e9s de su publicaci\u00f3n. Este libro promete desmontar falsos mitos que la rodean y ofrecer un recorrido sincero por su trayectoria vital, desde su infancia en Filipinas hasta los grandes amores que han marcado su destino. Es posible que en sus p\u00e1ginas tambi\u00e9n recuerde la exclusiva fiesta a la que <strong>acudi\u00f3 en Mallorca<\/strong> el verano del a\u00f1o pasado.<\/p>\n<p>El evento, organizado por el exembajador de Estados Unidos James Costos y su marido Michael S. Smith, se convirti\u00f3 en un <strong>punto de encuentro para influyentes personalidades<\/strong> de diversos sectores, desde la pol\u00edtica hasta el mundo empresarial y art\u00edstico, consolidando la isla balear como un escenario de lujo para encuentros de alto nivel. La cita, que tuvo lugar en la <strong>propiedad de Costos y Smith<\/strong> en Llub\u00ed, Mallorca, el mes de julio de 2024, fue una cita ineludible para m\u00e1s de un centenar de invitados. Estos asistentes, llegados de todas partes del mundo, representaban una amalgama de riqueza e influencia, aunque muchos de ellos no eran figuras p\u00fablicas en el sentido tradicional.<\/p>\n<p>La lista de invitados inclu\u00eda nombres de gran peso como <strong><a href=\"https:\/\/www.ultimahora.es\/etiqueta\/Michelle+Obama.html?utm_source=Inline-tag&amp;utm_medium=internal\" rel=\"nofollow noopener\" target=\"_blank\">Michelle Obama<\/a><\/strong>, exprimera dama de Estados Unidos, cuya presencia siempre genera un notable inter\u00e9s medi\u00e1tico. Tambi\u00e9n estuvieron presentes <strong>Eric Schmidt, ex director ejecutivo de Google<\/strong>, junto a su esposa; Elaine Wynn, una empresaria y coleccionista de arte multimillonaria estadounidense, conocida por ser <strong>propietaria de media Las Vegas<\/strong>; y Mellody Hobson, esposa del aclamado director de cine George Lucas y codirectora ejecutiva de Ariel Investments, adem\u00e1s de presidenta de Starbucks Corporation. La presencia de Isabel Preysler, sin embargo, fue la que <strong>acapar\u00f3 gran parte de la atenci\u00f3n social<\/strong>, deslumbrando no solo por su impecable vestuario, sino tambi\u00e9n por s<strong>u cercan\u00eda y simpat\u00eda con los asistentes<\/strong>.<\/p>\n<p>Entre los invitados tambi\u00e9n se encontraba <strong>Adriana Carolina Herrera<\/strong>, hija de la dise\u00f1adora Carolina Herrera, acompa\u00f1ada de su pareja, Pedro Noronha, a\u00f1adiendo un toque de glamour y conexi\u00f3n con el mundo de la moda a la velada. La finca de Llub\u00ed, propiedad del exembajador de Estados Unidos James Costos y su marido, el reconocido decorador de interiores Michael S. Smith, se transform\u00f3 en el epicentro de un c\u00f3nclave social de alcance global. Este matrimonio, conocido por su exquisito gusto y su amplia red de<strong> contactos internacionale<\/strong>s, logr\u00f3 congregar a m\u00e1s de un centenar de invitados, procedentes de los c\u00edrculos m\u00e1s selectos del planeta.<\/p>\n<p>La elecci\u00f3n de Mallorca como escenario no fue casual; la isla balear se ha consolidado como un destino predilecto para la \u00e9lite que busca privacidad y exclusividad. La celebraci\u00f3n no concluy\u00f3 con la fiesta nocturna en Llub\u00ed. Al d\u00eda siguiente los anfitriones organizaron un <strong>exclusivo &#8216;brunch&#8217; de despedida<\/strong> en el Cap Vermell Gran Hotel, un lujoso establecimiento situado en Canyamel. Este evento matutino sirvi\u00f3 como un <strong>broche de oro a la serie de encuentros<\/strong> y permiti\u00f3 a los invitados, muchos de los cuales se alojaban en el propio hotel, continuar con las conversaciones y el ambiente distendido. La llegada de Michelle Obama al &#8216;brunch&#8217; fue especialmente notoria, acompa\u00f1ada de su habitual y discreto despliegue de miembros de seguridad, lo que subraya su estatus y la importancia de su presencia.<\/p>\n<p>La exprimera dama <strong>comparti\u00f3 mesa con sus anfitriones<\/strong>, James Costos y Michael S. Smith, demostrando la estrecha relaci\u00f3n que mantienen. A ellos se unieron <strong>Eric Schmidt y su encantadora esposa<\/strong>, la empresaria y fil\u00e1ntropa estadounidense Wendy Susan Schmidt, consolidando un grupo de conversaci\u00f3n de alto nivel. Este segundo encuentro, en un entorno igualmente sofisticado, reafirm\u00f3 el <strong>car\u00e1cter exclusivo y la cuidada organizaci\u00f3n<\/strong> de todo el fin de semana, dejando una huella imborrable en la memoria de los asistentes.<\/p>\n<p>Detr\u00e1s de la fastuosa fiesta en Mallorca se encuentra <strong>un matrimonio de gran influencia<\/strong>: James Costos y Michael S. Smith. James Costos es una figura destacada en la diplomacia y los negocios, habiendo servido como embajador de Estados Unidos en Espa\u00f1a y Andorra desde 2013 hasta 2017. Su carrera previa en el sector minorista y los medios de comunicaci\u00f3n, incluyendo puestos ejecutivos en HBO, le proporcion\u00f3 una amplia red de contactos en Hollywood y Washington. Por su parte, Michael S. Smith es un dise\u00f1ador de interiores de renombre mundial, cuya obra ha sido publicada en las revistas m\u00e1s prestigiosas. Su talento es tal que fue el encargado de <strong>redise\u00f1ar la Oficina Oval<\/strong> y las residencias privadas de la Casa Blanca durante la administraci\u00f3n Obama, lo que explica su estrecha relaci\u00f3n con la exprimera dama.<\/p>\n<p>La figura de Isabel Preysler, nacida en Manila, Filipinas, ha trascendido las fronteras para convertirse en un <strong>aut\u00e9ntico icono de la socialit\u00e9<\/strong> espa\u00f1ola e internacional. Su trayectoria vital, marcada por matrimonios con figuras como Julio Iglesias, Carlos Falc\u00f3 y Miguel Boyer, ha sido siempre objeto de un intenso escrutinio medi\u00e1tico. Con la publicaci\u00f3n de Mi verdadero yo busca ofrecer una <strong>narrativa propia y sin filtros<\/strong>, desmintiendo rumores y compartiendo su perspectiva sobre los eventos que han moldeado su vida. Este libro no es solo un repaso biogr\u00e1fico, sino una <strong>oportunidad para redefinir su imagen p\u00fablica<\/strong> y mostrar la mujer detr\u00e1s del glamour.<\/p>\n<p>Su capacidad para <strong>mantenerse relevante<\/strong> en el panorama social durante d\u00e9cadas, adapt\u00e1ndose a los tiempos y conservando su elegancia innata, es un testimonio de su singularidad. En un momento en que las figuras p\u00fablicas buscan cada vez m\u00e1s controlar su propia narrativa, estas memorias representan una oportunidad \u00fanica para Preysler de ofrecer <strong>su versi\u00f3n de los hechos<\/strong>, despoj\u00e1ndose de las etiquetas y los clich\u00e9s que la han acompa\u00f1ado durante d\u00e9cadas. La expectaci\u00f3n es alta, no solo por los detalles \u00edntimos que pueda revelar sobre sus relaciones personales, sino tambi\u00e9n por su perspectiva sobre la evoluci\u00f3n de la sociedad y el papel de la mujer en la esfera p\u00fablica.<\/p>\n","protected":false},"excerpt":{"rendered":"Isabel Preysler acude la noche de este jueves 23 de octubre al plat\u00f3 de El Hormiguero. La socialit\u00e9&hellip;\n","protected":false},"author":2,"featured_media":195950,"comment_status":"","ping_status":"","sticky":false,"template":"","format":"standard","meta":{"footnotes":""},"categories":[174],"tags":[4040,5233,255,5813,146,147,25,24,256,10403,12648,18480,2555,5812,25283,25281,25282,23],"class_list":{"0":"post-195949","1":"post","2":"type-post","3":"status-publish","4":"format-standard","5":"has-post-thumbnail","7":"category-famosos","8":"tag-antena-3","9":"tag-audiencias-um","10":"tag-celebrities","11":"tag-el-hormiguero","12":"tag-entertainment","13":"tag-entretenimiento","14":"tag-es","15":"tag-espana","16":"tag-famosos","17":"tag-famosos-en-mallorca","18":"tag-ia-news","19":"tag-isabel-preysler","20":"tag-michelle-obama","21":"tag-pablo-motos","22":"tag-parejas-de-famosos","23":"tag-prensa-rosa","24":"tag-quiosco-rosa","25":"tag-spain"},"share_on_mastodon":{"url":"https:\/\/pubeurope.com\/@es\/115423398224757736","error":""},"_links":{"self":[{"href":"https:\/\/www.europesays.com\/es\/wp-json\/wp\/v2\/posts\/195949","targetHints":{"allow":["GET"]}}],"collection":[{"href":"https:\/\/www.europesays.com\/es\/wp-json\/wp\/v2\/posts"}],"about":[{"href":"https:\/\/www.europesays.com\/es\/wp-json\/wp\/v2\/types\/post"}],"author":[{"embeddable":true,"href":"https:\/\/www.europesays.com\/es\/wp-json\/wp\/v2\/users\/2"}],"replies":[{"embeddable":true,"href":"https:\/\/www.europesays.com\/es\/wp-json\/wp\/v2\/comments?post=195949"}],"version-history":[{"count":0,"href":"https:\/\/www.europesays.com\/es\/wp-json\/wp\/v2\/posts\/195949\/revisions"}],"wp:featuredmedia":[{"embeddable":true,"href":"https:\/\/www.europesays.com\/es\/wp-json\/wp\/v2\/media\/195950"}],"wp:attachment":[{"href":"https:\/\/www.europesays.com\/es\/wp-json\/wp\/v2\/media?parent=195949"}],"wp:term":[{"taxonomy":"category","embeddable":true,"href":"https:\/\/www.europesays.com\/es\/wp-json\/wp\/v2\/categories?post=195949"},{"taxonomy":"post_tag","embeddable":true,"href":"https:\/\/www.europesays.com\/es\/wp-json\/wp\/v2\/tags?post=195949"}],"curies":[{"name":"wp","href":"https:\/\/api.w.org\/{rel}","templated":true}]}}