{"id":195953,"date":"2025-10-23T12:08:10","date_gmt":"2025-10-23T12:08:10","guid":{"rendered":"https:\/\/www.europesays.com\/es\/195953\/"},"modified":"2025-10-23T12:08:10","modified_gmt":"2025-10-23T12:08:10","slug":"de-verdad-vendia-cocaina-frente-al-palacio-real","status":"publish","type":"post","link":"https:\/\/www.europesays.com\/es\/195953\/","title":{"rendered":"\u00bfde verdad vend\u00eda coca\u00edna frente al palacio real?"},"content":{"rendered":"<p style=\"\">Lo de <a href=\"https:\/\/www.abc.es\/gente\/marius-borg-vinculado-grupo-chat-terrorismo-islamico-20250916055008-nt.html\" target=\"_self\" data-voc-vtm-id=\"in-text-traffic\" title=\"Marius Borg\" data-mrf-link=\"www.abc.es\" rel=\"nofollow noopener\">Marius Borg<\/a> es un no parar. Mientras el hijo de la <a href=\"https:\/\/www.abc.es\/gente\/hijo-menor-princesa-mettemarit-huye-lios-corona-20251016140726-nt.html\" target=\"_self\" data-voc-vtm-id=\"in-text-traffic\" title=\"Princesa Mette-Marit\" data-mrf-link=\"www.abc.es\" rel=\"nofollow noopener\">Princesa Mette-Marit<\/a> de Noruega <strong>aguarda el comienzo de su juicio<\/strong>, que ser\u00e1 el febrero, no hay semana que no suponga un disgusto para la Corona. Ahora ha aparecido un  &#8230; libro, bajo el expl\u00edcito t\u00edtulo de &#8216;<strong>Rayas blancas, ovejas negras<\/strong>&#8216;, donde se glosa la turbia figura del joven y su relaci\u00f3n con las drogas. Incluido un supuesto episodio en el que <strong>vend\u00eda coca\u00edna junto al palacio real<\/strong>.<\/p>\n<p class=\"voc-p\" style=\"\">Marius Borg tendr\u00e1 que defenderse ante los tribunales de <strong>32 presuntos delitos, incluido el de violaci\u00f3n<\/strong>. Mientras ese juicio llega, la Corona noruega, cada vez m\u00e1s cuestionada por los s\u00fabditos, ya est\u00e1 viviendo toda una condena con <strong>e<\/strong><strong>l goteo de noticias, rumores y chismes<\/strong> en relaci\u00f3n con el hijo de la princesa.<\/p>\n<p class=\"voc-p\" style=\"\">Ahora acaba de aparecer un libro de lo m\u00e1s escandaloso que analiza los pormenores del &#8216;caso Borg&#8217; y los v\u00ednculos con la Corona. Mette-Marit tuvo al chico antes de casarse con <a href=\"https:\/\/www.abc.es\/gente\/explosivos-mensajes-marius-borg-implican-directamente-mettemarit-20250825105523-nt.html\" target=\"_self\" data-voc-vtm-id=\"in-text-traffic\" title=\"el Pr\u00edncipe Haakon\" data-mrf-link=\"www.abc.es\" rel=\"nofollow noopener\">el Pr\u00edncipe Haakon<\/a> y nunca ha tenido un papel oficial, pero s\u00ed que se ha <strong>criado en palacio<\/strong> junto a la princesa Ingrid y el pr\u00edncipe Sverre Magnus, con los privilegios que esto tra\u00eda.<\/p>\n<p>\nRayas y ovejas\n<\/p>\n<p class=\"voc-p\" style=\"\">&#8216;Rayas blancas, ovejas negras&#8217; est\u00e1 escrito por los periodistas Torgeir Krokfjord y \u00d8istein Monsen, y <strong>no se guarda nada respecto<\/strong> a las eventuales pr\u00e1cticas de Marius Borg, su estilo de vida y sus adicciones. No es ning\u00fan secreto que <a href=\"https:\/\/www.abc.es\/gente\/sospechosos-movimientos-cuentas-marius-borg-hiby-20250821141200-nt.html\" target=\"_self\" data-voc-vtm-id=\"in-text-traffic\" title=\"Marius Borg\" data-mrf-link=\"www.abc.es\" rel=\"nofollow noopener\">Marius Borg<\/a> tiene una naturaleza adictiva y \u00e9l mismo ha confesado <strong>sus problemas con las drogas<\/strong> incluso cuando viv\u00eda en palacio. Lo que ocurre es que hasta ahora nadie hab\u00eda contado que vend\u00eda coca\u00edna frente a la residencia real, como ocurre en este libro.<\/p>\n<p class=\"voc-p\" style=\"\">Tras todo el revuelo que se ha montado, los autores han comentado a una televisi\u00f3n noruega que est\u00e1n plenamente convencidos de <strong>la veracidad de esta informaci\u00f3n<\/strong> y del relato de su fuente. Mientras tanto, y seg\u00fan ha trascendido ya, el equipo legal de Marius Borg ha solicitado a la editorial que \u00abtome medidas\u00bb. Pero, \u00bfqu\u00e9 medidas? La polic\u00eda tambi\u00e9n ha confirmado que en el libro se describe c\u00f3mo <strong>a<\/strong><strong>lgunos agentes vieron a Borg con drogas junto al palacio real<\/strong>, aunque hay algo de confusi\u00f3n al respecto y nadie se atreve a decir si estaba vendiendo supuestamente vendiendo o consumiendo.<\/p>\n<p>\nEl silencio de la Corona\n<\/p>\n<p class=\"voc-p\" style=\"\">La Casa Real no ha hecho ning\u00fan movimiento hasta ahora y tampoco se espera que lo haga. Cualquier iniciativa legal partir\u00e1 de <strong>los propios abogados de Marius Borg<\/strong> porque la Corona no quiere hacer m\u00e1s ruido en v\u00edsperas de un juicio que se presenta escandaloso y muy da\u00f1ino para la Corona.<\/p>\n<p class=\"voc-p\" style=\"\">Eso s\u00ed, el fiscal ha dejado claro que el delito de la venta de coca\u00edna no forma parte de las acusaciones en su contra, por lo que parece que la posici\u00f3n m\u00e1s razonable ahora es <strong>dejar que pase el tiempo con la esperanza de que quede enterrado<\/strong>. Marius Borg, seg\u00fan dice la prensa, est\u00e1 centrado en curar sus adicciones y presentarse limpio en febrero. Mientras tanto, la Corona noruega se desangra cada d\u00eda un poco m\u00e1s.<\/p>\n","protected":false},"excerpt":{"rendered":"Lo de Marius Borg es un no parar. Mientras el hijo de la Princesa Mette-Marit de Noruega aguarda&hellip;\n","protected":false},"author":2,"featured_media":195954,"comment_status":"","ping_status":"","sticky":false,"template":"","format":"standard","meta":{"footnotes":""},"categories":[172],"tags":[224,17313,2357,146,147,25,14503,24,3419,225,17312,524,6481,798,23,49641,24195],"class_list":{"0":"post-195953","1":"post","2":"type-post","3":"status-publish","4":"format-standard","5":"has-post-thumbnail","7":"category-libros","8":"tag-books","9":"tag-borg","10":"tag-cocaina","11":"tag-entertainment","12":"tag-entretenimiento","13":"tag-es","14":"tag-escandalo","15":"tag-espana","16":"tag-frente","17":"tag-libros","18":"tag-marius","19":"tag-nuevo","20":"tag-palacio","21":"tag-real","22":"tag-spain","23":"tag-vendia","24":"tag-verdad"},"share_on_mastodon":{"url":"https:\/\/pubeurope.com\/@es\/115423405975672836","error":""},"_links":{"self":[{"href":"https:\/\/www.europesays.com\/es\/wp-json\/wp\/v2\/posts\/195953","targetHints":{"allow":["GET"]}}],"collection":[{"href":"https:\/\/www.europesays.com\/es\/wp-json\/wp\/v2\/posts"}],"about":[{"href":"https:\/\/www.europesays.com\/es\/wp-json\/wp\/v2\/types\/post"}],"author":[{"embeddable":true,"href":"https:\/\/www.europesays.com\/es\/wp-json\/wp\/v2\/users\/2"}],"replies":[{"embeddable":true,"href":"https:\/\/www.europesays.com\/es\/wp-json\/wp\/v2\/comments?post=195953"}],"version-history":[{"count":0,"href":"https:\/\/www.europesays.com\/es\/wp-json\/wp\/v2\/posts\/195953\/revisions"}],"wp:featuredmedia":[{"embeddable":true,"href":"https:\/\/www.europesays.com\/es\/wp-json\/wp\/v2\/media\/195954"}],"wp:attachment":[{"href":"https:\/\/www.europesays.com\/es\/wp-json\/wp\/v2\/media?parent=195953"}],"wp:term":[{"taxonomy":"category","embeddable":true,"href":"https:\/\/www.europesays.com\/es\/wp-json\/wp\/v2\/categories?post=195953"},{"taxonomy":"post_tag","embeddable":true,"href":"https:\/\/www.europesays.com\/es\/wp-json\/wp\/v2\/tags?post=195953"}],"curies":[{"name":"wp","href":"https:\/\/api.w.org\/{rel}","templated":true}]}}