{"id":195969,"date":"2025-10-23T12:17:13","date_gmt":"2025-10-23T12:17:13","guid":{"rendered":"https:\/\/www.europesays.com\/es\/195969\/"},"modified":"2025-10-23T12:17:13","modified_gmt":"2025-10-23T12:17:13","slug":"el-salto-edicion-general-14","status":"publish","type":"post","link":"https:\/\/www.europesays.com\/es\/195969\/","title":{"rendered":"&#8211; El Salto &#8211; Edici\u00f3n General"},"content":{"rendered":"<p>Dicen que la historia no se repite, pero que en ocasiones rima. Cuando el <a href=\"https:\/\/www.rtve.es\/noticias\/20251013\/egipto-lideres-internacionales-cumbre-paz-gaza\/16767681.shtml\" target=\"_blank\" rel=\"nofollow noopener\">13 de octubre<\/a> el presidente de Estados Unidos, Donald Trump, se dio un homenaje en Egipto para celebrar una <a href=\"https:\/\/www.elsaltodiario.com\/opinion\/trump-arabes-trampas-oriente-medio-jugando-dados-gaza\" target=\"_blank\" rel=\"nofollow noopener\">supuesta paz en oriente medio<\/a> y el alto el fuego en Gaza, algunos pensamos en una referencia que hemos le\u00eddo en los libros de historia. La conferencia de <a href=\"https:\/\/es.wikipedia.org\/wiki\/Acuerdos_de_M%C3%BAnich\" target=\"_blank\" rel=\"nofollow noopener\">M\u00fanich de 1938<\/a>.\u00a0<\/p>\n<p>En aquella ocasi\u00f3n, las principales potencias del mundo se rindieron incondicionalmente a Adolf Hitler. El objetivo era apaciguar al dictador alem\u00e1n. Sacrificar al pueblo checoslovaco para seguir manteniendo una buena relaci\u00f3n con Alemania. Spoiler: sali\u00f3 mal.<\/p>\n<p>Muchos a\u00f1os despu\u00e9s estamos viendo c\u00f3mo los distintos dirigentes europeos y mundiales, con muy pocas excepciones, han tomado la misma decisi\u00f3n. Aceptar todo lo que venga de la Casa Blanca, por temor a la furia del agente naranja, Donald Trump. <\/p>\n<p>En estreno del podcast Asalto, la discusi\u00f3n se centra en la violencia en Gaza despu\u00e9s del alto el fuego, la situaci\u00f3n humanitaria en la franja, y la anexi\u00f3n de Cisjordania. Para ello hablamos con <a href=\"https:\/\/www.elsaltodiario.com\/autor\/queralt-castillo-cerezuela\" target=\"_blank\" rel=\"nofollow noopener\">Queralt Castillo Cerezuela,<\/a> coordinadora del \u00e1rea de internacional de El Salto.<\/p>\n<p>Adem\u00e1s, se cubren noticias nacionales relevantes como el desahucio de una v\u00edctima de violencia de g\u00e9nero <a href=\"https:\/\/www.elsaltodiario.com\/madrid\/caixabank-vuelve-carga-amenaza-desahuciar-pilar-quinta-vez\" target=\"_blank\" rel=\"nofollow noopener\">por parte de Caixabank<\/a> en el barrio de Vallecas. La necesidad de m\u00e1s investigaci\u00f3n sobre el c\u00e1ncer de mama, la inacci\u00f3n gubernamental ante la construcci\u00f3n en zonas inundables de Valencia, y la denegaci\u00f3n de amnist\u00eda a un polic\u00eda investigado por maltrato son otros de los temas destacados en esta entrega.<\/p>\n<p>Asalto es el nombre de un nuevo espacio semanal de actualidad, presentado por Sara Plaza, Yago \u00c1lvarez y Pablo Elorduy, con la producci\u00f3n de Eloy de la Haza y la asistencia t\u00e9cnica de Susana Albarr\u00e1n.<\/p>\n<p>Esc\u00fachalo tambi\u00e9n en Ivoox y <a href=\"https:\/\/open.spotify.com\/show\/1fCv3YVi0UwEWORczlUb98?si=ff2759fdc7e84f5e\" target=\"_blank\" rel=\"nofollow noopener\">Spotify<\/a><\/p>\n","protected":false},"excerpt":{"rendered":"Dicen que la historia no se repite, pero que en ocasiones rima. Cuando el 13 de octubre el&hellip;\n","protected":false},"author":2,"featured_media":195970,"comment_status":"","ping_status":"","sticky":false,"template":"","format":"standard","meta":{"footnotes":""},"categories":[42],"tags":[517,54424,17,18,352,13,14,79,11,61,62,63,64,74,19,20,9,10,15,16,76,12,21,22,65,66,67],"class_list":{"0":"post-195969","1":"post","2":"type-post","3":"status-publish","4":"format-standard","5":"has-post-thumbnail","7":"category-internacional","8":"tag-actualidad","9":"tag-asalto-podcast","10":"tag-breaking-news","11":"tag-breakingnews","12":"tag-donald-trump","13":"tag-featured-news","14":"tag-featurednews","15":"tag-genocidio","16":"tag-headlines","17":"tag-internacional","18":"tag-international","19":"tag-international-news","20":"tag-internationalnews","21":"tag-israel","22":"tag-latest-news","23":"tag-latestnews","24":"tag-news","25":"tag-noticias","26":"tag-noticias-destacadas","27":"tag-noticiasdestacadas","28":"tag-palestina","29":"tag-titulares","30":"tag-ultimas-noticias","31":"tag-ultimasnoticias","32":"tag-world","33":"tag-world-news","34":"tag-worldnews"},"share_on_mastodon":{"url":"https:\/\/pubeurope.com\/@es\/115423441525504403","error":""},"_links":{"self":[{"href":"https:\/\/www.europesays.com\/es\/wp-json\/wp\/v2\/posts\/195969","targetHints":{"allow":["GET"]}}],"collection":[{"href":"https:\/\/www.europesays.com\/es\/wp-json\/wp\/v2\/posts"}],"about":[{"href":"https:\/\/www.europesays.com\/es\/wp-json\/wp\/v2\/types\/post"}],"author":[{"embeddable":true,"href":"https:\/\/www.europesays.com\/es\/wp-json\/wp\/v2\/users\/2"}],"replies":[{"embeddable":true,"href":"https:\/\/www.europesays.com\/es\/wp-json\/wp\/v2\/comments?post=195969"}],"version-history":[{"count":0,"href":"https:\/\/www.europesays.com\/es\/wp-json\/wp\/v2\/posts\/195969\/revisions"}],"wp:featuredmedia":[{"embeddable":true,"href":"https:\/\/www.europesays.com\/es\/wp-json\/wp\/v2\/media\/195970"}],"wp:attachment":[{"href":"https:\/\/www.europesays.com\/es\/wp-json\/wp\/v2\/media?parent=195969"}],"wp:term":[{"taxonomy":"category","embeddable":true,"href":"https:\/\/www.europesays.com\/es\/wp-json\/wp\/v2\/categories?post=195969"},{"taxonomy":"post_tag","embeddable":true,"href":"https:\/\/www.europesays.com\/es\/wp-json\/wp\/v2\/tags?post=195969"}],"curies":[{"name":"wp","href":"https:\/\/api.w.org\/{rel}","templated":true}]}}