{"id":195975,"date":"2025-10-23T12:20:15","date_gmt":"2025-10-23T12:20:15","guid":{"rendered":"https:\/\/www.europesays.com\/es\/195975\/"},"modified":"2025-10-23T12:20:15","modified_gmt":"2025-10-23T12:20:15","slug":"las-guerreras-se-concentran-en-elche-con-motivo-del-proyecto-2029","status":"publish","type":"post","link":"https:\/\/www.europesays.com\/es\/195975\/","title":{"rendered":"Las Guerreras se concentran en Elche con motivo del Proyecto 2029"},"content":{"rendered":"<p class=\"ft-text ft-helper-align-justify\">El seleccionador de <a class=\"ft-link ft-link--decoration\" href=\"https:\/\/www.superdeporte.es\/tags\/las-guerreras\/\" target=\"_blank\" rel=\"nofollow noopener\"><strong>Las\u00a0Guerreras<\/strong><\/a>,\u00a0<a class=\"ft-link ft-link--decoration\" href=\"https:\/\/www.superdeporte.es\/tags\/ambros-martin\/\" target=\"_blank\" rel=\"nofollow noopener\"><strong>Ambros Mart\u00edn<\/strong><\/a>, ha ofrecido la lista de jugadoras convocadas para la pr\u00f3xima actividad del combinado espa\u00f1ol, prevista\u00a0<strong>entre el 10 y el 12 de noviembre<\/strong>\u00a0en\u00a0<strong>Elche<\/strong> (<strong>Alicante)<\/strong>. \u00abCon este plan de tecnificaciones del Proyecto 2029. Esta vez, y <strong>debido a que muchos de nuestros equipos espa\u00f1oles participan en competici\u00f3n europea, vamos a llamar a aquellos que no compitan entre semana<\/strong>, y <strong>a muchas de las jugadoras del equipo nacional J\u00fanior<\/strong>, que ya lo hemos hecho con anterioridad. Tenemos la idea de continuar con ese plan de mejora individual, t\u00e9cnico-t\u00e1ctica, de situaciones que creemos que van a ser importantes en su desarrollo como jugadoras, y tambi\u00e9n dentro de lo que es el modelo de juego que est\u00e1n llevando a cabo tanto en el equipo junior como en el equipo absoluto\u00bb, coment\u00f3 Ambros Mart\u00edn. Entre las jugadoras seleccionadas cuatro de equipos de la <a class=\"ft-link ft-link--decoration\" href=\"https:\/\/www.superdeporte.es\/tags\/comunitat-de-l-esport\/\" target=\"_blank\" rel=\"nofollow noopener\">Comunitat de L&#8217;Esport<\/a>: <strong>Martina Catal\u00e1 Molla y <\/strong><a class=\"ft-link ft-link--decoration\" href=\"https:\/\/www.superdeporte.es\/balonmano\/2024\/08\/25\/remontada-oro-guerreras-juveniles-alcanzar-107349029.html\" target=\"_blank\" rel=\"nofollow noopener\"><strong>Sara Palanques<\/strong><\/a><strong> Martorell, del <\/strong><a class=\"ft-link ft-link--decoration\" href=\"https:\/\/www.facebook.com\/BmMorvedre\/?locale=es_ES\" rel=\"nofollow noopener\" target=\"_blank\"><strong>Balonmano Morvedre<\/strong><\/a><strong>, <\/strong><a class=\"ft-link ft-link--decoration\" href=\"https:\/\/www.superdeporte.es\/balonmano\/2024\/08\/25\/remontada-oro-guerreras-juveniles-alcanzar-107349029.html\" target=\"_blank\" rel=\"nofollow noopener\"><strong>Udane Bernab\u00e9<\/strong><\/a><strong> Cobos (<\/strong><a class=\"ft-link ft-link--decoration\" href=\"https:\/\/www.facebook.com\/cbmelcheoficial\/?locale=es_ES\" rel=\"nofollow noopener\" target=\"_blank\"><strong>Club Balonmano Elche<\/strong><\/a><strong>) y Mar\u00eda Rodr\u00edguez Mart\u00ednez (<\/strong><a class=\"ft-link ft-link--decoration\" href=\"https:\/\/www.facebook.com\/eldaprestigio\/?locale=es_ES\" rel=\"nofollow noopener\" target=\"_blank\"><strong>Club Balonmano Femenino Elda<\/strong><\/a><strong>).<\/strong><\/p>\n<p class=\"ft-text ft-helper-align-justify\">El equipo Absoluto contin\u00faa con el<strong>\u00a0Proyecto 2029<\/strong>, un plan a medio-largo plazo que pretende consolidar al equipo de cara al\u00a0<strong>Campeonato del Mundo 2029<\/strong>\u00a0que organizar\u00e1 la\u00a0<strong>Real Federaci\u00f3n Espa\u00f1ola de Balonmano<\/strong>. Para ello, las posibles integrantes del futuro grupo se preparan con el objetivo de hacer el mejor papel posible en la cita mundialista.<\/p>\n<p class=\"ft-text ft-helper-align-justify\">Las convocadas se entrenar\u00e1n en el\u00a0<strong>Pabell\u00f3n Polideportivo Esperanza Lag<\/strong>\u00a0en sesiones de ma\u00f1ana y tarde durante toda la concentraci\u00f3n y regresar\u00e1n el mi\u00e9rcoles a sus domicilios.<\/p>\n<p>Lista de jugadoras convocadas<\/p>\n<ul class=\"ft-list ft-list--primary\" data-aida-text=\"\">\n<li class=\"ft-list__item ft-helper-align-justify\"><strong>Porter\u00eda<\/strong>\u00a0| <strong>Udane Bernab\u00e9 Cobos (Club Balonmano Elche)<\/strong>, Andrea S\u00e1ez S\u00e1ez (Sociedad Cultura Deportiva Recreativa Anaitasuna), Goundo Gassama Cissokho (Club Balonmano Granollers).<\/li>\n<li class=\"ft-list__item ft-helper-align-justify\"><strong>Central<\/strong>\u00a0| Sandra Monteagudo Correas (Club Deportivo Balonmano Aula), Marta Regord\u00e1n Silva (Club Deportivo Escolapios Montequinto).<\/li>\n<li class=\"ft-list__item ft-helper-align-justify\"><strong>Lateral Derecho<\/strong>\u00a0|<strong> Mar\u00eda Rodr\u00edguez Mart\u00ednez (Club Balonmano Femenino Elda)<\/strong>, Carmen Fidalgo Dur\u00e1n (Club Deportivo Escolapios Montequinto), <strong>Martina Catal\u00e1 Molla (Club Balonmano Morvedre)<\/strong>.<\/li>\n<li class=\"ft-list__item ft-helper-align-justify\"><strong>Lateral Izquierdo<\/strong>\u00a0| Raquel Mor\u00e9 Mart\u00ednez (Club Balonmano Granollers), Naroa Baquedano Mezquiriz (Club Deportivo Balonmano Aula), Bel\u00e9n Rodr\u00edguez Lario (Club Balonmano Granollers), Anna Ros Quesada (Club Deportivo Escolapios Montequinto).<\/li>\n<li class=\"ft-list__item ft-helper-align-justify\"><strong>Extremo Derecho<\/strong>\u00a0| <strong>Sara Palanques Martorell (Club Balonmano Morvedre)<\/strong>, Carla Gonz\u00e1lez Cortada (Club Balonmano Granollers).<\/li>\n<li class=\"ft-list__item ft-helper-align-justify\"><strong>Extremo Izquierdo<\/strong>\u00a0| Mar\u00eda Gonz\u00e1lez Mart\u00ednez (C.B. Remudas Isla de Gran Canaria), Luc\u00eda Laguna Aranda (Club Balonmano Porri\u00f1o).<\/li>\n<li class=\"ft-list__item ft-helper-align-justify\"><strong>Pivote<\/strong>\u00a0| Kadidiatou Jallow Diallo (Club Deportivo Balonmano Aula), Alicia Huertas Mu\u00f1oz (Club Deportivo Elemental Ikasa Balonmano Madrid).<\/li>\n<\/ul>\n<p class=\"ft-text ft-helper-align-justify\">\u00a0\u00abSe incorporan tambi\u00e9n algunas jugadoras ya senior que van a venir por primera vez, como Carla Gonz\u00e1lez de Granollers y Mar\u00eda Gonz\u00e1lez de Rocasa, que son jugadoras que las tenemos detectadas, que est\u00e1n haciendo muy buena temporada y queremos conocerlas y que ellas nos conozcan tambi\u00e9n a nosotras. Tambi\u00e9n <strong>queremos ver a Mar\u00eda Rodr\u00edguez de Elda, una lateral zurda que queremos verla in situ<\/strong>. Y luego, jugadoras como Raquel Mor\u00e9, que ya ha venido con nosotros, o Luc\u00eda Laguna, que tambi\u00e9n ya es habitual en estas tecnificaciones. Esta es un poco la idea, el plan que tenemos para esta nueva tecnificaci\u00f3n\u00ab, analiz\u00f3 el seleccionador.<\/p>\n","protected":false},"excerpt":{"rendered":"El seleccionador de Las\u00a0Guerreras,\u00a0Ambros Mart\u00edn, ha ofrecido la lista de jugadoras convocadas para la pr\u00f3xima actividad del combinado&hellip;\n","protected":false},"author":2,"featured_media":195976,"comment_status":"","ping_status":"","sticky":false,"template":"","format":"standard","meta":{"footnotes":""},"categories":[278],"tags":[10874,52443,376,7524,8073,168,2006,25,24,3367,375,40915,5135,5568,23,167,54425],"class_list":{"0":"post-195975","1":"post","2":"type-post","3":"status-publish","4":"format-standard","5":"has-post-thumbnail","7":"category-balonmano","8":"tag-10874","9":"tag-ambros-martin","10":"tag-balonmano","11":"tag-comunitat-de-l","12":"tag-concentran","13":"tag-deportes","14":"tag-elche","15":"tag-es","16":"tag-espana","17":"tag-guerreras","18":"tag-handball","19":"tag-las-guerreras","20":"tag-motivo","21":"tag-proyecto","22":"tag-spain","23":"tag-sports","24":"tag-udane-bernabe-balonmano"},"share_on_mastodon":{"url":"https:\/\/pubeurope.com\/@es\/115423453275087193","error":""},"_links":{"self":[{"href":"https:\/\/www.europesays.com\/es\/wp-json\/wp\/v2\/posts\/195975","targetHints":{"allow":["GET"]}}],"collection":[{"href":"https:\/\/www.europesays.com\/es\/wp-json\/wp\/v2\/posts"}],"about":[{"href":"https:\/\/www.europesays.com\/es\/wp-json\/wp\/v2\/types\/post"}],"author":[{"embeddable":true,"href":"https:\/\/www.europesays.com\/es\/wp-json\/wp\/v2\/users\/2"}],"replies":[{"embeddable":true,"href":"https:\/\/www.europesays.com\/es\/wp-json\/wp\/v2\/comments?post=195975"}],"version-history":[{"count":0,"href":"https:\/\/www.europesays.com\/es\/wp-json\/wp\/v2\/posts\/195975\/revisions"}],"wp:featuredmedia":[{"embeddable":true,"href":"https:\/\/www.europesays.com\/es\/wp-json\/wp\/v2\/media\/195976"}],"wp:attachment":[{"href":"https:\/\/www.europesays.com\/es\/wp-json\/wp\/v2\/media?parent=195975"}],"wp:term":[{"taxonomy":"category","embeddable":true,"href":"https:\/\/www.europesays.com\/es\/wp-json\/wp\/v2\/categories?post=195975"},{"taxonomy":"post_tag","embeddable":true,"href":"https:\/\/www.europesays.com\/es\/wp-json\/wp\/v2\/tags?post=195975"}],"curies":[{"name":"wp","href":"https:\/\/api.w.org\/{rel}","templated":true}]}}