{"id":195977,"date":"2025-10-23T12:21:26","date_gmt":"2025-10-23T12:21:26","guid":{"rendered":"https:\/\/www.europesays.com\/es\/195977\/"},"modified":"2025-10-23T12:21:26","modified_gmt":"2025-10-23T12:21:26","slug":"raul-de-tomas-el-futbolista-que-apuesta-por-el-toro-con-su-propia-ganaderia","status":"publish","type":"post","link":"https:\/\/www.europesays.com\/es\/195977\/","title":{"rendered":"Ra\u00fal de Tom\u00e1s, el futbolista que apuesta por el toro con su propia ganader\u00eda"},"content":{"rendered":"<p><strong data-start=\"862\" data-end=\"917\"><a title=\"Ra\u00fal de Tom\u00e1s\" href=\"https:\/\/www.larazon.es\/deportes\/laotraliga\/raul-tomas-reaparece_2025021167abae6e0b2ad20001bab8dd.html\" target=\"_blank\" rel=\"nofollow noopener\">Ra\u00fal de Tom\u00e1s<\/a> compagina el f\u00fatbol con la ganader\u00eda.<\/strong> El delantero madrile\u00f1o, actualmente<a title=\" cedido en el Al-Wakrah catar\u00ed tras su salida del Rayo Vallecano\" href=\"https:\/\/www.larazon.es\/deportes\/laotraliga\/rayo-vallecano-cede-raul-tomas_20250720687d3523f4ec026a96b44fab.html\" target=\"_blank\" rel=\"nofollow noopener\"> cedido en el Al-Wakrah catar\u00ed tras su salida del Rayo Vallecano<\/a>, ha oficializado su presencia en el mundo taurino con la compra de una ganader\u00eda de toros de lidia. El hierro Elisa y Mart\u00edn Lucero Gallardo ha pasado a anunciarse como <strong data-start=\"1184\" data-end=\"1208\">Ganader\u00eda de Tom\u00e1s<\/strong>, ya registrada en la Real Uni\u00f3n de Criadores de Toros de Lidia.<\/p>\n<p>La operaci\u00f3n confirma algo que en el entorno taurino ya se sab\u00eda: <strong data-start=\"1340\" data-end=\"1377\"><strong data-start=\"862\" data-end=\"917\"><a title=\"De Tom\u00e1s\" href=\"https:\/\/www.larazon.es\/deportes\/laotraliga\/raul-tomas-reaparece_2025021167abae6e0b2ad20001bab8dd.html\" target=\"_blank\" rel=\"nofollow noopener\">De Tom\u00e1s<\/a><\/strong> no es un aficionado m\u00e1s.<\/strong> Lleva tiempo vinculado al campo bravo en proyectos con ganado de <strong data-start=\"1419\" data-end=\"1469\">Victoriano del R\u00edo, Daniel Ruiz o \u00c1lvaro N\u00fa\u00f1ez<\/strong>, pero hora da un paso m\u00e1s con una iniciativa ganadera propia y con identidad definida.<\/p>\n<p>No es su \u00fanica implicaci\u00f3n en el sector. Desde abril de 2024 ejerce tambi\u00e9n como <strong data-start=\"1677\" data-end=\"1724\">apoderado del novillero Alejandro Chicharro<\/strong>, a quien acompa\u00f1a y asesora. El futbolista participa activamente en su carrera, asumiendo una labor que va m\u00e1s all\u00e1 de lo simb\u00f3lico. Est\u00e1 en el d\u00eda a d\u00eda, toma decisiones y se mueve en los mismos circuitos que los profesionales del toreo.<\/p>\n<p>Este tipo de movimientos no es nuevo. <strong data-start=\"2003\" data-end=\"2136\"><a title=\"Nacho Fern\u00e1ndez\" href=\"https:\/\/www.larazon.es\/cultura\/toros\/nacho-fernandez-podemos-ocultarnos-que-nos-quieren-cancelar_20240601665ab92a8fd5210001099020.html\" target=\"_blank\" rel=\"nofollow noopener\">Nacho Fern\u00e1ndez<\/a>, jugador del Real Madrid, entr\u00f3 en el sector ganadero en 2022 con el 50 % de la ganader\u00eda de Alejandro Talavante.<\/strong><a title=\"De Tom\u00e1s\" href=\"https:\/\/www.larazon.es\/deportes\/laotraliga\/raul-tomas-reaparece_2025021167abae6e0b2ad20001bab8dd.html\" target=\"_blank\" rel=\"nofollow noopener\">De Tom\u00e1s<\/a> sigue esa l\u00ednea, pero con un modelo propio: hierro nuevo, nombre propio y apuesta directa.<\/p>\n<p><strong data-start=\"2238\" data-end=\"2295\">Ganader\u00eda de Tom\u00e1s nace con vocaci\u00f3n de continuidad<\/strong>, no como una operaci\u00f3n medi\u00e1tica ni como capricho. El objetivo es trabajar con seriedad, cuidar la selecci\u00f3n y posicionarse en un sector que exige constancia y criterio. Tendr\u00e1 que ganarse el sitio, como cualquier otro.<\/p>\n<p>Mientras tanto, <strong data-start=\"2533\" data-end=\"2594\"><strong data-start=\"862\" data-end=\"917\"><a title=\"Ra\u00fal de Tom\u00e1s\" href=\"https:\/\/www.larazon.es\/deportes\/laotraliga\/raul-tomas-reaparece_2025021167abae6e0b2ad20001bab8dd.html\" target=\"_blank\" rel=\"nofollow noopener\">Ra\u00fal de Tom\u00e1s<\/a><\/strong> sigue en activo como futbolista profesional<\/strong>, pero ya tiene claro que su futuro tambi\u00e9n pasa por el toro.<\/p>\n","protected":false},"excerpt":{"rendered":"Ra\u00fal de Tom\u00e1s compagina el f\u00fatbol con la ganader\u00eda. El delantero madrile\u00f1o, actualmente cedido en el Al-Wakrah catar\u00ed&hellip;\n","protected":false},"author":2,"featured_media":195978,"comment_status":"","ping_status":"","sticky":false,"template":"","format":"standard","meta":{"footnotes":""},"categories":[277],"tags":[373,168,25,24,23,167,374],"class_list":{"0":"post-195977","1":"post","2":"type-post","3":"status-publish","4":"format-standard","5":"has-post-thumbnail","7":"category-toreo","8":"tag-bullfighting","9":"tag-deportes","10":"tag-es","11":"tag-espana","12":"tag-spain","13":"tag-sports","14":"tag-toreo"},"share_on_mastodon":{"url":"https:\/\/pubeurope.com\/@es\/115423457161576169","error":""},"_links":{"self":[{"href":"https:\/\/www.europesays.com\/es\/wp-json\/wp\/v2\/posts\/195977","targetHints":{"allow":["GET"]}}],"collection":[{"href":"https:\/\/www.europesays.com\/es\/wp-json\/wp\/v2\/posts"}],"about":[{"href":"https:\/\/www.europesays.com\/es\/wp-json\/wp\/v2\/types\/post"}],"author":[{"embeddable":true,"href":"https:\/\/www.europesays.com\/es\/wp-json\/wp\/v2\/users\/2"}],"replies":[{"embeddable":true,"href":"https:\/\/www.europesays.com\/es\/wp-json\/wp\/v2\/comments?post=195977"}],"version-history":[{"count":0,"href":"https:\/\/www.europesays.com\/es\/wp-json\/wp\/v2\/posts\/195977\/revisions"}],"wp:featuredmedia":[{"embeddable":true,"href":"https:\/\/www.europesays.com\/es\/wp-json\/wp\/v2\/media\/195978"}],"wp:attachment":[{"href":"https:\/\/www.europesays.com\/es\/wp-json\/wp\/v2\/media?parent=195977"}],"wp:term":[{"taxonomy":"category","embeddable":true,"href":"https:\/\/www.europesays.com\/es\/wp-json\/wp\/v2\/categories?post=195977"},{"taxonomy":"post_tag","embeddable":true,"href":"https:\/\/www.europesays.com\/es\/wp-json\/wp\/v2\/tags?post=195977"}],"curies":[{"name":"wp","href":"https:\/\/api.w.org\/{rel}","templated":true}]}}