{"id":195981,"date":"2025-10-23T12:23:50","date_gmt":"2025-10-23T12:23:50","guid":{"rendered":"https:\/\/www.europesays.com\/es\/195981\/"},"modified":"2025-10-23T12:23:50","modified_gmt":"2025-10-23T12:23:50","slug":"golf-bonalba-anota-un-hoyo-en-uno-de-sabor-en-menjars-de-la-terra","status":"publish","type":"post","link":"https:\/\/www.europesays.com\/es\/195981\/","title":{"rendered":"Golf Bonalba anota un \u00abhoyo en uno\u00bb de sabor en \u00abMenjars de la Terra\u00bb"},"content":{"rendered":"<p class=\"ft-text\">Cuando un <strong>entorno de excepci\u00f3n<\/strong> se funde con el <strong>buen hacer en los fogones<\/strong>, la <strong>experiencia gastron\u00f3mica<\/strong> se vuelve completa. As\u00ed se vivi\u00f3 ayer en el <a class=\"ft-link ft-link--decoration\" href=\"https:\/\/www.restaurantebonalba.com\/es\/\" rel=\"nofollow noopener\" target=\"_blank\">restaurante Golf Bonalba<\/a>, en <a class=\"ft-link ft-link--decoration\" href=\"https:\/\/turisme.mutxamel.org\/\" rel=\"nofollow noopener\" target=\"_blank\">Mutxamel<\/a>, escenario de la tercera parada de <strong>\u00abMenjars de la Terra\u00bb<\/strong>, iniciativa organizada por <a class=\"ft-link ft-link--decoration\" href=\"https:\/\/www.informacion.es\/\" rel=\"nofollow noopener\" target=\"_blank\">INFORMACI\u00d3N<\/a>, que tiene el firme objetivo de poner el foco la <strong>riqueza culinaria de la terreta<\/strong>. En esta edici\u00f3n, dedicada a la comarca de <strong>l\u2019Alacant\u00ed<\/strong>, el <a class=\"ft-link ft-link--decoration\" href=\"https:\/\/jijona.com\/\" rel=\"nofollow noopener\" target=\"_blank\">turr\u00f3n de Jijona y Alicante IGP<\/a> toma el lugar que le pertenece, reivindicando su papel como <strong>emblema dulce de la provincia<\/strong>.<\/p>\n<p class=\"ft-text\">Si sumas una <strong>ubicaci\u00f3n privilegiada<\/strong>, a un <strong>sal\u00f3n interior amplio con grandes ventanales con vistas al campo de golf<\/strong>, el resultado no puede ser otro: <strong>Golf Bonalba<\/strong> se convirti\u00f3 en un <strong>excelente anfitri\u00f3n<\/strong>, erigi\u00e9ndose como un <strong>enclave culinario de sabores con arraigo<\/strong>. Su propuesta fue un <strong>homenaje al mar<\/strong>, a la <strong>tradici\u00f3n<\/strong> y al <strong>equilibrio entre producto y t\u00e9cnica<\/strong>, demostrando que la <strong>alta gastronom\u00eda<\/strong> tambi\u00e9n puede servirse de las <strong>ra\u00edces de un territorio<\/strong>.<\/p>\n<p>Gastronom\u00eda y ocio<\/p>\n<p class=\"ft-text\">El <strong>restaurante Golf Bonalba<\/strong>, ha sabido crear un <strong>espacio<\/strong> donde la <strong>gastronom\u00eda<\/strong>, la <strong>est\u00e9tica<\/strong> y la <strong>hospitalidad<\/strong> conviven en perfecta armon\u00eda. Su gerente, <strong>Adri\u00e1n Jim\u00e9nez<\/strong>, quis\u00f3 poner en valor la <strong>identidad de este joven proyecto<\/strong>: \u00abNuestra <strong>cocina<\/strong> se basa en <strong>productos 100% mediterr\u00e1neos<\/strong> aplicando, ese <strong>toquecito original<\/strong>, con <strong>personalidad<\/strong> y <strong>diferenciador<\/strong> a un <strong>recetario cl\u00e1sico<\/strong>, a algo <strong>tradicional<\/strong>. En definitiva, es una <strong>vuelta al origen<\/strong>\u00bb.<\/p>\n<p><img decoding=\"async\" src=\"https:\/\/www.europesays.com\/es\/wp-content\/uploads\/2025\/10\/65d6da0c-42e3-413e-a2f5-36b0f2c999b1_alta-libre-aspect-ratio_default_0.jpg\" width=\"1200\" height=\"800\" alt=\"Tosta con mantequilla ahumada y lomo de anchoa.\" class=\"ft-helper-img-rd\" loading=\"lazy\" hasdataaida=\"true\"\/><\/p>\n<p class=\"ft-helper-fontColor-quaternary ft-helper-fontSize-body-S ft-helper-spacer-t-xxs\">Tosta con mantequilla ahumada y lomo de anchoa.  \/ Jose Navarro<\/p>\n<p class=\"ft-text\">Este <strong>restaurante<\/strong> es un <strong>destino<\/strong> pensado no s\u00f3lo para disfrutar de una <strong>experiencia culinaria de altura<\/strong>, sino para que el <strong>ocio<\/strong> sea el <strong>aliado perfecto<\/strong> de una <strong>cita memorable<\/strong>, con su <strong>piscina tropical<\/strong> o el propio <strong>campo de golf<\/strong>. De esta forma, <strong>Jim\u00e9nez<\/strong> adelant\u00f3 adem\u00e1s una de las <strong>grandes novedades<\/strong> que se incluir\u00e1n a la <strong>oferta l\u00fadica<\/strong>: \u00abEn invierno vamos a abrir la <strong>cueva<\/strong> que tenemos junto a la <strong>piscina tropical<\/strong>. La vamos a <strong>climatizar<\/strong> para que se pueda disfrutar <strong>todo el a\u00f1o<\/strong>. Imag\u00ednate celebrar una <strong>comuni\u00f3n<\/strong> y que los ni\u00f1os est\u00e9n <strong>ba\u00f1\u00e1ndose<\/strong> aunque llueva o haga fr\u00edo\u00bb, explic\u00f3.<\/p>\n<p>Cocina mediterr\u00e1nea<\/p>\n<p class=\"ft-text\">La <strong>jornada<\/strong> comenz\u00f3 con un <strong>aperitivo<\/strong> que marc\u00f3 el <strong>tono de la cita<\/strong>: la <strong>lama de hueva de mujol con almendra marcona<\/strong>, una <strong>delicia<\/strong> que resalt\u00f3 la <strong>calidad del producto local<\/strong>, y la <strong>tosta de pan brioche con mantequilla ahumada y lomo de anchoa<\/strong>, uno de los <strong>bocados m\u00e1s celebrados por los comensales<\/strong>, por su <strong>equilibrio entre el punto salino de la anchoa y el ahumado intenso de la cama de mantequilla sobre una tosta esponjosa<\/strong>.<\/p>\n<p><img decoding=\"async\" src=\"https:\/\/www.europesays.com\/es\/wp-content\/uploads\/2025\/10\/7179d769-89f6-48a9-bac5-974c9b1d2c25_alta-libre-aspect-ratio_default_0.jpg\" width=\"1200\" height=\"800\" alt=\"Lama de hueva de Mujol con almendra marcona.\" class=\"ft-helper-img-rd\" loading=\"lazy\" hasdataaida=\"true\"\/><\/p>\n<p class=\"ft-helper-fontColor-quaternary ft-helper-fontSize-body-S ft-helper-spacer-t-xxs\">Lama de hueva de Mujol con almendra marcona.  \/ Jose Navarro<\/p>\n<p class=\"ft-text\">Los <strong>entrantes<\/strong> continuaron manteniendo la <strong>excelencia<\/strong>. El <strong>tomate trinchado de Mutxamel con aguacate, aceitunas verdes y queso de cabra fresco El de Sereix<\/strong> aport\u00f3 <strong>frescura y ligereza<\/strong>, con <strong>productos de proximidad<\/strong>, como el caso del <strong>tomate<\/strong>, un <strong>referente a nivel nacional<\/strong>, y el <strong>queso<\/strong>, una <strong>delicia local<\/strong>. El siguiente <strong>plato<\/strong>, <strong>bimi en tempura con vinagreta de miel y trufa<\/strong>, conquist\u00f3 <strong>paladares<\/strong> por su <strong>combinaci\u00f3n de texturas<\/strong>, con una <strong>tempura perfectamente ejecutada<\/strong>, realizada sobre el <strong>bimi<\/strong>, una <strong>verdura de la familia del brocol\u00ed<\/strong>, que junto al <strong>dulzor de la miel<\/strong> y la <strong>fuerza arom\u00e1tica de la trufa<\/strong>, conformaron un <strong>bocado perfecto<\/strong>.<\/p>\n<p><img decoding=\"async\" src=\"https:\/\/www.europesays.com\/es\/wp-content\/uploads\/2025\/10\/e20da4a4-4ba2-4152-bdb7-9532aa3d5be9_alta-libre-aspect-ratio_default_0.jpg\" width=\"1200\" height=\"800\" alt=\"Tomate de Mutxamel, aguacate y queso El de Sereix.\" class=\"ft-helper-img-rd\" loading=\"lazy\" hasdataaida=\"true\"\/><\/p>\n<p class=\"ft-helper-fontColor-quaternary ft-helper-fontSize-body-S ft-helper-spacer-t-xxs\">Tomate de Mutxamel, aguacate y queso El de Sereix.  \/ Jose Navarro<\/p>\n<p class=\"ft-text\">El <strong>plato principal<\/strong>, un <strong>caldero de pescado de roca acompa\u00f1ado de su arroz a banda<\/strong>, fue el <strong>gran homenaje a la tradici\u00f3n marinera alicantina<\/strong>. El <strong>grano en su punto exacto<\/strong>, con un <strong>gusto a la alturs<\/strong>, que sumado a la <strong>calidad del pescado<\/strong> y la <strong>elegante sabor del caldo<\/strong>, recordaba a las <strong>recetas de siempre<\/strong>, ejecutadas con <strong>t\u00e9cnica y respeto<\/strong>.<\/p>\n<p><img decoding=\"async\" src=\"https:\/\/www.europesays.com\/es\/wp-content\/uploads\/2025\/10\/f5cc9ab9-e111-4821-aa76-94aae45526e3_alta-libre-aspect-ratio_default_0.jpg\" width=\"1200\" height=\"800\" alt=\"Bimi en tempura con vinagreta de miel y trufa.\" class=\"ft-helper-img-rd\" loading=\"lazy\" hasdataaida=\"true\"\/><\/p>\n<p class=\"ft-helper-fontColor-quaternary ft-helper-fontSize-body-S ft-helper-spacer-t-xxs\">Bimi en tempura con vinagreta de miel y trufa.  \/ Jose Navarro<\/p>\n<p class=\"ft-text\">El <strong>desenlace dulce<\/strong> lo puso un <strong>postre memorable<\/strong>: <strong>panettone con helado y crema de turr\u00f3n de Jijona<\/strong>, coronado con <strong>almendras marcona<\/strong>. El <strong>panettone de Ra\u00fal Asencio<\/strong>, esponjoso y con un <strong>sabor a turr\u00f3n inconfundible<\/strong>, se un\u00eda al <strong>toque fresco del helado<\/strong> y al <strong>dulzor de la crema<\/strong>, en un <strong>final perfecto<\/strong> para una <strong>jornada<\/strong> que fue un <strong>deleite para el paladar<\/strong>.<\/p>\n<p><img decoding=\"async\" src=\"https:\/\/www.europesays.com\/es\/wp-content\/uploads\/2025\/10\/eb6f9e04-9b35-4461-aef9-d99ea7cf114e_alta-libre-aspect-ratio_default_0.jpg\" width=\"1200\" height=\"800\" alt=\"Panettone con helado de turr\u00f3n y crema de turr\u00f3n.\" class=\"ft-helper-img-rd\" loading=\"lazy\" hasdataaida=\"true\"\/><\/p>\n<p class=\"ft-helper-fontColor-quaternary ft-helper-fontSize-body-S ft-helper-spacer-t-xxs\">Panettone con helado de turr\u00f3n y crema de turr\u00f3n.  \/ Jose Navarro<\/p>\n<p class=\"ft-text\">Todo ello maridado con los <strong>vinos El Caire Monastrell y Semsum 2 Garnacha Blanca y Monastrell seco<\/strong>, una <strong>selecci\u00f3n<\/strong> que realz\u00f3 cada <strong>bocado<\/strong> con <strong>notas equilibradas y frescas<\/strong>.<\/p>\n<p>Mutxamel, cuna de sabores<\/p>\n<p class=\"ft-text\">Durante la <strong>cita<\/strong>, <strong>Jos\u00e9 \u00c1ngel P\u00e9rez<\/strong>, concejal de <strong>Deportes, Participaci\u00f3n Ciudadana y Sanidad de Mutxamel<\/strong>, quiso poner en valor la <strong>importancia de estas jornadas<\/strong>: \u00abCreo que es fabuloso, una <strong>iniciativa<\/strong> que nos diferencia y que resalta lo mejor de cada <strong>municipio de la comarca<\/strong>\u00bb. El <strong>concejal<\/strong> tambi\u00e9n quiso destacar todo el <strong>patrimonio gastron\u00f3mico<\/strong> con el <strong>Mutxamel<\/strong> ha conseguido consolidarse como un <strong>referente<\/strong>: \u00abLa <strong>gastronom\u00eda de Mutxamel<\/strong> cada vez est\u00e1 llegando a m\u00e1s lugares, no solo en <strong>Espa\u00f1a<\/strong>, sino en el <strong>mundo<\/strong>. Aqu\u00ed, como sab\u00e9is, el <strong>tomate<\/strong> es muy famoso. Tenemos unos <strong>quesos<\/strong> tambi\u00e9n fabulosos\u00bb.<\/p>\n<p><img decoding=\"async\" src=\"https:\/\/www.europesays.com\/es\/wp-content\/uploads\/2025\/10\/26f8b66b-1c6d-4ec3-a67c-e889a78bc6b5_alta-libre-aspect-ratio_default_0.jpg\" width=\"1200\" height=\"800\" alt=\"El caldero de pescado de roca acompa\u00f1ado de su arroz a banda, encanto a los comensales por su intensidad y matices  de sabor, junto a  la perfecta ejecuci\u00f3n del punto del arroz.\" class=\"ft-helper-img-rd\" loading=\"lazy\" hasdataaida=\"true\"\/><\/p>\n<p class=\"ft-helper-fontColor-quaternary ft-helper-fontSize-body-S ft-helper-spacer-t-xxs\">El caldero de pescado de roca acompa\u00f1ado de su arroz a banda, encanto a los comensales por su intensidad y matices de sabor, junto a la perfecta ejecuci\u00f3n del punto del arroz.  \/ Jose Navarro<\/p>\n<p class=\"ft-text\"><a class=\"ft-link ft-link--decoration\" href=\"https:\/\/www.informacion.es\/ocio\/gastronomia\/menjars-de-la-terra\/\" rel=\"nofollow noopener\" target=\"_blank\">\u00abMenjars de la Terra\u00bb<\/a> continuar\u00e1 hoy su <strong>recorrido por la comarca de l\u2019Alacant\u00ed<\/strong>. La siguiente <strong>cita gastron\u00f3mica<\/strong> ser\u00e1 en el <strong>restaurante Casino Cultural<\/strong>, en <a class=\"ft-link ft-link--decoration\" href=\"https:\/\/www.xixona.es\/areas\/turismo\/\" rel=\"nofollow noopener\" target=\"_blank\">Xixona<\/a>, donde el <strong>buen hacer culinario<\/strong> y la <strong>pasi\u00f3n por la cocina<\/strong> que identifica la <strong>comarca<\/strong>, prometen ser los <strong>protagonistas de los fogones del restaurante<\/strong>. \u00a1<strong>Buen provecho<\/strong>!<\/p>\n<p>El men\u00fa de hoyCasino Cultural (Xixona)<strong>Entrantes<\/strong>:<\/p>\n<p class=\"ft-text\">-Patatas snack<\/p>\n<p class=\"ft-text\">-Almendra marcona terreno<\/p>\n<p class=\"ft-text\">-Aceitunas<\/p>\n<p class=\"ft-text\">-Ensalada alicantina (tomate, mojama, hueva, bonito)<\/p>\n<p class=\"ft-text\">-Croquetas de jam\u00f3n ib\u00e9rico caseras<\/p>\n<p class=\"ft-text\">-Calabacin con rulo de cabra y turr\u00f3n de Jijona<\/p>\n<p class=\"ft-text\">-Quisquillas de Santa Pola<\/p>\n<p>Plato principal:<\/p>\n<p class=\"ft-text\">-Giraboix t\u00edpico de Xixona (plato de sopa y plato de Aixetat)<\/p>\n<p>Postre:<\/p>\n<p class=\"ft-text\">-Helado de turr\u00f3n sobre praline de almendra<\/p>\n<p>Bodega:<\/p>\n<p class=\"ft-text\">-Bodegas MGW: Vino blanco Semsum 2 (Moscatel y Macabeo)<\/p>\n<p class=\"ft-text\">-Vino tinto borrasca (Monastrell 100%)<\/p>\n<p class=\"ft-text\">PRECIO POR PERSONA: 43 \u20ac<\/p>\n<p class=\"ft-text\">(IVA incluido)<\/p>\n<p class=\"ft-text\"><strong>Reservas<\/strong>: 965 610 085<\/p>\n","protected":false},"excerpt":{"rendered":"Cuando un entorno de excepci\u00f3n se funde con el buen hacer en los fogones, la experiencia gastron\u00f3mica se&hellip;\n","protected":false},"author":2,"featured_media":195982,"comment_status":"","ping_status":"","sticky":false,"template":"","format":"standard","meta":{"footnotes":""},"categories":[275],"tags":[12393,54426,168,25,24,4475,329,27817,54427,3403,20303,23,167,54428],"class_list":{"0":"post-195981","1":"post","2":"type-post","3":"status-publish","4":"format-standard","5":"has-post-thumbnail","7":"category-golf","8":"tag-anota","9":"tag-bonalba","10":"tag-deportes","11":"tag-es","12":"tag-espana","13":"tag-gastronomia","14":"tag-golf","15":"tag-hoyo","16":"tag-menjars-de-la-terra","17":"tag-navarro","18":"tag-sabor","19":"tag-spain","20":"tag-sports","21":"tag-turron-de-jijona"},"share_on_mastodon":{"url":"https:\/\/pubeurope.com\/@es\/115423470326038541","error":""},"_links":{"self":[{"href":"https:\/\/www.europesays.com\/es\/wp-json\/wp\/v2\/posts\/195981","targetHints":{"allow":["GET"]}}],"collection":[{"href":"https:\/\/www.europesays.com\/es\/wp-json\/wp\/v2\/posts"}],"about":[{"href":"https:\/\/www.europesays.com\/es\/wp-json\/wp\/v2\/types\/post"}],"author":[{"embeddable":true,"href":"https:\/\/www.europesays.com\/es\/wp-json\/wp\/v2\/users\/2"}],"replies":[{"embeddable":true,"href":"https:\/\/www.europesays.com\/es\/wp-json\/wp\/v2\/comments?post=195981"}],"version-history":[{"count":0,"href":"https:\/\/www.europesays.com\/es\/wp-json\/wp\/v2\/posts\/195981\/revisions"}],"wp:featuredmedia":[{"embeddable":true,"href":"https:\/\/www.europesays.com\/es\/wp-json\/wp\/v2\/media\/195982"}],"wp:attachment":[{"href":"https:\/\/www.europesays.com\/es\/wp-json\/wp\/v2\/media?parent=195981"}],"wp:term":[{"taxonomy":"category","embeddable":true,"href":"https:\/\/www.europesays.com\/es\/wp-json\/wp\/v2\/categories?post=195981"},{"taxonomy":"post_tag","embeddable":true,"href":"https:\/\/www.europesays.com\/es\/wp-json\/wp\/v2\/tags?post=195981"}],"curies":[{"name":"wp","href":"https:\/\/api.w.org\/{rel}","templated":true}]}}