{"id":195983,"date":"2025-10-23T12:25:08","date_gmt":"2025-10-23T12:25:08","guid":{"rendered":"https:\/\/www.europesays.com\/es\/195983\/"},"modified":"2025-10-23T12:25:08","modified_gmt":"2025-10-23T12:25:08","slug":"serena-williams-anima-los-premios-princesa-de-asturias-bailando-con-los-gaiteros","status":"publish","type":"post","link":"https:\/\/www.europesays.com\/es\/195983\/","title":{"rendered":"Serena Williams anima los premios Princesa de Asturias bailando con los gaiteros"},"content":{"rendered":"<p class=\"c-paragraph\">Los reyes, la princesa Leonor y la infanta Sof\u00eda comienzan este jueves en Oviedo los actos relacionados con la entrega de los Premios Princesa de Asturias 2025, el primero de ellos el tradicional concierto de la v\u00edspera de la ceremonia que reconocer\u00e1 a figuras, entre muchos, como<b> Serena Williams (Deportes), Mario Draghi (Cooperaci\u00f3n) y Eduardo Mendoza (Letras).\u00a0<\/b><\/p>\n<p class=\"c-paragraph\">Serena Williams, una de las mejores tenistas de todos los tiempos, ya ha llegado a Oviedo, capital de la cultura y de las ciencias durante dos d\u00edas. La deportista ha protagonizado una divertida an\u00e9cdota cuando se ha puesto <b>a bailar al escuchar las gaitas,<\/b> que acompa\u00f1an por toda la ciudad la llegada o el paso de los galardonados.<\/p>\n<p class=\"c-paragraph\">El Auditorio Pr\u00edncipe Felipe de Oviedo acoger\u00e1 este jueves por la tarde el XXXIII Concierto Premios Princesa de Asturias que, bajo el t\u00edtulo Brahms y Dvo\u0159\u00e1k. Grandes maestros del siglo XIX,\u00a0\u00a0interpretar\u00e1n la <b>orquesta Oviedo Filarmon\u00eda y el Coro de la Fundaci\u00f3n, dirigidos por Lucas Mac\u00edas.<\/b>\u00a0<\/p>\n<p class=\"c-paragraph\">Ser\u00e1 el primero de los actos que protagonizar\u00e1n estos d\u00edas en Oviedo los reyes, la princesa Leonor y la infanta Sof\u00eda, que se han reunido con sus padres desde sus respectivos destinos, la Academia General del Aire de San Javier, en <b>Murcia, y el centro universitario Forward College, en Lisboa.\u00a0<\/b><\/p>\n<p class=\"c-paragraph\"><b>Los de este a\u00f1o son los s\u00e9ptimos premios de Leonor de Borb\u00f3n<\/b>, quien se estren\u00f3 en 2019 con 13 a\u00f1os -a pocos d\u00edas de cumplir 14-, la misma edad con la que lo hizo su padre, y un a\u00f1o despu\u00e9s de su primera visita oficial al Principado. Fue tras la proclamaci\u00f3n como rey de Espa\u00f1a el 19 de junio de 2014 de Felipe VI cuando la princesa pas\u00f3 a ostentar la presidencia de honor de esta instituci\u00f3n que convoca anualmente los Premios Princesa de Asturias, destinados a galardonar la labor cient\u00edfica, t\u00e9cnica, cultural, social y humanitaria realizada por personas, instituciones, grupos de personas o de instituciones en el \u00e1mbito internacional.\u00a0<\/p>\n<p class=\"c-paragraph\">Ya el viernes por la ma\u00f1ana, <b>los reyes y sus hijas recibir\u00e1n en audiencia a los galardonados con los Premios Fin de Grado 2024<\/b> de la Universidad de Oviedo, a los distinguidos con las Medallas de Asturias 2025 y a los reconocidos como Hijo Predilecto e Hijos Adoptivos 2025.\u00a0<\/p>\n<p class=\"c-paragraph\">Esta edici\u00f3n distinguir\u00e1 a Byung-Chul Han, Premio Princesa de Asturias de Comunicaci\u00f3n y Humanidades; Eduardo Mendoza, de las Letras; Douglas Massey, de Ciencias Sociales; <b>Graciela Iturbide, de las Artes; Serena Williams, de los Deportes; al Museo Nacional de Antropolog\u00eda de M\u00e9xico, de la Concordia<\/b>; Mary-Claire King, de Investigaci\u00f3n Cient\u00edfica y T\u00e9cnica; y Mario Draghi, de Cooperaci\u00f3n Internacional.\u00a0<\/p>\n<p class=\"c-paragraph\">El s\u00e1bado, los reyes, la princesa y la infanta se trasladar\u00e1n a Valdesoto, en el concejo de Siero, para hacer entrega del Premio al Pueblo Ejemplar de Asturias 2025. Ser\u00e1 en esta visita cuando la <b>princesa de Asturias d\u00e9 un paso m\u00e1s en su creciente protagonismo como heredera de la Corona, al pronunciar el \u00fanico discurso<\/b> tras la entrega del reconocimiento al pueblo ejemplar sin que lo haga tambi\u00e9n el rey, como ha sido hasta ahora<\/p>\n","protected":false},"excerpt":{"rendered":"Los reyes, la princesa Leonor y la infanta Sof\u00eda comienzan este jueves en Oviedo los actos relacionados con&hellip;\n","protected":false},"author":2,"featured_media":195984,"comment_status":"","ping_status":"","sticky":false,"template":"","format":"standard","meta":{"footnotes":""},"categories":[274],"tags":[12097,168,25,24,4417,843,54090,23,167,327,326,308],"class_list":{"0":"post-195983","1":"post","2":"type-post","3":"status-publish","4":"format-standard","5":"has-post-thumbnail","7":"category-tenis","8":"tag-anima","9":"tag-deportes","10":"tag-es","11":"tag-espana","12":"tag-los","13":"tag-premio","14":"tag-serena","15":"tag-spain","16":"tag-sports","17":"tag-tenis","18":"tag-tennis","19":"tag-williams"},"share_on_mastodon":{"url":"https:\/\/pubeurope.com\/@es\/115423472776372539","error":""},"_links":{"self":[{"href":"https:\/\/www.europesays.com\/es\/wp-json\/wp\/v2\/posts\/195983","targetHints":{"allow":["GET"]}}],"collection":[{"href":"https:\/\/www.europesays.com\/es\/wp-json\/wp\/v2\/posts"}],"about":[{"href":"https:\/\/www.europesays.com\/es\/wp-json\/wp\/v2\/types\/post"}],"author":[{"embeddable":true,"href":"https:\/\/www.europesays.com\/es\/wp-json\/wp\/v2\/users\/2"}],"replies":[{"embeddable":true,"href":"https:\/\/www.europesays.com\/es\/wp-json\/wp\/v2\/comments?post=195983"}],"version-history":[{"count":0,"href":"https:\/\/www.europesays.com\/es\/wp-json\/wp\/v2\/posts\/195983\/revisions"}],"wp:featuredmedia":[{"embeddable":true,"href":"https:\/\/www.europesays.com\/es\/wp-json\/wp\/v2\/media\/195984"}],"wp:attachment":[{"href":"https:\/\/www.europesays.com\/es\/wp-json\/wp\/v2\/media?parent=195983"}],"wp:term":[{"taxonomy":"category","embeddable":true,"href":"https:\/\/www.europesays.com\/es\/wp-json\/wp\/v2\/categories?post=195983"},{"taxonomy":"post_tag","embeddable":true,"href":"https:\/\/www.europesays.com\/es\/wp-json\/wp\/v2\/tags?post=195983"}],"curies":[{"name":"wp","href":"https:\/\/api.w.org\/{rel}","templated":true}]}}