{"id":195997,"date":"2025-10-23T12:33:06","date_gmt":"2025-10-23T12:33:06","guid":{"rendered":"https:\/\/www.europesays.com\/es\/195997\/"},"modified":"2025-10-23T12:33:06","modified_gmt":"2025-10-23T12:33:06","slug":"todos-los-secretos-de-las-capillas-y-las-reliquias-de-la-catedral-de-malaga-en-un-libro-como-fabricar-tinta-y-cocinar-perdices","status":"publish","type":"post","link":"https:\/\/www.europesays.com\/es\/195997\/","title":{"rendered":"Todos los secretos de las capillas y las reliquias de la Catedral de M\u00e1laga en un libro: c\u00f3mo fabricar tinta y cocinar perdices"},"content":{"rendered":"<p>Si hay alguien para el que la Catedral de M\u00e1laga no tiene secretos, ese es Alberto Palomo Cruz. Tras casi cuarenta a\u00f1os trabajando en el  &#8230; primer templo de la di\u00f3cesis, compaginando labores de archivero y sacrist\u00e1n, este jueves presenta un libro de 250 p\u00e1ginas en el que ha recogido toda la historia de las capillas de la bas\u00edlica y algunas de las curiosidades menos conocidas para el gran p\u00fablico.<\/p>\n<p class=\"v-p\">&#8216;Recintos con historia: aportaciones documentales y curiosidades sobre las devociones y capillas de la Catedral de M\u00e1laga&#8217; es el t\u00edtulo de una publicaci\u00f3n editada por el Centro de Ediciones de la Diputaci\u00f3n Provincial y que ver\u00e1 la luz en la tarde de este jueves, en un acto previsto para las 19 horas en el coro catedralicio.<\/p>\n<p class=\"v-p\">El libro es el resultado de muchos a\u00f1os de investigaci\u00f3n y clasificaci\u00f3n de los fondos documentales de la Catedral. \u00abTendemos a considerar a las catedrales como edificios unitarios, pero en el pasado eran un conglomerado de capillas que, en la pr\u00e1ctica, eran como peque\u00f1as iglesias independientes con costumbres, culto, capellanes y sacristanes propios, como fueron los casos de las capillas de la Virgen de los Reyes y de Santa B\u00e1rbara en nuestra Catedral\u00bb, relata Palomo.<\/p>\n<p>Reliquias<\/p>\n<p class=\"v-p\">Adem\u00e1s de la historia de todas las capillas, la publicaci\u00f3n tambi\u00e9n hace un exhaustivo repaso a las reliquias que atesora la Catedral, una colecci\u00f3n que abarca desde una redoma de la \u00e9poca romana con la sangre de Santa Justina, hasta una part\u00edcula \u00f3sea del beato fray Leopoldo de Alpandeire, donada recientemente.<\/p>\n<p class=\"v-p\">Los \u00faltimos cap\u00edtulos abordan las personas que se encontraban al cargo de estos recintos y que dejaron por escrito rese\u00f1as no solo para proveerse de tinta de elaboraci\u00f3n propia para utilizar en sus libros, sino tambi\u00e9n recetas de medicamentos y hasta recetas culinarias. \u00abNada de extra\u00f1o, porque predicadores y prebendados cobraban muchas veces en especie, d\u00e1ndose el caso de que los capellanes que atend\u00edan la capilla de Santa B\u00e1rbara recib\u00edan anualmente, por la fiesta de la titular, unas docenas de perdices que preparaban seg\u00fan las recetas que se cuidaron de registrar cuidadosamente en sus libros\u00bb, apunta el historiador.<\/p>\n<p class=\"v-p\">La presentaci\u00f3n del libro se abrir\u00e1 con un concierto del organista Antonio del Pino, y la bienvenida del de\u00e1n, Jos\u00e9 Ferrary. Por parte de la Diputaci\u00f3n asistir\u00e1 la vicepresidenta cuarta, Francisca Caracuel. Esta publicaci\u00f3n ha contado con la maquetaci\u00f3n de Manuel Jes\u00fas Ben\u00edtez Alba y las tareas de correcci\u00f3n a cargo de Alejandra Garc\u00eda L\u00f3pez. Susana Rodr\u00edguez de Tembleque Garc\u00eda, responsable del archivo de la Catedral, firma el pr\u00f3logo, y las ilustraciones son en su mayor parte de Rafael Rodr\u00edguez Puente.<\/p>\n","protected":false},"excerpt":{"rendered":"Si hay alguien para el que la Catedral de M\u00e1laga no tiene secretos, ese es Alberto Palomo Cruz.&hellip;\n","protected":false},"author":2,"featured_media":195998,"comment_status":"","ping_status":"","sticky":false,"template":"","format":"standard","meta":{"footnotes":""},"categories":[172],"tags":[224,18019,21863,48064,146,147,25,24,11133,1496,225,3855,54433,54431,8316,23,54432],"class_list":{"0":"post-195997","1":"post","2":"type-post","3":"status-publish","4":"format-standard","5":"has-post-thumbnail","7":"category-libros","8":"tag-books","9":"tag-capillas","10":"tag-catedral","11":"tag-cocinar","12":"tag-entertainment","13":"tag-entretenimiento","14":"tag-es","15":"tag-espana","16":"tag-fabricar","17":"tag-libro","18":"tag-libros","19":"tag-malaga","20":"tag-perdices","21":"tag-reliquias","22":"tag-secretos","23":"tag-spain","24":"tag-tinta"},"share_on_mastodon":{"url":"https:\/\/pubeurope.com\/@es\/115423504313911360","error":""},"_links":{"self":[{"href":"https:\/\/www.europesays.com\/es\/wp-json\/wp\/v2\/posts\/195997","targetHints":{"allow":["GET"]}}],"collection":[{"href":"https:\/\/www.europesays.com\/es\/wp-json\/wp\/v2\/posts"}],"about":[{"href":"https:\/\/www.europesays.com\/es\/wp-json\/wp\/v2\/types\/post"}],"author":[{"embeddable":true,"href":"https:\/\/www.europesays.com\/es\/wp-json\/wp\/v2\/users\/2"}],"replies":[{"embeddable":true,"href":"https:\/\/www.europesays.com\/es\/wp-json\/wp\/v2\/comments?post=195997"}],"version-history":[{"count":0,"href":"https:\/\/www.europesays.com\/es\/wp-json\/wp\/v2\/posts\/195997\/revisions"}],"wp:featuredmedia":[{"embeddable":true,"href":"https:\/\/www.europesays.com\/es\/wp-json\/wp\/v2\/media\/195998"}],"wp:attachment":[{"href":"https:\/\/www.europesays.com\/es\/wp-json\/wp\/v2\/media?parent=195997"}],"wp:term":[{"taxonomy":"category","embeddable":true,"href":"https:\/\/www.europesays.com\/es\/wp-json\/wp\/v2\/categories?post=195997"},{"taxonomy":"post_tag","embeddable":true,"href":"https:\/\/www.europesays.com\/es\/wp-json\/wp\/v2\/tags?post=195997"}],"curies":[{"name":"wp","href":"https:\/\/api.w.org\/{rel}","templated":true}]}}