{"id":195999,"date":"2025-10-23T12:34:09","date_gmt":"2025-10-23T12:34:09","guid":{"rendered":"https:\/\/www.europesays.com\/es\/195999\/"},"modified":"2025-10-23T12:34:09","modified_gmt":"2025-10-23T12:34:09","slug":"luis-zahera-anuncia-un-casting-de-ovejas","status":"publish","type":"post","link":"https:\/\/www.europesays.com\/es\/195999\/","title":{"rendered":"Luis Zahera anuncia un &#8216;casting de ovejas&#8217;"},"content":{"rendered":"<p class=\"c-paragraph\">Tras los pasos de Entrev\u00edas, Aitor Gabilondo ha creado para <b>Netflix <\/b>la serie <b><a href=\"https:\/\/www.20minutos.es\/cinemania\/series\/animal-serie-netflix-luis-zahera-entrevias_6239405_0.html\" rel=\"nofollow noopener\" target=\"_blank\">Animal<\/a><\/b>, protagonizada por <b>Luis Zahera <\/b>(As bestas) y\u00a0<b>Luc\u00eda Caraballo<\/b> (No me gusta conducir). La nueva ficci\u00f3n llegaba el pasado 3 de octubre y, desde entonces, sus cifras no han hecho m\u00e1s que encumbrarla al <b>primer puesto del ranking de visualizaciones<\/b> del gigante rojo del streaming en todo el mundo.\u00a0<\/p>\n<p class=\"c-paragraph\">Animal ha alcanzado el <b><a href=\"https:\/\/flixpatrol.com\/title\/no-one-saw-us-leave\/\" rel=\"nofollow noreferrer noopener\" target=\"_blank\">primer puesto<\/a> <\/b>en <b>Argentina, Brasil, Chile, Colombia, Francia, Grecia, Italia, Polonia o Uruguay, <\/b>entre otros territorios. Tal ha sido su \u00e9xito que Netflix ya ha dado\u00a0<b>luz verde a una segunda temporada,<\/b> como informaba hoy mismo en un comunicado.\u00a0<\/p>\n<p class=\"c-paragraph\">El anuncio llegaba junto a un v\u00eddeo en el que vemos a sus protagonistas realizando <b>un casting de ovejas,<\/b>\u00a0aprovechando la Fiesta de la Trashumancia de Madrid en la que numerosos animales recorr\u00edan estos d\u00edas las calles de la capital.\u00a0<\/p>\n<p class=\"c-paragraph\">\u00abEn la segunda temporada de\u00a0Animal, volvemos a sumergirnos en el fascinante v\u00ednculo entre animales y humanos de la mano de Ant\u00f3n y Ux\u00eda.\u00a0<b><b>No faltan a la cita Kawanda &#8211; con sus kawanditos y sus frases de taza &#8211; ni el retrato de un mundo rural en lucha constante por sobrevivir.<\/b><\/b>\u00a0En resumen: m\u00e1s peluditos, m\u00e1s granjas, m\u00e1s Ant\u00f3n y Ux\u00eda y, por supuesto, m\u00e1s comedia\u00bb, explica\u00a0Jota Aceytuno, productor ejecutivo en Alea, productora detr\u00e1s de la serie.\u00a0<\/p>\n<p class=\"c-paragraph\">Animal\u00a0se centra en Ant\u00f3n (Luis Zahera), un\u00a0<b><b>veterinario de la Galicia m\u00e1s rural<\/b><\/b>\u00a0que se queda sin clientes poco a poco debido a que la\u00a0<b><b>crisis que vive el mundo del campo<\/b><\/b>\u00a0en esta parte de Espa\u00f1a, por lo que ya no pueden pagarle. De esta manera, se ve\u00a0<b><b>obligado a aceptar un trabajo<\/b><\/b>\u00a0que, a pesar de estar dentro de su campo de conocimiento, es muy distinto al que hab\u00eda realizado hasta ahora.<\/p>\n","protected":false},"excerpt":{"rendered":"Tras los pasos de Entrev\u00edas, Aitor Gabilondo ha creado para Netflix la serie Animal, protagonizada por Luis Zahera&hellip;\n","protected":false},"author":2,"featured_media":196000,"comment_status":"","ping_status":"","sticky":false,"template":"","format":"standard","meta":{"footnotes":""},"categories":[171],"tags":[146,147,25,24,152,5043,6656,3745,23,214,20877],"class_list":{"0":"post-195999","1":"post","2":"type-post","3":"status-publish","4":"format-standard","5":"has-post-thumbnail","7":"category-tv","8":"tag-entertainment","9":"tag-entretenimiento","10":"tag-es","11":"tag-espana","12":"tag-netflix","13":"tag-por","14":"tag-renueva","15":"tag-segunda","16":"tag-spain","17":"tag-tv","18":"tag-una"},"share_on_mastodon":{"url":"https:\/\/pubeurope.com\/@es\/115423508243890027","error":""},"_links":{"self":[{"href":"https:\/\/www.europesays.com\/es\/wp-json\/wp\/v2\/posts\/195999","targetHints":{"allow":["GET"]}}],"collection":[{"href":"https:\/\/www.europesays.com\/es\/wp-json\/wp\/v2\/posts"}],"about":[{"href":"https:\/\/www.europesays.com\/es\/wp-json\/wp\/v2\/types\/post"}],"author":[{"embeddable":true,"href":"https:\/\/www.europesays.com\/es\/wp-json\/wp\/v2\/users\/2"}],"replies":[{"embeddable":true,"href":"https:\/\/www.europesays.com\/es\/wp-json\/wp\/v2\/comments?post=195999"}],"version-history":[{"count":0,"href":"https:\/\/www.europesays.com\/es\/wp-json\/wp\/v2\/posts\/195999\/revisions"}],"wp:featuredmedia":[{"embeddable":true,"href":"https:\/\/www.europesays.com\/es\/wp-json\/wp\/v2\/media\/196000"}],"wp:attachment":[{"href":"https:\/\/www.europesays.com\/es\/wp-json\/wp\/v2\/media?parent=195999"}],"wp:term":[{"taxonomy":"category","embeddable":true,"href":"https:\/\/www.europesays.com\/es\/wp-json\/wp\/v2\/categories?post=195999"},{"taxonomy":"post_tag","embeddable":true,"href":"https:\/\/www.europesays.com\/es\/wp-json\/wp\/v2\/tags?post=195999"}],"curies":[{"name":"wp","href":"https:\/\/api.w.org\/{rel}","templated":true}]}}