{"id":196021,"date":"2025-10-23T12:47:10","date_gmt":"2025-10-23T12:47:10","guid":{"rendered":"https:\/\/www.europesays.com\/es\/196021\/"},"modified":"2025-10-23T12:47:10","modified_gmt":"2025-10-23T12:47:10","slug":"ayuso-ficha-al-campeon-de-la-ufc-ilia-topuria-para-machacar-al-acoso-escolar","status":"publish","type":"post","link":"https:\/\/www.europesays.com\/es\/196021\/","title":{"rendered":"Ayuso ficha al campe\u00f3n de la UFC Ilia Topuria para &#8216;machacar&#8217; al acoso escolar"},"content":{"rendered":"<p><strong>Ilia Topuria, <\/strong>el flamante campe\u00f3n de la UFC en el peso ligero, lleva muchas peleas a sus espaldas. Pero a\u00fan le queda una m\u00e1s. Ser\u00e1 la m\u00e1s solidaria y emp\u00e1tica. El hispano-georgiano<strong> le planta ahora cara al acoso escolar y al consumo de drogas en la Comunidad de Madrid.<\/strong><\/p>\n<p>El peleador ser\u00e1 el ejemplo m\u00e1s<strong> \u00abaltruista y desinteresado\u00bb <\/strong>en la regi\u00f3n para concienciar a los j\u00f3venes contra los efectos perversos de las drogas y el acoso escolar, tras ser requerido por la presidenta de la Comunidad de Madrid,<strong> Isabel D\u00edaz Ayuso.<\/strong><\/p>\n<p>Topuria ser\u00e1 as\u00ed <strong>el \u00abalma\u00bb del protocolo que pondr\u00e1 en marcha la Comunidad de Madrid para \u00abayudar a todos aquellos que est\u00e1n en situaciones muy complicadas\u201d.<\/strong> Los motivos de la elecci\u00f3n: <a href=\"https:\/\/noticiasparamunicipios.com\/comunidad-madrid\/topuria-gran-cruz-orden-2-mayo-ayuso\/\" rel=\"nofollow noopener\" target=\"_blank\">el deportista espa\u00f1ol encarna los valores del \u00ab<strong>esfuerzo, superaci\u00f3n y lucha\u00bb <\/strong>y, por este motivo la Comunidad de Madrid le concedi\u00f3 este a\u00f1o la Gran Cruz de la Orden del Dos de Mayo,<\/a> el m\u00e1ximo reconocimiento del Gobierno regional.<\/p>\n<blockquote class=\"wp-block-quote is-layout-flow wp-block-quote-is-layout-flow\"><p>\n\u00abTopuria encarna los valores del <strong>esfuerzo, superaci\u00f3n y lucha<\/strong>, ser\u00e1 el alma del proyecto\u00bb<\/p>\n<p>Isabel D\u00edaz Ayuso, presidenta de la Comunidad de Madrid<\/p>\n<\/blockquote>\n<p>Toupuria dar\u00e1 charlas por institutos<\/p>\n<p>El protocolo incluye, entre otras acciones, la participaci\u00f3n del campe\u00f3n de la <strong>Ultimate Fighting Championship (UFC) <\/strong>en encuentros y <strong>charlas motivacionales en<br \/>colegios e institutos p\u00fablicos,<\/strong> en las que compartir\u00e1 sus experiencias personales de superaci\u00f3n, disciplina y vida saludable. Tambi\u00e9n<strong> visitar\u00e1 centros gestionados<br \/>por la Agencia para la Reeducaci\u00f3n y Reinserci\u00f3n del Menor Infractor <\/strong>y j\u00f3venes en grave riesgo de exclusi\u00f3n social.<\/p>\n<p><img loading=\"lazy\" data-recalc-dims=\"1\" decoding=\"async\" width=\"275\" height=\"183\" src=\"https:\/\/www.europesays.com\/es\/wp-content\/uploads\/2025\/10\/Topuria-2.jpeg\" alt=\"Topuria y Ayuso\" class=\"wp-image-519775\"  \/>Topuria y Ayuso en la firma del protocolo (Foto: Ep)<\/p>\n<p>Adem\u00e1s, el deportista espa\u00f1ol de origen georgiano <strong>participar\u00e1 en campa\u00f1as informativas del Gobierno auton\u00f3mico en medios de comunicaci\u00f3n y redes sociales, as\u00ed como contenidos audiovisuales, podcasts y entrevistas<\/strong> previstas por el Ejecutivo auton\u00f3mico en su Plan Regional Contra las Drogas 2024\/27, que emplear\u00e1n un lenguaje sencillo y directo. <\/p>\n<p>\u00abNo hay una adicci\u00f3n buena, todo lo que se convierte en una adicci\u00f3n no lo es. <strong>Pero las drogas son la peor de todas las adicciones\u00bb, <\/strong>ha alertado D\u00edaz Ayuso.<\/p>\n<p>El luchador, ovacionado por los ni\u00f1os presentes en el acto en el instituto madrile\u00f1o donde se ha firmado el protocolo, ha se\u00f1alado que el consumo de drogas y el acoso escolar es <strong>\u00abun problema que afecta a todos\u00bb.<\/strong> <\/p>\n<p>El campe\u00f3n sufri\u00f3 bullying<\/p>\n<p>\u00abCuando iba al colegio <strong>yo sufr\u00ed bullying,<\/strong> en los recreos me quer\u00edan quitar el dinero, las prendas, me sent\u00eda solo,<strong> hasta que encontr\u00e9 el valor para enfrentar la situaci\u00f3n y poner orden\u00bb, <\/strong>ha relatado.<\/p>\n<blockquote class=\"wp-block-quote is-layout-flow wp-block-quote-is-layout-flow\"><p>\n<strong>\u00abCuando iba al colegio <strong>yo sufr\u00ed bullying.<\/strong> Tambi\u00e9n sent\u00ed mucho miedo, pero hay que enfrentarlo, nos ponemos en muchas situaciones en las que la mente se pone en contra\u00bb<\/strong><\/p>\n<p>Ilia Topuria<\/p>\n<\/blockquote>\n<p><strong>\u00abTambi\u00e9n sent\u00ed mucho miedo, pero hay que enfrentarlo, nos ponemos en muchas situaciones en las que la mente se pone en contra. Lo importante es no callarse\u00bb, <\/strong>ha dicho a los j\u00f3venes. Ahora, tras firman este protocolo contra las drogas y el acoso, cree que es <strong>\u00abuna oportunidad y una responsabilidad, porque uno cuando accede a ser imagen de este tipo de adiciones no puede ser pasivo\u00bb. <\/strong>\u00abHay que ser consecuente, consciente de que esta imagen p\u00fablica le sirve a mucha gente\u00bb, ha comentado.<\/p>\n<p>El hispano-georgiano<strong> ha narrado sus inicios \u00abhumildes\u00bb, <\/strong>en un barrio en el que hab\u00eda dos opciones: \u00abestudiar y trabajar o tirar por las drogas o el alcohol\u00bb.<\/p>\n<p>Tentado por las drogas<\/p>\n<p><strong>\u00abYo estuve tentado, pero mis sue\u00f1os pesaban mucho m\u00e1s. El punto de inflexi\u00f3n siempre fue el deporte, porque me dio lecciones y valores <\/strong>que no iba a aprender en otro sitio. Las drogas son la salida f\u00e1cil, la tentaci\u00f3n que te muestra la mejor cara, pero llega un momento en el que deja de funcionar y no hay vuelta atr\u00e1s\u00bb, ha sentenciado.<\/p>\n<p><strong>\u00abEstamos muy expuestos, nos aterroriza el qu\u00e9 dir\u00e1n de nosotros, pero somos mucho m\u00e1s fuertes y no estamos solos.<\/strong> Y esto empieza por la educaci\u00f3n en casa. Tenemos las responsabilidad de que sean mejores personas para hacer un mundo mejor, es un objetivo b\u00e1sico. Y tambi\u00e9n es una responsabilidad de las administraciones p\u00fablicas. Con la ayuda de los profesores y los medios conseguiremos acabar con este problema\u00bb, ha conclu\u00eddo.<\/p>\n<p>\n\tRelacionado<\/p>\n","protected":false},"excerpt":{"rendered":"Ilia Topuria, el flamante campe\u00f3n de la UFC en el peso ligero, lleva muchas peleas a sus espaldas.&hellip;\n","protected":false},"author":2,"featured_media":196022,"comment_status":"","ping_status":"","sticky":false,"template":"","format":"standard","meta":{"footnotes":""},"categories":[276],"tags":[168,25,24,54434,54435,54436,54437,54438,54439,23,167,343],"class_list":{"0":"post-196021","1":"post","2":"type-post","3":"status-publish","4":"format-standard","5":"has-post-thumbnail","7":"category-ufc","8":"tag-deportes","9":"tag-es","10":"tag-espana","11":"tag-portada-destacadas","12":"tag-portada-noticia-del-dia","13":"tag-portada-regional","14":"tag-regional-educacion","15":"tag-regional-noticia-del-dia","16":"tag-regional-noticias-destacadas","17":"tag-spain","18":"tag-sports","19":"tag-ufc"},"share_on_mastodon":{"url":"https:\/\/pubeurope.com\/@es\/115423559686778718","error":""},"_links":{"self":[{"href":"https:\/\/www.europesays.com\/es\/wp-json\/wp\/v2\/posts\/196021","targetHints":{"allow":["GET"]}}],"collection":[{"href":"https:\/\/www.europesays.com\/es\/wp-json\/wp\/v2\/posts"}],"about":[{"href":"https:\/\/www.europesays.com\/es\/wp-json\/wp\/v2\/types\/post"}],"author":[{"embeddable":true,"href":"https:\/\/www.europesays.com\/es\/wp-json\/wp\/v2\/users\/2"}],"replies":[{"embeddable":true,"href":"https:\/\/www.europesays.com\/es\/wp-json\/wp\/v2\/comments?post=196021"}],"version-history":[{"count":0,"href":"https:\/\/www.europesays.com\/es\/wp-json\/wp\/v2\/posts\/196021\/revisions"}],"wp:featuredmedia":[{"embeddable":true,"href":"https:\/\/www.europesays.com\/es\/wp-json\/wp\/v2\/media\/196022"}],"wp:attachment":[{"href":"https:\/\/www.europesays.com\/es\/wp-json\/wp\/v2\/media?parent=196021"}],"wp:term":[{"taxonomy":"category","embeddable":true,"href":"https:\/\/www.europesays.com\/es\/wp-json\/wp\/v2\/categories?post=196021"},{"taxonomy":"post_tag","embeddable":true,"href":"https:\/\/www.europesays.com\/es\/wp-json\/wp\/v2\/tags?post=196021"}],"curies":[{"name":"wp","href":"https:\/\/api.w.org\/{rel}","templated":true}]}}