{"id":196027,"date":"2025-10-23T12:50:09","date_gmt":"2025-10-23T12:50:09","guid":{"rendered":"https:\/\/www.europesays.com\/es\/196027\/"},"modified":"2025-10-23T12:50:09","modified_gmt":"2025-10-23T12:50:09","slug":"mundial-de-pista-paises-bajos-renueva-su-titulo-de-velocidad-por-equipos-esciclismo","status":"publish","type":"post","link":"https:\/\/www.europesays.com\/es\/196027\/","title":{"rendered":"Mundial de pista: Pa\u00edses Bajos renueva su t\u00edtulo de velocidad por equipos &#8211; Esciclismo"},"content":{"rendered":"<ol>\n<li><a href=\"https:\/\/news.google.com\/rss\/articles\/CBMiZEFVX3lxTE9XdkVBYjFoUVh5b1dPVXJRdEJEdTZlOVJTTkg4UWNIWkkzNW01VEJJMHA1YWpSN0M4aTZZZlZHdF9tdEIwNFN6U2F6SDhXblJhbDZhTnFMYmZmYmhxNFliWW1ON0w?oc=5\" target=\"_blank\" rel=\"nofollow noopener\">Mundial de pista: Pa\u00edses Bajos renueva su t\u00edtulo de velocidad por equipos<\/a>&nbsp;&nbsp;Esciclismo<\/li>\n<li><a href=\"https:\/\/news.google.com\/rss\/articles\/CBMitwFBVV95cUxOQVBUSEVDRG9SdlBmZUFGSlVQYVE4clBiNWwyYnE5eks5dHVra1FQcGtQREkwVDJVZXZkbVU2Nk42UVVJLWJDMXlJak9XbnpXbjZUWHdzNW9mT0JhSXBWWENaUjBXYXowWkRmRzY1ODVJc3J4N1NmV3Fqb2IycHRTTkZnTjBudTRKUERUdW9wcjBjZ201X3BqbzVmR0JIcElSNGxHaDNXRC1WTTJnLVNlOHRBT1g2YnfSAcsBQVVfeXFMTWFVT3E4ODNmMS1pdzNORGt4UnEyOFlrdmpiR3pJcDFMWDc5QTJaNWY0Y1FhaDZuU1dJT3daN2VqZXA4WUpScE1yNTVPcmpYRnlRcnJ4NG5vSy1mWVZWQjdIc2lVdWstTDE0NkRxQk1NYjlkcmdqNHp4UGYyTUd6Z2JjX01mWkVTczNaN1lzWUlBNTZWZmRiT0lTMW1HLXRPOGVFaG5tUDgxTVU1YnpSeUR0eG9HV1M1VGI2YjRuTG9wU2VFOFN6LVVTSkk?oc=5\" target=\"_blank\" rel=\"nofollow noopener\">Wiebes reina de nuevo en la pista en un d\u00eda de oro para Pa\u00edses Bajos<\/a>&nbsp;&nbsp;Diario AS<\/li>\n<li><a href=\"https:\/\/news.google.com\/rss\/articles\/CBMizwFBVV95cUxQeldTRlhzN2RuVGRSR2QtR0pOOUpZQ0hsaE0zaWlsZlVyckloQVA0ZmpfdEZqRkNscmtmZXFuYno5X1p5dEI4X0xEN2ZwREQ0NHJSTjlidENqamx5SU5QZG9jRlZkbm0xdkltc0w5elZySm02djRaZ1gyb0M2Y0E5RkREWU9TN2VqaVQ0dkg5dmxibnJLMGQzYTJMY3NIQk94UkJwU3M5cDB5WHVfUEZ1UTM1YWpnczlrOUM3bVZRNldQNDMxUldVVGRmdThJYTTSAdwBQVVfeXFMT3RUYXFOUmhfMUJhRnZPN1JsQ3pENDRsWnEyUjlZX1BPT0FTZ3BSWTdVUmk3WUJqOU05ZmZTLVQxcUpJbU5zZF9kbVZ2Y0wwZkh0c0ItR0EwMjRybUE4SVBZVFFyemRRTzNIZHRlbnI3SjA3cjdfNlFOenA4cHcwekFmQ1R4VnlETnFxSDhJTUdrM0tDNDhqRWNuaHdrWXVCYjQ5c0ozanRVU3J1aFBwNEJOMEhuUzBPaF9rY29KRHN6VXJFc0lxWUZGZ2UxZzY2MzRQVnMyU2d5YzdCdw?oc=5\" target=\"_blank\" rel=\"nofollow noopener\">Lavreysen se agiganta y gu\u00eda a Pa\u00edses Bajos que renueva su t\u00edtulo de velocidad por equipos<\/a>&nbsp;&nbsp;Mundo Deportivo<\/li>\n<li><a href=\"https:\/\/news.google.com\/rss\/articles\/CBMiygFBVV95cUxNMFAzUDVFYloxSXJ6NnhQTnFxaXo2TWpCMWhVNWNfYmU5OWxVWnJmWG5hb3JVTzdHblAzRmdJZ2tFSnpGWUhvQnpqMXREZXlfUDhjRnBCVTZTZWRGOWtLT01SX0tKWURTclJuUzNuMFgzaElPZGI2SFVpX3duRWZ0RXI4TGZwVTZZTk91aFJpVmp5NGVTRTdWR1dMWTdDdFBMdTA0anFSMXhTbFU3MjZkUUR5dER5MHhfRTF2OVhmZlFZVmd5R085bWFB?oc=5\" target=\"_blank\" rel=\"nofollow noopener\">Pa\u00edses Bajos arrasa en las primeras finales del Mundial de Ciclismo en pista<\/a>&nbsp;&nbsp;RFI<\/li>\n<li><a href=\"https:\/\/news.google.com\/rss\/articles\/CBMitwFBVV95cUxNVGQ2cHlvbGZXdzBKSWxRVFVXa01XaEJRZ1ZhaTdnWmZwTzB6VzVnQzJzeFUtSHNEVk5jbVRvWTh3ZTd5TXlYUHZ5d0RrTUFxeENWVkhxa2JFTURWUDNqYmEya1FuNnhTY2RqOC1yWDVoc2tiam1Hb1E3azZkTTR5VE5zV1B1eHl3TGZMeEhNM1lNRlA5TzhmVmFYMG80dW5EdVBVNWtPeElTOUliMFJpdFEwU2NxTjg?oc=5\" target=\"_blank\" rel=\"nofollow noopener\">Eva Anguela acaba 16\u00aa en el scratch del Campeonato del Mundo de Santiago de Chile<\/a>&nbsp;&nbsp;Aqu\u00ed en la Sierra<\/li>\n<\/ol>\n","protected":false},"excerpt":{"rendered":"Mundial de pista: Pa\u00edses Bajos renueva su t\u00edtulo de velocidad por equipos&nbsp;&nbsp;Esciclismo Wiebes reina de nuevo en la&hellip;\n","protected":false},"author":2,"featured_media":196028,"comment_status":"","ping_status":"","sticky":false,"template":"","format":"standard","meta":{"footnotes":""},"categories":[273],"tags":[8524,313,312,168,25,24,8523,23,167],"class_list":{"0":"post-196027","1":"post","2":"type-post","3":"status-publish","4":"format-standard","5":"has-post-thumbnail","7":"category-ciclismo","8":"tag-bajos","9":"tag-ciclismo","10":"tag-cycling","11":"tag-deportes","12":"tag-es","13":"tag-espana","14":"tag-paises","15":"tag-spain","16":"tag-sports"},"share_on_mastodon":{"url":"https:\/\/pubeurope.com\/@es\/115423571239106419","error":""},"_links":{"self":[{"href":"https:\/\/www.europesays.com\/es\/wp-json\/wp\/v2\/posts\/196027","targetHints":{"allow":["GET"]}}],"collection":[{"href":"https:\/\/www.europesays.com\/es\/wp-json\/wp\/v2\/posts"}],"about":[{"href":"https:\/\/www.europesays.com\/es\/wp-json\/wp\/v2\/types\/post"}],"author":[{"embeddable":true,"href":"https:\/\/www.europesays.com\/es\/wp-json\/wp\/v2\/users\/2"}],"replies":[{"embeddable":true,"href":"https:\/\/www.europesays.com\/es\/wp-json\/wp\/v2\/comments?post=196027"}],"version-history":[{"count":0,"href":"https:\/\/www.europesays.com\/es\/wp-json\/wp\/v2\/posts\/196027\/revisions"}],"wp:featuredmedia":[{"embeddable":true,"href":"https:\/\/www.europesays.com\/es\/wp-json\/wp\/v2\/media\/196028"}],"wp:attachment":[{"href":"https:\/\/www.europesays.com\/es\/wp-json\/wp\/v2\/media?parent=196027"}],"wp:term":[{"taxonomy":"category","embeddable":true,"href":"https:\/\/www.europesays.com\/es\/wp-json\/wp\/v2\/categories?post=196027"},{"taxonomy":"post_tag","embeddable":true,"href":"https:\/\/www.europesays.com\/es\/wp-json\/wp\/v2\/tags?post=196027"}],"curies":[{"name":"wp","href":"https:\/\/api.w.org\/{rel}","templated":true}]}}