{"id":196029,"date":"2025-10-23T12:51:29","date_gmt":"2025-10-23T12:51:29","guid":{"rendered":"https:\/\/www.europesays.com\/es\/196029\/"},"modified":"2025-10-23T12:51:29","modified_gmt":"2025-10-23T12:51:29","slug":"colapinto-conto-el-intercambio-de-mensajes-que-tuvo-con-checo-perez-fue-un-orgullo-enorme","status":"publish","type":"post","link":"https:\/\/www.europesays.com\/es\/196029\/","title":{"rendered":"Colapinto cont\u00f3 el intercambio de mensajes que tuvo con Checo P\u00e9rez: \u201cFue un orgullo enorme\u201d"},"content":{"rendered":"<p class=\"mb-4 text-lg md:leading-8 break-words\"><a href=\"https:\/\/es-us.noticias.yahoo.com\/deportes\/revelate-nene-reacci%C3%B3n-viral-adri%C3%A1n-125231969.html\" rel=\"nofollow noopener\" data-ylk=\"slk:Franco Colapinto;elm:context_link;itc:0;sec:content-canvas;outcm:mb_qualified_link;_E:mb_qualified_link;ct:story;\" class=\"link  yahoo-link\" target=\"_blank\"><b>Franco Colapinto<\/b><\/a> expres\u00f3 su fanatismo por<b> Sergio \u201cCheco\u201d P\u00e9rez<\/b>, el piloto mexicano que abandon\u00f3 la escuder\u00eda Red Bull a finales de 2024 y retornar\u00e1 al circuito el pr\u00f3ximo a\u00f1o bajo la firma Cadillac junto a su colega <b>Valtteri Bottas<\/b>.<\/p>\n<p class=\"mb-4 text-lg md:leading-8 break-words\">De cara a lo que ser\u00e1 el <a href=\"https:\/\/es-us.noticias.yahoo.com\/deportes\/cu%C3%A1ndo-vuelve-correr-franco-colapinto-173056137.html\" rel=\"nofollow noopener\" data-ylk=\"slk:Gran Premio de M\u00e9xico;elm:context_link;itc:0;sec:content-canvas;outcm:mb_qualified_link;_E:mb_qualified_link;ct:story;\" class=\"link  yahoo-link\" target=\"_blank\"><b>Gran Premio de M\u00e9xico<\/b><\/a> que se celebrar\u00e1 este domingo en el pa\u00eds azteca, Colapinto lament\u00f3 la ausencia de P\u00e9rez y cont\u00f3, al medio <b>TUDN<\/b>, c\u00f3mo fue el di\u00e1logo que tuvo en los \u00faltimos d\u00edas con \u00e9l.<\/p>\n<p class=\"mb-4 text-lg md:leading-8 break-words\"><b>\u201cMe puso triste cuando supe que Checo no segu\u00eda en la F\u00f3rmula 1\u201d<\/b>, aclar\u00f3 Colapinto sobre la ausencia de uno de sus referentes en el actual Campeonato Mundial de Constructores de la F1.<\/p>\n<p><img alt=\"Franco Colapinto demostr\u00f3 su admiraci\u00f3n por Checo P\u00e9rez\" loading=\"lazy\" width=\"768\" height=\"522\" decoding=\"async\" data-nimg=\"1\" class=\"rounded-lg\" style=\"color:transparent\" src=\"https:\/\/www.europesays.com\/es\/wp-content\/uploads\/2025\/10\/95937870ba1d24d9ecbaa7de73d991d8.jpeg\"\/><\/p>\n<p>Franco Colapinto demostr\u00f3 su admiraci\u00f3n por Checo P\u00e9rez<\/p>\n<p class=\"mb-4 text-lg md:leading-8 break-words\">La noticia del arribo de P\u00e9rez a la F\u00f3rmula 1 de la mano de <b>Cadillac<\/b> se dio a conocer en agosto. Este nuevo desaf\u00edo caus\u00f3 un efecto positivo tanto en los fan\u00e1ticos como en los pilotos, quienes destacan la jerarqu\u00eda del mexicano en el circuito.<\/p>\n<p class=\"mb-4 text-lg md:leading-8 break-words\">\u201cCuando me enter\u00e9 que entr\u00f3 a Cadillac, <b>le mand\u00e9 un mensaje<\/b>. Le dije: \u2018Qu\u00e9 bueno que vas a volver, ojal\u00e1 pueda verte y poder correr juntos de nuevo\u2019. Es un orgullo enorme tener tantos pilotos hispanos en la F\u00f3rmula 1. <b>Recordemos que es un deporte con solo 20 lugares, muy exclusivo, con muchos europeos, y quedan pocos espacios para nosotros\u201d<\/b>, destac\u00f3 Colapinto, quien expres\u00f3 su admiraci\u00f3n por el experimentado piloto.<\/p>\n<p><img alt=\"Checo P\u00e9rez volver\u00e1 a la F\u00f3rmula 1 a partir de 2026\" loading=\"lazy\" width=\"768\" height=\"512\" decoding=\"async\" data-nimg=\"1\" class=\"rounded-lg\" style=\"color:transparent\" src=\"https:\/\/www.europesays.com\/es\/wp-content\/uploads\/2025\/10\/b191734397a2316135fcb990f0daf7ac.jpeg\"\/><\/p>\n<p>Checo P\u00e9rez volver\u00e1 a la F\u00f3rmula 1 a partir de 2026 &#8211; Cr\u00e9ditos: @@schecoperez<\/p>\n<p class=\"mb-4 text-lg md:leading-8 break-words\">Luego de confirmar su contacto con Checo P\u00e9rez, el argentino cerr\u00f3: \u201cVer que cada vez somos m\u00e1s me llena de orgullo. Habl\u00e9 con Checo, me mand\u00f3 suerte, y la verdad es que de chico<b> fue un gran \u00eddolo para m\u00ed<\/b>. Tener esa interacci\u00f3n, poder correr contra \u00e9l y vivir esa experiencia fue un orgullo enorme\u201d.<\/p>\n<p class=\"mb-4 text-lg md:leading-8 break-words\">Cabe destacar que en 2024, en el marco del<b> Gran Premio de Singapur<\/b>, Checo P\u00e9rez elogi\u00f3 el rendimiento del argentino: \u201cEs muy bueno. Es muy dif\u00edcil de pasar a Colapinto\u201d. Eso llev\u00f3 a que el argentino se sienta conmovido por la menci\u00f3n y devuelva la pared: \u201cUn capo Checo, lo quiero mucho, yo lo ve\u00eda de muy chico en casa, me levantaba temprano para ver sus carreras, y ahora estar peleando, corriendo contra \u00e9l, es algo muy lindo\u201d.<\/p>\n<p class=\"mb-4 text-lg md:leading-8 break-words\">Por lo pronto, <b>Colapinto<\/b> <a href=\"https:\/\/es-us.noticias.yahoo.com\/deportes\/pr%C3%B3xima-carrera-f%C3%B3rmula-1-cu%C3%A1ndo-130000013.html\" rel=\"nofollow noopener\" data-ylk=\"slk:ver\u00e1 acci\u00f3n a partir de este viernes;elm:context_link;itc:0;sec:content-canvas;outcm:mb_qualified_link;_E:mb_qualified_link;ct:story;\" class=\"link  yahoo-link\" target=\"_blank\">ver\u00e1 acci\u00f3n a partir de este viernes<\/a> con las pruebas preliminares a la carrera en M\u00e9xico. En b\u00fasqueda de sumar puntos para la clasificaci\u00f3n, el argentino buscar\u00e1 mejorar su rendimiento bajo la tutela de Alpine.<\/p>\n","protected":false},"excerpt":{"rendered":"Franco Colapinto expres\u00f3 su fanatismo por Sergio \u201cCheco\u201d P\u00e9rez, el piloto mexicano que abandon\u00f3 la escuder\u00eda Red Bull&hellip;\n","protected":false},"author":2,"featured_media":196030,"comment_status":"","ping_status":"","sticky":false,"template":"","format":"standard","meta":{"footnotes":""},"categories":[270],"tags":[54444,5332,2304,168,17847,25,24,306,271,272,1723,16702,23,167],"class_list":{"0":"post-196029","1":"post","2":"type-post","3":"status-publish","4":"format-standard","5":"has-post-thumbnail","7":"category-formula-1","8":"tag-campeonato-mundial-de-constructores","9":"tag-checo-perez","10":"tag-colapinto","11":"tag-deportes","12":"tag-el-pais","13":"tag-es","14":"tag-espana","15":"tag-f1","16":"tag-formula-1","17":"tag-formula1","18":"tag-franco-colapinto","19":"tag-gran-premio-de-mexico","20":"tag-spain","21":"tag-sports"},"share_on_mastodon":{"url":"https:\/\/pubeurope.com\/@es\/115423575504262793","error":""},"_links":{"self":[{"href":"https:\/\/www.europesays.com\/es\/wp-json\/wp\/v2\/posts\/196029","targetHints":{"allow":["GET"]}}],"collection":[{"href":"https:\/\/www.europesays.com\/es\/wp-json\/wp\/v2\/posts"}],"about":[{"href":"https:\/\/www.europesays.com\/es\/wp-json\/wp\/v2\/types\/post"}],"author":[{"embeddable":true,"href":"https:\/\/www.europesays.com\/es\/wp-json\/wp\/v2\/users\/2"}],"replies":[{"embeddable":true,"href":"https:\/\/www.europesays.com\/es\/wp-json\/wp\/v2\/comments?post=196029"}],"version-history":[{"count":0,"href":"https:\/\/www.europesays.com\/es\/wp-json\/wp\/v2\/posts\/196029\/revisions"}],"wp:featuredmedia":[{"embeddable":true,"href":"https:\/\/www.europesays.com\/es\/wp-json\/wp\/v2\/media\/196030"}],"wp:attachment":[{"href":"https:\/\/www.europesays.com\/es\/wp-json\/wp\/v2\/media?parent=196029"}],"wp:term":[{"taxonomy":"category","embeddable":true,"href":"https:\/\/www.europesays.com\/es\/wp-json\/wp\/v2\/categories?post=196029"},{"taxonomy":"post_tag","embeddable":true,"href":"https:\/\/www.europesays.com\/es\/wp-json\/wp\/v2\/tags?post=196029"}],"curies":[{"name":"wp","href":"https:\/\/api.w.org\/{rel}","templated":true}]}}