{"id":196039,"date":"2025-10-23T12:56:16","date_gmt":"2025-10-23T12:56:16","guid":{"rendered":"https:\/\/www.europesays.com\/es\/196039\/"},"modified":"2025-10-23T12:56:16","modified_gmt":"2025-10-23T12:56:16","slug":"periodistas-noruegos-investigan-las-amistades-peligrosas-de-marius-borg-en-un-libro-que-vuelve-a-poner-a-la-princesa-mette-marit-en-el-foco","status":"publish","type":"post","link":"https:\/\/www.europesays.com\/es\/196039\/","title":{"rendered":"Periodistas noruegos investigan las amistades peligrosas de Marius Borg en un libro que vuelve a poner a la princesa Mette-Marit en el foco"},"content":{"rendered":"<p id=\"ermpIdnveQ\" data-wc=\"140\">En plena cuenta atr\u00e1s para el juicio contra Marius Borg, fijado para el pr\u00f3ximo febrero y que ya se contempla como un proceso hist\u00f3rico para Noruega, la editorial Aschehoug lanza un libro que, seg\u00fan ellos, explora el ambiente criminal en que se mov\u00eda el hijo de la princesa Mette-Marit de Noruega. Desde la portada hasta el interior, con afirmaciones muy delicadas que afectan directamente a la nuera del rey Harald, ha estallado la pol\u00e9mica. Un libro de no ficci\u00f3n de 286 p\u00e1ginas, escrito por dos periodistas especializados en sucesos que no se centra en los cargos que est\u00e1n pendientes de juicio, se dedica a investigar las redes criminales a las que creen que est\u00e1 conectado el hijo de la princesa. <strong>Las reacciones, tanto de los abogados de Marius como de la Casa Real de Noruega no se han hecho esperar.\u00a0<\/strong><\/p>\n<p> <img src=\"https:\/\/www.europesays.com\/es\/wp-content\/uploads\/2025\/10\/381b9e2678ab-mariusedit.jpg\"   width=\"1024\" height=\"576\" loading=\"lazy\" decoding=\"async\" alt=\"Marius Borg, en una imagen de archivo\" fetchpriority=\"auto\" class=\"image ho-image\"\/>\u00a9 GTRESMarius Borg, en una imagen de archivo<\/p>\n<p id=\"e2NNiKcQm7\" data-wc=\"93\">\u00abHa sido un secreto a voces en la polic\u00eda que el hijo de la Princesa Heredera ha tenido tratos estrechos con criminales. En este libro, dos experimentados periodistas de investigaci\u00f3n revelan c\u00f3mo Marius y sus amigos podr\u00edan estar conectados con algunas de las bandas de narcotraficantes m\u00e1s notorias de Europa. En el centro de los hechos se encuentra una sustancia blanca, cuyo kilo cuesta un mill\u00f3n de coronas: coca\u00edna\u00bb. Esta es la sinopsis de Hvite striper, sorte f\u00e5r (en espa\u00f1ol, Rayas blancas, ovejas negras) que aborda el controvertido caso de Marius Borg H\u00f8iby.<\/p>\n<p> <img src=\"https:\/\/www.europesays.com\/es\/wp-content\/uploads\/2025\/10\/4ed0b7cd7e5f-9788203456725org499fed0e3183cb3bad1425522cab2482.jpg\"   width=\"662\" height=\"1024\" loading=\"lazy\" decoding=\"async\" alt=\"Portada del libro titulado 'Hvite striper, sorte f\u00e5r' (en espa\u00f1ol, Rayas blancas, ovejas negras) que aborda el controvertido caso de Marius Borg H\u00f8iby de la editorial Aschehoug\" fetchpriority=\"auto\" class=\"image ho-image\"\/>\u00a9 AschehougPortada del libro titulado &#8216;Hvite striper, sorte f\u00e5r&#8217; (en espa\u00f1ol, Rayas blancas, ovejas negras) que aborda el controvertido caso de Marius Borg H\u00f8iby de la editorial Aschehoug<\/p>\n<p id=\"eyT02L23HvL\" data-wc=\"134\">Seg\u00fan el libro escrito por \u00d8istein Norum Monsen y Torgeir P. Krokfjord citando a numerosas fuentes an\u00f3nimas, <strong>\u00abla polic\u00eda simplemente los dej\u00f3 actuar\u00bb<\/strong>. Hay que recordar que el libro no trata de las 32 imputaciones, entre ellas cuatro por violaci\u00f3n, por las que ser\u00e1 juzgado Marius, sino que explora las distintas redes que operan en el pa\u00eds. \u00a0\u00abPodr\u00edan haber atrapado a muchos de estos tipos por peque\u00f1as cosas. Pero no lo hicieron. Quienes hemos estado involucrados en esto nos preguntamos por qu\u00e9 la polic\u00eda no lo ha detenido. Casi todos los amigos de Marius han estado involucrados en delitos. No se puede ser un delincuente durante un a\u00f1o y luego olvidarse de ello. Lo que intento entender es por qu\u00e9 la polic\u00eda no ha hecho nada\u00bb, cuenta una fuente an\u00f3nima en el nuevo libro.<\/p>\n<p id=\"eLn_eafI4b\" data-wc=\"50\">Al comienzo de cada cap\u00edtulo se dibuja un mapa con las posibles conexiones.<strong>\u00a0\u00abSabemos que hab\u00eda dos v\u00ednculos entre Marius Borg H\u00f8iby y Foxtrot (una organizaci\u00f3n criminal transnacional con sede en Suecia) y hab\u00eda tres v\u00ednculos entre el hijo de la Princesa Heredera y la inteligencia iran\u00ed\u00bb,<\/strong> asegura el libro.\u00a0<\/p>\n<p> <img src=\"https:\/\/www.europesays.com\/es\/wp-content\/uploads\/2025\/08\/92e2614a9cb3-gettyimages-542449118.jpg\"   width=\"828\" height=\"1024\" loading=\"lazy\" decoding=\"async\" alt=\"La princesa Mette-Marit de Noruega junto a su hijo Marius Borg\" fetchpriority=\"auto\" class=\"image ho-image\"\/>\u00a9 Getty ImagesLa princesa Mette-Marit de Noruega junto a su hijo Marius Borg<\/p>\n<p id=\"ePM-0BvHkq\" data-wc=\"92\">Para el cr\u00edtico literario de la cadena p\u00fablica NRK, \u00a0<strong>\u00ablas ramificaciones de los c\u00e1rteles internacionales de la droga son menos espectaculares de lo que uno podr\u00eda pensar. Cualquiera que compre coca\u00edna inevitablemente estar\u00e1 vinculado al crimen organizado, y con \u00e9l a un grupo de personas brutales y despiadadas\u00bb.\u00a0<\/strong>Hay que recordar que fue el propio Marius el que a trav\u00e9s de un comunicado de su primer abogado <a class=\"hm-link ho-link\" href=\"https:\/\/www.hola.com\/realeza\/casa_noruega\/20241210734984\/marius-borg-tratamiento-drogas\/\" data-mrf-recirculation=\"article-body-link\" rel=\"nofollow noopener\" target=\"_blank\">reconoci\u00f3 tener problemas con el consumo de alcohol y coca\u00edna y<\/a> que sus abogados actuales han confirmado que ahora mismo est\u00e1 en tratamiento para ello.\u00a0<\/p>\n<p> <img src=\"https:\/\/www.europesays.com\/es\/wp-content\/uploads\/2025\/10\/4f09dcddfcf5-gettyimages-473736938.jpg\"   width=\"1024\" height=\"682\" loading=\"lazy\" decoding=\"async\" alt=\"Marius Borg acompa\u00f1a a su familia, que tambi\u00e9n es parte de la Familia Real en los actos que se celebran en D\u00eda Nacional en su residencia de Asker, donde se muestran a pie de calle y no en el balc\u00f3n del Palacio Real de Oslo, reservado para la instituci\u00f3n\" fetchpriority=\"auto\" class=\"image ho-image\"\/>\u00a9 Getty ImagesMarius Borg acompa\u00f1a a su familia, que tambi\u00e9n es parte de la Familia Real en los actos que se celebran en D\u00eda Nacional en su residencia de Asker, donde se muestran a pie de calle y no en el balc\u00f3n del Palacio Real de Oslo, reservado para la instituci\u00f3n<br \/>\nLa presencia de Mette-Marit<\/p>\n<p id=\"eL388VAQ5x\" data-wc=\"84\">En un cap\u00edtulo del libro, seg\u00fan ha publicado el noruego Se og Hor, se revela que<strong>\u00a0la princesa heredera Mette-Marit al parecer enfureci\u00f3 tras la segunda detenci\u00f3n de su hijo,<\/strong> la que tuvo lugar en una caba\u00f1a, al no haber sido advertida con antelaci\u00f3n de que la detenci\u00f3n se iba a producir. Seg\u00fan el libro, \u00abcuando Marius iba a ser arrestado por segunda vez, se decidi\u00f3 no notificar a la Princesa Heredera. La polic\u00eda tem\u00eda que la Princesa Heredera volviera a filtrar sus planes\u00bb.\u00a0<\/p>\n<p> <img src=\"https:\/\/www.europesays.com\/es\/wp-content\/uploads\/2025\/10\/bbe788538ef4-dlu282891054.jpg\"   width=\"727\" height=\"1024\" loading=\"lazy\" decoding=\"async\" alt=\"Mette-Marit de Noruega con su hijo Marius Borg\" fetchpriority=\"auto\" class=\"image ho-image\"\/>\u00a9 GTRES<\/p>\n<p id=\"eWsmMWRR_Z\" data-wc=\"95\">Hay que recordar que cuando Marius fue arrestado por primera vez, Mette-Marit recibi\u00f3 un aviso previo, lo cual la polic\u00eda confirm\u00f3 posteriormente. Esto llev\u00f3 a la Princesa Heredera a ir directamente a casa de Marius, donde, seg\u00fan se dice, limpi\u00f3 su apartamento \u00a0antes de llevar a su hijo a la escuela Jansl\u00f8kka, cerca de los terrenos reales y all\u00ed la polic\u00eda efectu\u00f3 la detenci\u00f3n. El libro asegura que <strong>\u00abpor eso, la polic\u00eda no quiso correr ning\u00fan riesgo y arrest\u00f3 a Marius por segunda vez y registr\u00f3 la caba\u00f1a en la que se encontraba el pr\u00edncipe\u00bb.\u00a0<\/strong><\/p>\n<p>Las reacciones no se han hecho esperar<\/p>\n<p id=\"ewaTqDDWkn\" data-wc=\"52\">El libro ha recibido <strong>duras cr\u00edticas tanto del Palacio como de la polic\u00eda y tambi\u00e9n por parte de los abogados defensores<\/strong> de Marius, que ya han hecho que la editorial tenga que cambiar la portada del libro. Las cr\u00edticas se\u00f1alan que el libro se basa en rumores, medias verdades, insinuaciones y falsedades. \u00a0<\/p>\n<p> <img src=\"https:\/\/www.europesays.com\/es\/wp-content\/uploads\/2025\/10\/26c1fdc9cf52-dlu391369014.jpg\"   width=\"1024\" height=\"619\" loading=\"lazy\" decoding=\"async\" alt=\"Marius Borg y el pr\u00edncipe Haakon de Noruega\" fetchpriority=\"auto\" class=\"image ho-image\"\/>\u00a9 GTRES<\/p>\n<p id=\"ed9i1hocRW\" data-wc=\"45\">\u00abEs improbable que este libro se venda sin la imagen de Marius en la portada. Es de <strong>un aburrimiento abrumador<\/strong> y contiene numerosos rumores y medias verdades\u00bb, seg\u00fan declaran los abogados defensores de H\u00f8iby, Ellen Holager Anden\u00e6s y Petar Sekulic, en una declaraci\u00f3n a NTB.<\/p>\n<p> <img src=\"https:\/\/www.europesays.com\/es\/wp-content\/uploads\/2025\/09\/196dbbbcc62e-gettyimages-501318212.jpg\"   width=\"1024\" height=\"731\" loading=\"lazy\" decoding=\"async\" alt=\"Posado de navidad 2015 de la familia real Noruega\" fetchpriority=\"auto\" class=\"image ho-image\"\/>\u00a9 GETTY IMAGES<\/p>\n<p id=\"e8yXfdXyhpE\" data-wc=\"67\">La Casa Real de Noruega, afectada por el mayor esc\u00e1ndalo que ha afectado a su dinast\u00eda desde que en 1905 llegaron a Oslo para reinar, tambi\u00e9n reacciona al libro. \u00abNo deseamos comentar todos los detalles ni las acusaciones de este libro. Contiene<strong>\u00a0numerosas falsedades, acusaciones indocumentadas e insinuaciones,<\/strong> en parte provenientes de fuentes an\u00f3nimas\u00bb, escribe el gerente de comunicaciones, Guri Varpe, en un correo electr\u00f3nico a VG.<\/p>\n<p id=\"eBmW9QkFiQ\" data-wc=\"88\">En lo que respecta al supuesto enfado de la princesa Mette-Marit por no ser alertada de la segunda detenci\u00f3n de su hijo, no se ha especificado nada en el comunicado de la Casa Real de Noruega, sin embargo, tal y como se\u00f1alan expertos en realeza de medios del pa\u00eds, est\u00e1 informaci\u00f3n no es nueva.<strong>\u00a0 \u00abYa hab\u00edamos o\u00eddo antes que ella supuestamente limpi\u00f3 los restos de Marius cuando fue advertida por primera vez, algo por lo que recibi\u00f3 muchas cr\u00edticas justificadas despu\u00e9s\u00bb<\/strong>, dice Caroline Vagle en Se og H\u00f8r.<\/p>\n<p> <img src=\"https:\/\/www.europesays.com\/es\/wp-content\/uploads\/2025\/10\/98879fcd50e8-gettyimages-1392577215.jpg\"   width=\"1024\" height=\"539\" loading=\"lazy\" decoding=\"async\" alt=\"Media Image\" fetchpriority=\"auto\" class=\"image ho-image\"\/>\u00a9 Getty Images<\/p>\n<p id=\"eOMenAVXJF\" data-wc=\"55\">La polic\u00eda noruega, que de alg\u00fan \u00a0modo est\u00e1 en el punto de mira tambi\u00e9n por este caso, ya que se han destapado audios donde queda constancia de la impunidad que goz\u00f3 Marius durante a\u00f1os, no ha emitido una declaraci\u00f3n oficial, pero seg\u00fan la prensa del pa\u00eds est\u00e1 molesta por los asuntos que airea el libro.<\/p>\n","protected":false},"excerpt":{"rendered":"En plena cuenta atr\u00e1s para el juicio contra Marius Borg, fijado para el pr\u00f3ximo febrero y que ya&hellip;\n","protected":false},"author":2,"featured_media":196040,"comment_status":"","ping_status":"","sticky":false,"template":"","format":"standard","meta":{"footnotes":""},"categories":[172],"tags":[224,146,147,25,24,225,15270,13808,1027,8158,23],"class_list":{"0":"post-196039","1":"post","2":"type-post","3":"status-publish","4":"format-standard","5":"has-post-thumbnail","7":"category-libros","8":"tag-books","9":"tag-entertainment","10":"tag-entretenimiento","11":"tag-es","12":"tag-espana","13":"tag-libros","14":"tag-marius-borg-hiby","15":"tag-mette-marit-de-noruega","16":"tag-realeza","17":"tag-realeza-noruega","18":"tag-spain"},"share_on_mastodon":{"url":"https:\/\/pubeurope.com\/@es\/115423595113921470","error":""},"_links":{"self":[{"href":"https:\/\/www.europesays.com\/es\/wp-json\/wp\/v2\/posts\/196039","targetHints":{"allow":["GET"]}}],"collection":[{"href":"https:\/\/www.europesays.com\/es\/wp-json\/wp\/v2\/posts"}],"about":[{"href":"https:\/\/www.europesays.com\/es\/wp-json\/wp\/v2\/types\/post"}],"author":[{"embeddable":true,"href":"https:\/\/www.europesays.com\/es\/wp-json\/wp\/v2\/users\/2"}],"replies":[{"embeddable":true,"href":"https:\/\/www.europesays.com\/es\/wp-json\/wp\/v2\/comments?post=196039"}],"version-history":[{"count":0,"href":"https:\/\/www.europesays.com\/es\/wp-json\/wp\/v2\/posts\/196039\/revisions"}],"wp:featuredmedia":[{"embeddable":true,"href":"https:\/\/www.europesays.com\/es\/wp-json\/wp\/v2\/media\/196040"}],"wp:attachment":[{"href":"https:\/\/www.europesays.com\/es\/wp-json\/wp\/v2\/media?parent=196039"}],"wp:term":[{"taxonomy":"category","embeddable":true,"href":"https:\/\/www.europesays.com\/es\/wp-json\/wp\/v2\/categories?post=196039"},{"taxonomy":"post_tag","embeddable":true,"href":"https:\/\/www.europesays.com\/es\/wp-json\/wp\/v2\/tags?post=196039"}],"curies":[{"name":"wp","href":"https:\/\/api.w.org\/{rel}","templated":true}]}}