{"id":196059,"date":"2025-10-23T13:07:20","date_gmt":"2025-10-23T13:07:20","guid":{"rendered":"https:\/\/www.europesays.com\/es\/196059\/"},"modified":"2025-10-23T13:07:20","modified_gmt":"2025-10-23T13:07:20","slug":"piquet-entrega-al-escritor-david-lozano-el-premio-cervantes-chico-con-el-que-alcala-reconoce-el-amor-a-las-palabras-y-los-valores-civicos","status":"publish","type":"post","link":"https:\/\/www.europesays.com\/es\/196059\/","title":{"rendered":"Piquet entrega al escritor David Lozano el Premio Cervantes Chico con el que Alcal\u00e1 reconoce \u201cel amor a las palabras y los valores c\u00edvicos\u201d"},"content":{"rendered":"<p><strong>240 alumnos de un total de 40 centros educativos recibieron diplomas en la gala celebrada en un abarrotado Teatro Sal\u00f3n Cervantes.<\/strong><\/p>\n<p>Alcal\u00e1 de Henares, 23-octubre-2025.- El Teatro Sal\u00f3n Cervantes ha sido escenario, un mes de octubre m\u00e1s, de la ceremonia de entrega del Premio Cervantes Chico, el galard\u00f3n que entrega desde 1992 el Ayuntamiento de Alcal\u00e1 a un autor de literatura infantil y juvenil por su trayectoria. Y el premiado en esta oportunidad ha sido David Lozano Garbala, que ha recibido de manos de la alcaldesa, Judih Piquet, su trofeo en una gala donde, como es tradicional, tambi\u00e9n se han reconocido a alumnos, docentes y familias por sus valores c\u00edvicos y por sus trabajos en pos del fomento de la lectura. Tambi\u00e9n se ha entregado el Premio Iberoamericano al escritor ecuatoriano Edgar Allan Garc\u00eda, de manera p\u00f3stuma, pues falleci\u00f3 a finales del pasado mes de julio.<\/p>\n<p>La alcaldesa ha estado acompa\u00f1ada en el acto por la concejala de Educaci\u00f3n, Lola L\u00f3pez, y por el concejal de Cultura, Santiago Alonso, as\u00ed como por el director del \u00c1rea Territorial Madrid-Este, Marcos Moreno; la jefa del \u00c1rea de Letras Espa\u00f1olas de la Subdirecci\u00f3n general de Promoci\u00f3n del Libro, Almudena Flecha; el director General de Cultura de la Organizaci\u00f3n de Estados Iberoamericanos, Raphael Callou y el director para las Artes y la Cultura de la Universidad de Alcal\u00e1, Jos\u00e9 Ra\u00fal Fern\u00e1ndez del Castillo.<\/p>\n<p>Otros concejales de la Corporaci\u00f3n Municipal y representantes de la comunidad educativa de Alcal\u00e1 tambi\u00e9n han asistido, en un abarrotado Teatro Sal\u00f3n Cervantes, a la ceremonia que se ha retransmitido por streaming y ha podido ser seguida por docentes y familiares en los salones de actos del edificio de Capuchinos y del Centro Municipal de Salud.<\/p>\n<p>La entrega del Cervantes Chico a Lozano ha sido el evento central de la ceremonia. Con cerca de una treintena de libros publicados, en un total de 11 pa\u00edses, el autor aragon\u00e9s ha compaginado su trayectoria como escritor con su labor como abogado y docente. Es autor de series tan exitosas como las de Mayra Br\u00f3coli o el Club Edison y ha cosechado los premios nacionales m\u00e1s importantes por obras como \u2018Donde surgen las sombras\u2019, \u2018Desconocidos\u2019 o \u2018El ladr\u00f3n de minutos\u2019.<\/p>\n<p>\u201cAhora podr\u00e1s a\u00f1adir este premio de Alcal\u00e1, junto a nuestra amistad y nuestro cari\u00f1o, por tu obra, en la que brilla tu capacidad de observaci\u00f3n, tu habilidad para investigar, tu pasi\u00f3n por el misterio y tu gran sentido del humor\u201d, destac\u00f3 Piquet.<\/p>\n<p>La alcaldesa tambi\u00e9n ha tenido palabras de cari\u00f1o en recuerdo del ecuatoriano Edgar Allan Garc\u00eda, fallecido a los pocos d\u00edas de fallarse el premio. Su viuda, Emilia Ortega, ha recogido el premio \u201ccon el que hemos querido reconocer la magia y la fantas\u00eda de Edgar, que siempre vivir\u00e1 en sus novelas, en sus cuentos y en sus poemas\u201d, ha se\u00f1alado Piquet.<\/p>\n<p><strong>\u201cPersonas que enriquecen el mundo\u201d<\/strong><\/p>\n<p>El grueso de la gala, no obstante, ha estado dedicado a entregar los reconocimientos a los representantes de la comunidad escolar alcala\u00edna, \u201cporque el Cervantes Chico es, ante todo, un acontecimiento que premia a personas que se dedican a hacer el bien, que enriquecen nuestro mundo y que tratan de hacer m\u00e1s f\u00e1cil y m\u00e1s agradable la vida a los dem\u00e1s\u201d, ha recordado la primera edil.<\/p>\n<p>De este modo, en representaci\u00f3n de los escolares, ha sido reconocida In\u00e9s Sancha Valderrama, del Colegio Alborada, por su compa\u00f1erismo y por su empat\u00eda demostrada, especialmente con la ayuda que presta a los compa\u00f1eros que la necesitan. En representaci\u00f3n de los docentes, la distinci\u00f3n ha sido ex aequo para las maestras Mar\u00eda Teresa Almaraz Fern\u00e1ndez y Miriam Merch\u00e1n Moreno, del CEIP Alicia de Larrocha, y Elo\u00edsa Navas Graciani, del CEIP Beatriz Galindo, por la labor de dinamizaci\u00f3n y de estimulaci\u00f3n de la lectura que desarrollan en las bibliotecas de sus respectivos centros educativos. Y en representaci\u00f3n de los padres y madres de alumnos, el reconocimiento ha sido para el AMPA del Colegio Nuestra Se\u00f1ora del Val, por su implicaci\u00f3n en el proyecto de la biblioteca del centro.<\/p>\n<p>Asimismo, se han entregado diplomas a un total de 240 alumnos de 40 colegios de la ciudad, por los valores humanos que han demostrado en el d\u00eda a d\u00eda. La alcaldesa les ha felicitado efusivamente: \u201cNos sentimos orgullosos no solo por teneros como vecinos en nuestra ciudad, sino tambi\u00e9n por poder entregaros, en nombre de Alcal\u00e1 y de todos los alcala\u00ednos, el reconocimiento que merec\u00e9is, con el nombre de Miguel de Cervantes por bandera. Porque lo que nos une y re\u00fane en este acto son los valores de nobleza, de justicia y de humanidad, que representa como nadie nuestro querido escritor, el alcala\u00edno m\u00e1s grande de la historia, con su genial obra. Y tambi\u00e9n nos une y re\u00fane el amor a las palabras, del que tambi\u00e9n es s\u00edmbolo don Miguel. Porque las palabras nos completan y nos hacen sentirnos personas en plenitud\u201d.<\/p>\n<p>Al finalizar el acto, patrocinado por las editoriales Edeb\u00e9 y SM, el premiado Cervantes Chico 2025 ha firmado libros a los alumnos que se lo han solicitado en el hall del Teatro Sal\u00f3n Cervantes.<\/p>\n<p>Gala Premio Cervantes Chico en el canal de Youtube del Ayuntamiento.<\/p>\n<p>\u00a0<\/p>\n","protected":false},"excerpt":{"rendered":"240 alumnos de un total de 40 centros educativos recibieron diplomas en la gala celebrada en un abarrotado&hellip;\n","protected":false},"author":2,"featured_media":196060,"comment_status":"","ping_status":"","sticky":false,"template":"","format":"standard","meta":{"footnotes":""},"categories":[5],"tags":[16155,17,18,54445,25,24,13,14,11,26478,19,20,9,10,15,16,23,12,21,22],"class_list":{"0":"post-196059","1":"post","2":"type-post","3":"status-publish","4":"format-standard","5":"has-post-thumbnail","7":"category-titulares","8":"tag-alcala","9":"tag-breaking-news","10":"tag-breakingnews","11":"tag-cervantes-chico-2025","12":"tag-es","13":"tag-espana","14":"tag-featured-news","15":"tag-featurednews","16":"tag-headlines","17":"tag-judith-piquet","18":"tag-latest-news","19":"tag-latestnews","20":"tag-news","21":"tag-noticias","22":"tag-noticias-destacadas","23":"tag-noticiasdestacadas","24":"tag-spain","25":"tag-titulares","26":"tag-ultimas-noticias","27":"tag-ultimasnoticias"},"share_on_mastodon":{"url":"https:\/\/pubeurope.com\/@es\/115423638111489471","error":""},"_links":{"self":[{"href":"https:\/\/www.europesays.com\/es\/wp-json\/wp\/v2\/posts\/196059","targetHints":{"allow":["GET"]}}],"collection":[{"href":"https:\/\/www.europesays.com\/es\/wp-json\/wp\/v2\/posts"}],"about":[{"href":"https:\/\/www.europesays.com\/es\/wp-json\/wp\/v2\/types\/post"}],"author":[{"embeddable":true,"href":"https:\/\/www.europesays.com\/es\/wp-json\/wp\/v2\/users\/2"}],"replies":[{"embeddable":true,"href":"https:\/\/www.europesays.com\/es\/wp-json\/wp\/v2\/comments?post=196059"}],"version-history":[{"count":0,"href":"https:\/\/www.europesays.com\/es\/wp-json\/wp\/v2\/posts\/196059\/revisions"}],"wp:featuredmedia":[{"embeddable":true,"href":"https:\/\/www.europesays.com\/es\/wp-json\/wp\/v2\/media\/196060"}],"wp:attachment":[{"href":"https:\/\/www.europesays.com\/es\/wp-json\/wp\/v2\/media?parent=196059"}],"wp:term":[{"taxonomy":"category","embeddable":true,"href":"https:\/\/www.europesays.com\/es\/wp-json\/wp\/v2\/categories?post=196059"},{"taxonomy":"post_tag","embeddable":true,"href":"https:\/\/www.europesays.com\/es\/wp-json\/wp\/v2\/tags?post=196059"}],"curies":[{"name":"wp","href":"https:\/\/api.w.org\/{rel}","templated":true}]}}