{"id":196061,"date":"2025-10-23T13:08:08","date_gmt":"2025-10-23T13:08:08","guid":{"rendered":"https:\/\/www.europesays.com\/es\/196061\/"},"modified":"2025-10-23T13:08:08","modified_gmt":"2025-10-23T13:08:08","slug":"nos-merecemos-ya-la-victoria-y-no-va-a-tardar-en-llegar","status":"publish","type":"post","link":"https:\/\/www.europesays.com\/es\/196061\/","title":{"rendered":"Nos merecemos ya la victoria y no va a tardar en llegar"},"content":{"rendered":"<p class=\"ft-text ft-helper-closenews ft-helper-align-justify\">El Horneo E\u00f3n <a class=\"ft-link ft-link--decoration\" href=\"https:\/\/www.informacion.es\/alicante\/\" rel=\"nofollow noopener\" target=\"_blank\">Alicante<\/a> ocupa la dif\u00edcil posici\u00f3n de colista en Asobal, con otro reto este s\u00e1bado en la pista del <strong>Tubos Aranda Villa de Aranda<\/strong>. Para el guardameta alicantino <strong>Roberto Domenech<\/strong> se trata, \u201ccomo todos lo de esta liga\u201d de <strong>un partido \u201ccomplicado\u201d<\/strong>. En especial \u201cen una pista en la que aprieta mucho la afici\u00f3n\u201d.<\/p>\n<p class=\"ft-text ft-helper-align-justify\">\u201cVa a costar, pero si logramos hacer nuestro juego y meternos en partido creo que podemos estar ah\u00ed hasta el final y, con un poco de suerte y una buena actuaci\u00f3n, podemos ganar\u201d, reconoce el portero del E\u00f3n. Con solo dos puntos en la <a class=\"ft-link ft-link--decoration\" href=\"https:\/\/www.sport.es\/es\/motor\/moto-gp\/clasificacion\/\" rel=\"nofollow noopener\" target=\"_blank\">clasificaci\u00f3n<\/a>, el conjunto dirigido por Fernando Latorre se halla contra las cuerdas, urgido de una victoria que enmiende este mal arranque y ate alg\u00fan lazo con la posibilidad de la permanencia, que se complica con cada derrota.<\/p>\n<p class=\"ft-text ft-helper-align-justify\">El joven portero alicantino, que regres\u00f3 a su ciudad este verano para sumarse a las filas de Horneo E\u00f3n, considera que la clave pasa por \u201cseguir con la defensa como contra Valladolid, que el equipo estuvo muy bien en esa faceta\u201d. En el partido del pasado s\u00e1bado los dos puntos se escaparon apenas por <a class=\"ft-link ft-link--decoration\" href=\"https:\/\/www.informacion.es\/deportes\/2025\/10\/18\/horneo-eon-muere-orilla-vuelve-122763412.html\" target=\"_blank\" rel=\"nofollow noopener\">dos goles del conjunto visitante<\/a>.<\/p>\n<p>M\u00e1s certeros en ambas porter\u00edas<\/p>\n<p class=\"ft-text ft-helper-align-justify\">Por otra parte, Domenech valora lo que hay que mejorar para, esta vez s\u00ed, garantizar la victoria: \u00abColaborar m\u00e1s en ataque, que <strong>tuvimos bastantes fallos de cara a gol<\/strong> y, en nuestra porter\u00eda sacar alguna bola m\u00e1s. Con eso deber\u00edamos de poder ganar\u00bb. El rival de este s\u00e1bado, el Villa de Aranda, no anda tampoco muy sobrado de puntos en la und\u00e9cima posici\u00f3n y <strong>enlaza dos derrotas seguidas<\/strong>, pero aprovechar\u00e1 la baza de regresar a casa para resarcirse ante el E\u00f3n.<\/p>\n<p class=\"ft-text ft-helper-align-justify\">En cuanto a sus <a class=\"ft-link ft-link--decoration\" href=\"https:\/\/www.informacion.es\/deportes\/2025\/10\/21\/ander-torriko-anota-horneo-eon-122864085.html\" target=\"_blank\" rel=\"nofollow noopener\">compa\u00f1eros<\/a>, el portero reconoce que \u201cest\u00e1n motivados\u201d y lanza un <strong>mensaje de optimismo<\/strong>: \u201cLlevamos varios partidos que no llega la victoria, pero estamos motivados y trabajando bien. Con lo bien que estamos entrenando creo que nos merecemos ya la victoria y no va a tardar en llegar\u201d.<\/p>\n<p data-close=\"closedContent\" class=\"subscribeHideForDisplay\">Suscr\u00edbete para seguir leyendo<\/p>\n","protected":false},"excerpt":{"rendered":"El Horneo E\u00f3n Alicante ocupa la dif\u00edcil posici\u00f3n de colista en Asobal, con otro reto este s\u00e1bado en&hellip;\n","protected":false},"author":2,"featured_media":196062,"comment_status":"","ping_status":"","sticky":false,"template":"","format":"standard","meta":{"footnotes":""},"categories":[278],"tags":[376,168,36132,7013,21109,25,24,375,7012,20149,1675,620,15613,23,167,17025],"class_list":{"0":"post-196061","1":"post","2":"type-post","3":"status-publish","4":"format-standard","5":"has-post-thumbnail","7":"category-balonmano","8":"tag-balonmano","9":"tag-deportes","10":"tag-domenech","11":"tag-eon","12":"tag-eon-horneo","13":"tag-es","14":"tag-espana","15":"tag-handball","16":"tag-horneo","17":"tag-horneo-eon-alicante","18":"tag-liga-asobal","19":"tag-portero","20":"tag-roberto","21":"tag-spain","22":"tag-sports","23":"tag-villa-de-aranda"},"share_on_mastodon":{"url":"https:\/\/pubeurope.com\/@es\/115423641794293536","error":""},"_links":{"self":[{"href":"https:\/\/www.europesays.com\/es\/wp-json\/wp\/v2\/posts\/196061","targetHints":{"allow":["GET"]}}],"collection":[{"href":"https:\/\/www.europesays.com\/es\/wp-json\/wp\/v2\/posts"}],"about":[{"href":"https:\/\/www.europesays.com\/es\/wp-json\/wp\/v2\/types\/post"}],"author":[{"embeddable":true,"href":"https:\/\/www.europesays.com\/es\/wp-json\/wp\/v2\/users\/2"}],"replies":[{"embeddable":true,"href":"https:\/\/www.europesays.com\/es\/wp-json\/wp\/v2\/comments?post=196061"}],"version-history":[{"count":0,"href":"https:\/\/www.europesays.com\/es\/wp-json\/wp\/v2\/posts\/196061\/revisions"}],"wp:featuredmedia":[{"embeddable":true,"href":"https:\/\/www.europesays.com\/es\/wp-json\/wp\/v2\/media\/196062"}],"wp:attachment":[{"href":"https:\/\/www.europesays.com\/es\/wp-json\/wp\/v2\/media?parent=196061"}],"wp:term":[{"taxonomy":"category","embeddable":true,"href":"https:\/\/www.europesays.com\/es\/wp-json\/wp\/v2\/categories?post=196061"},{"taxonomy":"post_tag","embeddable":true,"href":"https:\/\/www.europesays.com\/es\/wp-json\/wp\/v2\/tags?post=196061"}],"curies":[{"name":"wp","href":"https:\/\/api.w.org\/{rel}","templated":true}]}}