{"id":196077,"date":"2025-10-23T13:18:10","date_gmt":"2025-10-23T13:18:10","guid":{"rendered":"https:\/\/www.europesays.com\/es\/196077\/"},"modified":"2025-10-23T13:18:10","modified_gmt":"2025-10-23T13:18:10","slug":"no-habia-camaras-de-seguridad-en-el-balcon-del-louvre-por-donde-entraron-los-ladrones-afirma-la-directora","status":"publish","type":"post","link":"https:\/\/www.europesays.com\/es\/196077\/","title":{"rendered":"No hab\u00eda c\u00e1maras de seguridad en el balc\u00f3n del Louvre por donde entraron los ladrones, afirma la directora"},"content":{"rendered":"<p>      CNN<br \/>\n        \u00a0\u2014\u00a0<\/p>\n<p class=\"paragraph inline-placeholder vossi-paragraph\" data-uri=\"es.cms.cnn.com\/_components\/paragraph\/instances\/cmh31wyzr00dh27qqamhvc2nq@published\" data-editable=\"text\" data-component-name=\"paragraph\" data-article-gutter=\"true\">\n            No hab\u00eda c\u00e1maras de seguridad monitoreando el balc\u00f3n del segundo piso donde los ladrones ingresaron al Louvre para robar <a href=\"https:\/\/www.cnn.com\/2025\/10\/20\/europe\/louvre-heist-jewels-recovery-scli-intl\" rel=\"nofollow noopener\" target=\"_blank\">joyas hist\u00f3ricas con un valor de m\u00e1s de US$ 100<\/a> millones, dijo la directora del museo en una audiencia de una Comisi\u00f3n del Senado franc\u00e9s.\n    <\/p>\n<p class=\"paragraph inline-placeholder vossi-paragraph\" data-uri=\"es.cms.cnn.com\/_components\/paragraph\/instances\/cmh320bao0007356nlvkwsriy@published\" data-editable=\"text\" data-component-name=\"paragraph\" data-article-gutter=\"true\">\n            Laurence des Cars dijo a los senadores el mi\u00e9rcoles que el balc\u00f3n este de la Galer\u00eda Apollo, donde <a href=\"https:\/\/www.cnn.com\/world\/europe\/timeline-louvre-robbery-intl-latam-vis\" rel=\"nofollow noopener\" target=\"_blank\">los ladrones irrumpieron en el edificio el domingo<\/a> usando una amoladora angular, no estaba cubierto por el viejo sistema de c\u00e1maras del museo.\n    <\/p>\n<p class=\"paragraph inline-placeholder vossi-paragraph\" data-uri=\"es.cms.cnn.com\/_components\/paragraph\/instances\/cmh320bao0008356n7o4yp49l@published\" data-editable=\"text\" data-component-name=\"paragraph\" data-article-gutter=\"true\">\n            \u201cDesafortunadamente, en el lado de la Galer\u00eda Apollo, la \u00fanica c\u00e1mara instalada da hacia el oeste y, por lo tanto, no cubre el balc\u00f3n afectado por el robo\u201d, declar\u00f3 des Cars en la audiencia, mientras los investigadores franceses se apresuraban a recuperar las joyas robadas.\n    <\/p>\n<p>       <img decoding=\"async\" src=\"https:\/\/www.europesays.com\/es\/wp-content\/uploads\/2025\/10\/louvre-1-20251023064251907.jpg\" alt=\"Laurence des Cars, presidente y director del Museo del Louvre, se sienta junto al senador franc\u00e9s Laurent Lafon antes del inicio de una audiencia en Par\u00eds, Francia, el mi\u00e9rcoles.\" class=\"image_expandable__dam-img image_expandable__dam-img--loading\" onload=\"this.classList.remove('image_expandable__dam-img--loading')\" onerror=\"imageLoadError(this)\" height=\"556\" width=\"834\" loading=\"lazy\"\/><\/p>\n<p>       <img decoding=\"async\" src=\"https:\/\/www.europesays.com\/es\/wp-content\/uploads\/2025\/10\/louvre-2-20251023064346446.jpg\" alt=\"Agentes de polic\u00eda trabajan dentro del museo del Louvre, el domingo 19 de octubre de 2025 en Par\u00eds.\" class=\"image_expandable__dam-img image_expandable__dam-img--loading\" onload=\"this.classList.remove('image_expandable__dam-img--loading')\" onerror=\"imageLoadError(this)\" height=\"556\" width=\"834\" loading=\"lazy\"\/><\/p>\n<p class=\"paragraph inline-placeholder vossi-paragraph\" data-uri=\"es.cms.cnn.com\/_components\/paragraph\/instances\/cmh320o94000c356nvqke2olu@published\" data-editable=\"text\" data-component-name=\"paragraph\" data-article-gutter=\"true\">\n            Des Cars, quien asumi\u00f3 el cargo en 2021, dijo que la debilidad del museo radica en la falta de protecci\u00f3n perimetral, lo que, seg\u00fan ella, era resultado de una \u201csubinversi\u00f3n cr\u00f3nica en equipos e infraestructura\u201d.\n    <\/p>\n<p class=\"paragraph inline-placeholder vossi-paragraph\" data-uri=\"es.cms.cnn.com\/_components\/paragraph\/instances\/cmh323vt3000l356no3cdv9b5@published\" data-editable=\"text\" data-component-name=\"paragraph\" data-article-gutter=\"true\">\n            La \u00faltima gran renovaci\u00f3n del Louvre fue en la d\u00e9cada de 1980 bajo la presidencia de Fran\u00e7ois Mitterrand, quien encarg\u00f3 al arquitecto chino-estadounidense IM Pei que dise\u00f1ara una entrada acorde con el hist\u00f3rico recinto.\n    <\/p>\n<p class=\"paragraph inline-placeholder vossi-paragraph\" data-uri=\"es.cms.cnn.com\/_components\/paragraph\/instances\/cmh323vt3000m356n8ljbc5lu@published\" data-editable=\"text\" data-component-name=\"paragraph\" data-article-gutter=\"true\">\n            La pir\u00e1mide de cristal que ahora forma la entrada al museo se abri\u00f3 al p\u00fablico en 1989, d\u00e1ndole un rostro moderno a una instituci\u00f3n hist\u00f3rica conocida por sus exhibiciones del mejor arte del mundo.\n    <\/p>\n<p class=\"paragraph inline-placeholder vossi-paragraph\" data-uri=\"es.cms.cnn.com\/_components\/paragraph\/instances\/cmh31x34m0000356n1ijnmu1q@published\" data-editable=\"text\" data-component-name=\"paragraph\" data-article-gutter=\"true\">\n            Des Cars coment\u00f3 que el proyecto de renovaci\u00f3n podr\u00eda haber generado una ilusi\u00f3n de impulso tras la modernizaci\u00f3n completa del museo. Sin embargo, a\u00f1adi\u00f3: \u201cEste importante proyecto de modernizaci\u00f3n ya tiene 40 a\u00f1os, con instalaciones que han superado las expectativas y que est\u00e1n al l\u00edmite de su capacidad\u201d.\n    <\/p>\n<p class=\"paragraph inline-placeholder vossi-paragraph\" data-uri=\"es.cms.cnn.com\/_components\/paragraph\/instances\/cmh32427h000o356n4pu3axct@published\" data-editable=\"text\" data-component-name=\"paragraph\" data-article-gutter=\"true\">\n            El robo se produjo a las 9:30 a.m., hora local, del domingo, cuando unos ladrones estacionaron un cami\u00f3n con una escalera m\u00f3vil frente a la galer\u00eda. A las 9:34 a. m., activaron la alarma en la puerta del segundo piso, lo que envi\u00f3 una se\u00f1al a un puesto de seguridad.\n    <\/p>\n<p class=\"paragraph inline-placeholder vossi-paragraph\" data-uri=\"es.cms.cnn.com\/_components\/paragraph\/instances\/cmh32427h000p356nkgf3qn6y@published\" data-editable=\"text\" data-component-name=\"paragraph\" data-article-gutter=\"true\">\n            Un agente de seguridad del auditorio inform\u00f3 por radio de una intrusi\u00f3n y el personal comenz\u00f3 a evacuar al p\u00fablico. Las alarmas de dos vitrinas de alta seguridad se activaron cuando los ladrones perforaron el cristal para robar las joyas. A las 9:36 a. m. se llam\u00f3 a la polic\u00eda. Un minuto despu\u00e9s, se emiti\u00f3 un mensaje solicitando el cierre de las puertas. A las 9:38 a. m., los ladrones hab\u00edan abandonado el edificio.\n    <\/p>\n<p>       <img decoding=\"async\" src=\"https:\/\/www.europesays.com\/es\/wp-content\/uploads\/2025\/10\/louvre-3-20251023064512255.jpg\" alt=\"La diadema de perlas de la emperatriz Eugenia se exhibi\u00f3 en la Galer\u00eda de Apolo del Louvre en Par\u00eds, Francia, el 20 de mayo de 2021. Se encuentra entre las ocho piezas que a\u00fan faltan.\" class=\"image__dam-img image__dam-img--loading\" onload=\"this.classList.remove('image__dam-img--loading')\" onerror=\"imageLoadError(this)\" height=\"987\" width=\"1316\" loading=\"lazy\"\/><\/p>\n<p class=\"paragraph inline-placeholder vossi-paragraph\" data-uri=\"es.cms.cnn.com\/_components\/paragraph\/instances\/cmh323q0m000j356nyklh3k7y@published\" data-editable=\"text\" data-component-name=\"paragraph\" data-article-gutter=\"true\">\n            Los equipos de vigilancia del exterior del museo impidieron que los sospechosos incendiaran su veh\u00edculo, pero no pudieron evitar su huida en motonetas por la orilla del Sena. Un agente del orden declar\u00f3 que los investigadores registraron el veh\u00edculo en busca de rastros de ADN. Se recuper\u00f3 una de las dos motonetas, as\u00ed como un casco que llevaba uno de los sospechosos, a\u00f1adi\u00f3 el agente.\n    <\/p>\n<p class=\"paragraph inline-placeholder vossi-paragraph\" data-uri=\"es.cms.cnn.com\/_components\/paragraph\/instances\/cmh325rjz000x356noh26szfs@published\" data-editable=\"text\" data-component-name=\"paragraph\" data-article-gutter=\"true\">\n            Des Cars declar\u00f3 el mi\u00e9rcoles que el sistema de seguridad dentro de la Galer\u00eda Apolo \u201cfuncionaba a la perfecci\u00f3n\u201d, pero que fue dise\u00f1ado hace varios a\u00f1os para proteger contra los mayores riesgos de la \u00e9poca. Por ejemplo, las vitrinas de alta seguridad que albergaban las joyas estaban dise\u00f1adas para resistir balas.\n    <\/p>\n<p class=\"paragraph inline-placeholder vossi-paragraph\" data-uri=\"es.cms.cnn.com\/_components\/paragraph\/instances\/cmh325oha000v356nt4afjnv4@published\" data-editable=\"text\" data-component-name=\"paragraph\" data-article-gutter=\"true\">\n            \u201cEn aquella \u00e9poca, este era el modus operandi predominante para este tipo de ataques, contra objetos preciosos, joyas y joyer\u00edas\u201d, dijo des Cars. \u201cDe eso se protege el Louvre\u201d.\n    <\/p>\n<p class=\"paragraph inline-placeholder vossi-paragraph\" data-uri=\"es.cms.cnn.com\/_components\/paragraph\/instances\/cmh3265td0012356n7txfistj@published\" data-editable=\"text\" data-component-name=\"paragraph\" data-article-gutter=\"true\">\n            Dijo que lo que se necesita ahora es adaptar el sistema a <a href=\"https:\/\/www.cnn.com\/2025\/10\/20\/style\/france-louvre-heist-worrying-escalation-intl-hnk\" rel=\"nofollow noopener\" target=\"_blank\">\u201cun nuevo tipo de ataque, a nuevos m\u00e9todos operativos que no hab\u00edan sido previstos\u201d.<\/a>\n    <\/p>\n<p class=\"paragraph inline-placeholder vossi-paragraph\" data-uri=\"es.cms.cnn.com\/_components\/paragraph\/instances\/cmh3265td0013356nn6erj11c@published\" data-editable=\"text\" data-component-name=\"paragraph\" data-article-gutter=\"true\">\n            El robo \u201cconmocion\u00f3 profundamente\u201d al personal del museo, a los ciudadanos franceses y a \u201ctodos aquellos que aman el Louvre\u201d, dijo des Cars.\n    <\/p>\n<p class=\"paragraph inline-placeholder vossi-paragraph\" data-uri=\"es.cms.cnn.com\/_components\/paragraph\/instances\/cmh3265td0014356nqu2bsemz@published\" data-editable=\"text\" data-component-name=\"paragraph\" data-article-gutter=\"true\">\n            Sugiri\u00f3 medidas para mejorar la seguridad del museo, como reforzar los l\u00edmites exteriores del Louvre y prohibir el estacionamiento de veh\u00edculos en las inmediaciones. Des Cars coment\u00f3 que tambi\u00e9n est\u00e1 considerando la posibilidad de instalar una comisar\u00eda dentro del museo.\n    <\/p>\n<p class=\"paragraph inline-placeholder vossi-paragraph\" data-uri=\"es.cms.cnn.com\/_components\/paragraph\/instances\/cmh3265td0015356nbdi3fvjr@published\" data-editable=\"text\" data-component-name=\"paragraph\" data-article-gutter=\"true\">\n            John Miller de CNN contribuy\u00f3 a este informe.\n    <\/p>\n","protected":false},"excerpt":{"rendered":"CNN \u00a0\u2014\u00a0 No hab\u00eda c\u00e1maras de seguridad monitoreando el balc\u00f3n del segundo piso donde los ladrones ingresaron al&hellip;\n","protected":false},"author":2,"featured_media":196078,"comment_status":"","ping_status":"","sticky":false,"template":"","format":"standard","meta":{"footnotes":""},"categories":[173],"tags":[229,233,231,230,21332,232,234,146,147,25,24,150,9212,7561,23],"class_list":{"0":"post-196077","1":"post","2":"type-post","3":"status-publish","4":"format-standard","5":"has-post-thumbnail","7":"category-arte-y-diseno","8":"tag-arte","9":"tag-arte-y-diseno","10":"tag-arts","11":"tag-arts-and-design","12":"tag-camaras","13":"tag-design","14":"tag-diseno","15":"tag-entertainment","16":"tag-entretenimiento","17":"tag-es","18":"tag-espana","19":"tag-instanoticias","20":"tag-louvre","21":"tag-robo","22":"tag-spain"},"share_on_mastodon":{"url":"https:\/\/pubeurope.com\/@es\/115423681340598091","error":""},"_links":{"self":[{"href":"https:\/\/www.europesays.com\/es\/wp-json\/wp\/v2\/posts\/196077","targetHints":{"allow":["GET"]}}],"collection":[{"href":"https:\/\/www.europesays.com\/es\/wp-json\/wp\/v2\/posts"}],"about":[{"href":"https:\/\/www.europesays.com\/es\/wp-json\/wp\/v2\/types\/post"}],"author":[{"embeddable":true,"href":"https:\/\/www.europesays.com\/es\/wp-json\/wp\/v2\/users\/2"}],"replies":[{"embeddable":true,"href":"https:\/\/www.europesays.com\/es\/wp-json\/wp\/v2\/comments?post=196077"}],"version-history":[{"count":0,"href":"https:\/\/www.europesays.com\/es\/wp-json\/wp\/v2\/posts\/196077\/revisions"}],"wp:featuredmedia":[{"embeddable":true,"href":"https:\/\/www.europesays.com\/es\/wp-json\/wp\/v2\/media\/196078"}],"wp:attachment":[{"href":"https:\/\/www.europesays.com\/es\/wp-json\/wp\/v2\/media?parent=196077"}],"wp:term":[{"taxonomy":"category","embeddable":true,"href":"https:\/\/www.europesays.com\/es\/wp-json\/wp\/v2\/categories?post=196077"},{"taxonomy":"post_tag","embeddable":true,"href":"https:\/\/www.europesays.com\/es\/wp-json\/wp\/v2\/tags?post=196077"}],"curies":[{"name":"wp","href":"https:\/\/api.w.org\/{rel}","templated":true}]}}