{"id":196094,"date":"2025-10-23T13:27:10","date_gmt":"2025-10-23T13:27:10","guid":{"rendered":"https:\/\/www.europesays.com\/es\/196094\/"},"modified":"2025-10-23T13:27:10","modified_gmt":"2025-10-23T13:27:10","slug":"amazon-usa-la-ia-para-mejorar-los-robots-que-trabajan-en-sus-centros-de-distribucion","status":"publish","type":"post","link":"https:\/\/www.europesays.com\/es\/196094\/","title":{"rendered":"Amazon usa la IA para mejorar los robots que trabajan en sus centros de distribuci\u00f3n"},"content":{"rendered":"<p>    <img src=\"https:\/\/www.europesays.com\/es\/wp-content\/uploads\/2025\/10\/2025-10-23T113A393A48Z-90214908.jpg\" width=\"1024\" height=\"682\" alt=\"\" loading=\"eager\" decoding=\"sync\" fetchpriority=\"high\"\/><\/p>\n<p>            afp_tickers        <\/p>\n<p>        Este contenido fue publicado en    <\/p>\n<p>        23 octubre 2025 &#8211; 13:39\n<\/p>\n<p>Amazon dijo el mi\u00e9rcoles que est\u00e1 acelerando la automatizaci\u00f3n de sus almacenes con la ayuda de inteligencia artificial y rob\u00f3tica, lo que plantea dudas sobre el futuro de los trabajadores humanos en sus centros de distribuci\u00f3n.<\/p>\n<p>El gigante del comercio electr\u00f3nico present\u00f3 los brazos rob\u00f3ticos \u00abBlue Jay\u00bb y otras herramientas de alta tecnolog\u00eda impulsadas con inteligencia artificial (IA) en un enorme centro de distribuci\u00f3n en Silicon Valley.<\/p>\n<p>Seg\u00fan la empresa, los Blue Jay pueden recoger, clasificar y consolidar los paquetes con eficiencia en una sola estaci\u00f3n de trabajo.<\/p>\n<p>La empresa afirm\u00f3 que la IA no solo est\u00e1 impulsando innovaciones, sino que tambi\u00e9n acelera la velocidad con la que se desarrollan.<\/p>\n<p>La llegada de los Blue Jay, que est\u00e1n a prueba en Carolina del Sur, sigue a la de un robot Vulcan a principios de este a\u00f1o, que seg\u00fan la empresa tiene capacidad del sentido del tacto.\u00a0<\/p>\n<p>El jefe de tecnolog\u00eda de Amazon Robotics, Tye Brady, desestim\u00f3 las preocupaciones de que mejorar los almacenes con rob\u00f3tica e IA signifique menos empleos para humanos, al afirmar que Amazon ha creado m\u00e1s empleos en Estados Unidos en la \u00faltima d\u00e9cada que cualquier otra empresa.<\/p>\n<p>\u00abEstos sistemas no son experimentos. Son herramientas reales dise\u00f1adas para que tu trabajo sea m\u00e1s seguro, inteligente y gratificante\u00bb, dijo Brady.<\/p>\n<p>Las innovaciones de Amazon van m\u00e1s all\u00e1 de los centros de distribuci\u00f3n, al mostrar tambi\u00e9n gafas inteligentes equipadas con c\u00e1maras que muestran instrucciones de navegaci\u00f3n y de entrega a los conductores de reparto.<\/p>\n<p>bl-gc\/dw\/cjc\/mas<\/p>\n","protected":false},"excerpt":{"rendered":"afp_tickers Este contenido fue publicado en 23 octubre 2025 &#8211; 13:39 Amazon dijo el mi\u00e9rcoles que est\u00e1 acelerando&hellip;\n","protected":false},"author":2,"featured_media":196095,"comment_status":"","ping_status":"","sticky":false,"template":"","format":"standard","meta":{"footnotes":""},"categories":[80],"tags":[82,5796,7655,95,94,25,24,20120,7659,20122,23,90],"class_list":{"0":"post-196094","1":"post","2":"type-post","3":"status-publish","4":"format-standard","5":"has-post-thumbnail","7":"category-economia","8":"tag-business","9":"tag-computing-and-information-technology","10":"tag-consumer-goods","11":"tag-economia","12":"tag-economy","13":"tag-es","14":"tag-espana","15":"tag-it-computer-sciences","16":"tag-retail","17":"tag-sci-tech","18":"tag-spain","19":"tag-ticker"},"share_on_mastodon":{"url":"https:\/\/pubeurope.com\/@es\/115423716932061212","error":""},"_links":{"self":[{"href":"https:\/\/www.europesays.com\/es\/wp-json\/wp\/v2\/posts\/196094","targetHints":{"allow":["GET"]}}],"collection":[{"href":"https:\/\/www.europesays.com\/es\/wp-json\/wp\/v2\/posts"}],"about":[{"href":"https:\/\/www.europesays.com\/es\/wp-json\/wp\/v2\/types\/post"}],"author":[{"embeddable":true,"href":"https:\/\/www.europesays.com\/es\/wp-json\/wp\/v2\/users\/2"}],"replies":[{"embeddable":true,"href":"https:\/\/www.europesays.com\/es\/wp-json\/wp\/v2\/comments?post=196094"}],"version-history":[{"count":0,"href":"https:\/\/www.europesays.com\/es\/wp-json\/wp\/v2\/posts\/196094\/revisions"}],"wp:featuredmedia":[{"embeddable":true,"href":"https:\/\/www.europesays.com\/es\/wp-json\/wp\/v2\/media\/196095"}],"wp:attachment":[{"href":"https:\/\/www.europesays.com\/es\/wp-json\/wp\/v2\/media?parent=196094"}],"wp:term":[{"taxonomy":"category","embeddable":true,"href":"https:\/\/www.europesays.com\/es\/wp-json\/wp\/v2\/categories?post=196094"},{"taxonomy":"post_tag","embeddable":true,"href":"https:\/\/www.europesays.com\/es\/wp-json\/wp\/v2\/tags?post=196094"}],"curies":[{"name":"wp","href":"https:\/\/api.w.org\/{rel}","templated":true}]}}