{"id":196096,"date":"2025-10-23T13:28:21","date_gmt":"2025-10-23T13:28:21","guid":{"rendered":"https:\/\/www.europesays.com\/es\/196096\/"},"modified":"2025-10-23T13:28:21","modified_gmt":"2025-10-23T13:28:21","slug":"el-papa-y-el-rey-de-inglaterra-rezan-juntos-500-anos-despues-del-cisma-anglicano-internacional","status":"publish","type":"post","link":"https:\/\/www.europesays.com\/es\/196096\/","title":{"rendered":"El Papa y el rey de Inglaterra rezan juntos 500 a\u00f1os despu\u00e9s del cisma anglicano | Internacional"},"content":{"rendered":"<p class=\"\">Le\u00f3n XIV y Carlos III han hecho historia este jueves a mediod\u00eda al rezar juntos en comuni\u00f3n en <a href=\"https:\/\/elpais.com\/internacional\/2025-05-07\/asi-fue-el-fuera-todos-que-dejo-a-puerta-cerrada-a-los-133-cardenales-en-la-capilla-sixtina.html\" target=\"_self\" rel=\"nofollow noopener\" title=\"https:\/\/elpais.com\/internacional\/2025-05-07\/asi-fue-el-fuera-todos-que-dejo-a-puerta-cerrada-a-los-133-cardenales-en-la-capilla-sixtina.html\">la Capilla Sixtina del Vaticano<\/a> durante 20 minutos. Es una escena que no se produc\u00eda desde hace casi 500 a\u00f1os: nunca antes un Papa y un monarca del Reino Unido \u2014que tambi\u00e9n es gobernador supremo de la Iglesia de Inglaterra\u2014, hab\u00edan compartido un momento as\u00ed desde el cisma <a href=\"https:\/\/elpais.com\/diario\/1992\/11\/20\/sociedad\/722214002_850215.html\" target=\"_self\" rel=\"nofollow noopener\" title=\"https:\/\/elpais.com\/diario\/1992\/11\/20\/sociedad\/722214002_850215.html\">propiciado en 1534 por el rey Enrique VIII, tras el rechazo de Roma a su petici\u00f3n de anulaci\u00f3n de matrimonio con Catalina de Arag\u00f3n<\/a>. La Santa Sede y Reino Unido no restablecieron relaciones hasta 1914 y solo tienen embajadores desde 1982. <\/p>\n<p class=\"\">Se ha tratado de una plegaria ecum\u00e9nica, el t\u00e9rmino religioso que se emplea para referirse a la b\u00fasqueda de unidad entre los cristianos, dedicada al cuidado de la creaci\u00f3n. La protecci\u00f3n del medio ambiente y las pol\u00edticas ecologistas son una prioridad tanto de Le\u00f3n XIV, que sigue la estela de Francisco, como del rey Carlos, que siempre ha mostrado su implicaci\u00f3n e inter\u00e9s en este campo.<\/p>\n<p class=\"\">El monarca ha asistido a la ceremonia con su esposa, <a href=\"https:\/\/elpais.com\/noticias\/camilla-parker-bowles\/\" target=\"_self\" rel=\"nofollow noopener\" title=\"https:\/\/elpais.com\/noticias\/camilla-parker-bowles\/\">la reina Camila<\/a>, que, aunque es anglicana, contrajo su primer matrimonio por el rito cat\u00f3lico con Andrew Parker Bowles. Estaba vestida de negro porque, seg\u00fan el protocolo, solo las reinas cat\u00f3licas pueden vestir de blanco ante el Pont\u00edfice.<\/p>\n<p><img fetchpriority=\"high\" decoding=\"auto\" class=\"_re  a_m-h\" height=\"277\"  width=\"414\" src=\"https:\/\/www.europesays.com\/es\/wp-content\/uploads\/2025\/10\/IJFVBGLRMZBABGYRIE3CMCYQBE.JPG\" loading=\"eager\"\/>El papa Le\u00f3n XIV encabeza una oraci\u00f3n junto al arzobispo de York, Stephen Cottrell, en presencia del rey Carlos III y la reina Camila, este jueves en la Capilla Sixtina.Francesco Sforza (via REUTERS)<img decoding=\"auto\" class=\"_re lazyload a_m-h\" height=\"277\"  width=\"414\" src=\"https:\/\/www.europesays.com\/es\/wp-content\/uploads\/2025\/10\/Z5LG7EKWIVJMTNROPDK4IECMBY.jpg\" loading=\"lazy\"\/>El papa Le\u00f3n XIV encabeza una oraci\u00f3n junto al arzobispo de York, Stephen Cottrell, en presencia del rey Carlos III y la reina Camila, este jueves en la Capilla Sixtina.Francesco Sforza (via REUTERS)<img decoding=\"auto\" class=\"_re lazyload a_m-h\" height=\"277\"  width=\"414\" src=\"https:\/\/www.europesays.com\/es\/wp-content\/uploads\/2025\/10\/OY4BFKMNH5MW3HLUCMHDLXFNQ4.jpg\" loading=\"lazy\"\/>El rey Carlos III y la reina Camila asisten a una oraci\u00f3n  presidida por el papa Le\u00f3n XIV en la Capilla Sixtina, este jueves. Simone Risoluti (via REUTERS)<img decoding=\"auto\" class=\"_re lazyload a_m-h\" height=\"277\"  width=\"414\" src=\"https:\/\/www.europesays.com\/es\/wp-content\/uploads\/2025\/10\/K3THVGHNOBIAXHSIHO2LLSFOSU.jpg\" loading=\"lazy\"\/>El papa Le\u00f3n XIV junto a Carlos III y a la reina Camila, durante una audiencia privada celebrada este jueves en el Vaticano.Simone Risoluti (via REUTERS)<img decoding=\"auto\" class=\"_re lazyload a_m-h\" height=\"277\"  width=\"414\" src=\"https:\/\/www.europesays.com\/es\/wp-content\/uploads\/2025\/10\/2EDH2IJ2UVMAXF6XRAC4DNUGBI.jpg\" loading=\"lazy\"\/>El papa Le\u00f3n XIV saluda al rey Carlos III y a la reina Camila durante una audiencia privada celebrada este jueves en el Vaticano.Simone Risoluti (via REUTERS)<img decoding=\"auto\" class=\"_re lazyload a_m-h\" height=\"277\"  width=\"414\" src=\"https:\/\/www.europesays.com\/es\/wp-content\/uploads\/2025\/10\/KLD6OXPAQFM2BKMU2HS72CCKU4.jpg\" loading=\"lazy\"\/>El papa Le\u00f3n XIV recibe al rey Carlos III y a la reina Camila, este jueves en el Vaticano.Simone Risoluti (via REUTERS)<img decoding=\"auto\" class=\"_re lazyload a_m-h\" height=\"277\"  width=\"414\" src=\"https:\/\/www.europesays.com\/es\/wp-content\/uploads\/2025\/10\/TSN2UOZBFBPJJMPOJYN2TLJ76I.jpg\" loading=\"lazy\"\/>El papa Le\u00f3n XIV saluda al rey Carlos III durante la audiencia privada celebrada este jueves en el Vaticano.Simone Risoluti (via REUTERS)<img decoding=\"auto\" class=\"_re lazyload a_m-h\" height=\"276\"  width=\"414\" src=\"https:\/\/www.europesays.com\/es\/wp-content\/uploads\/2025\/10\/ZKIWKIX4DFF7VBW76CM74QDSPE.jpg\" loading=\"lazy\"\/>La reina Camila, en el patio de San D\u00e1maso en el Vaticano, este jueves, en el marco de su visita de Estado. Cecilia Fabiano (AP)<img decoding=\"auto\" class=\"_re lazyload a_m-h\" height=\"276\"  width=\"414\" src=\"https:\/\/www.europesays.com\/es\/wp-content\/uploads\/2025\/10\/P3CYF4CRZFNDJBPNSHEPX256SI.jpg\" loading=\"lazy\"\/>El rey Carlos III, a su llegada al patio de San D\u00e1maso, en la Ciudad del Vaticano, este jueves.<br \/>\nANGELO CARCONI (EFE)<img decoding=\"auto\" class=\"_re lazyload a_m-h\" height=\"277\"  width=\"414\" src=\"https:\/\/www.europesays.com\/es\/wp-content\/uploads\/2025\/10\/GNJACHHZOZMDZEMJJ6WJ4JRPMY.jpg\" loading=\"lazy\"\/>El rey Carlos III y la reina Camila son recibidos en el Vaticano,  este jueves. Simone Risoluti (via REUTERS)<img decoding=\"auto\" class=\"_re lazyload a_m-h\" height=\"276\"  width=\"414\" src=\"https:\/\/www.europesays.com\/es\/wp-content\/uploads\/2025\/10\/UT7VPJMIUNPETDMTXS4CE7KXS4.jpg\" loading=\"lazy\"\/>El rey Carlos III y la reina Camila (derecha) a su llegada al patio de San D\u00e1maso, este jueves en la Ciudad del Vaticano.<br \/>\nANGELO CARCONI (EFE)<img decoding=\"auto\" class=\"_re lazyload a_m-h\" height=\"277\"  width=\"414\" src=\"https:\/\/www.europesays.com\/es\/wp-content\/uploads\/2025\/10\/2DCJNDPFYJMUDCZOP36I62ZWAY.jpg\" loading=\"lazy\"\/>Monse\u00f1or Leonardo Sapienza da la bienvenida al rey Carlos III a su llegada al patio de San D\u00e1maso, en el Vaticano, este jueves. Phil Noble (REUTERS)<img decoding=\"auto\" class=\"_re lazyload a_m-h\" height=\"276\"  width=\"414\" src=\"https:\/\/www.europesays.com\/es\/wp-content\/uploads\/2025\/10\/3K6Z4Z3OUNEQVBGK2DAMVRKIDQ.jpg\" loading=\"lazy\"\/>Guardias suizos esperan la llegada del rey Carlos III y la reina Camila en el patio de San D\u00e1maso del Vaticano, este jueves. ANGELO CARCONI (EFE)<\/p>\n<p class=\"\">El rito, en ingl\u00e9s y lat\u00edn,<b> <\/b>ha sido concelebrado por el Papa estadounidense-peruano y el arzobispo de York, Stephen Cottrell. En realidad ya ha sido elegida <a href=\"https:\/\/elpais.com\/sociedad\/2025-10-03\/carlos-iii-de-inglaterra-nombra-a-una-mujer-arzobispa-de-canterbury-el-rango-mas-alto-en-la-iglesia-anglicana.html\" target=\"_self\" rel=\"nofollow noopener\" title=\"https:\/\/elpais.com\/sociedad\/2025-10-03\/carlos-iii-de-inglaterra-nombra-a-una-mujer-arzobispa-de-canterbury-el-rango-mas-alto-en-la-iglesia-anglicana.html\">su sucesora, que por primera vez es una mujer, Sarah Mullally, pero no tomar\u00e1 posesi\u00f3n de su cargo hasta enero<\/a>.<\/p>\n<p class=\"\">Carlos y Camila llegaron la noche del mi\u00e9rcoles a Roma y se hospedaron en la Villa Wolkonsky, la lujosa residencia del embajador brit\u00e1nico ante la Santa Sede. Este jueves por la ma\u00f1ana, se han trasladado al Vaticano poco antes de las once, han cruzado el Arco de las Campanas y se han reunido con Le\u00f3n XIV en <a href=\"https:\/\/elpais.com\/cultura\/2010\/09\/13\/album\/1284328801_910215.html\" target=\"_self\" rel=\"nofollow noopener\" title=\"https:\/\/elpais.com\/cultura\/2010\/09\/13\/album\/1284328801_910215.html\">la Biblioteca Vaticana<\/a>. Era una visita programada para el pasado mes de abril, pero fue aplazada por las graves condiciones de salud de Francisco. No obstante, pudieron verle en una breve visita diez d\u00edas antes de que <a href=\"https:\/\/elpais.com\/internacional\/2025-04-21\/muere-el-papa-francisco-un-vendaval-social-y-reformador-en-la-iglesia.html\" target=\"_self\" rel=\"nofollow noopener\" title=\"https:\/\/elpais.com\/internacional\/2025-04-21\/muere-el-papa-francisco-un-vendaval-social-y-reformador-en-la-iglesia.html\">falleciera<\/a>.<\/p>\n<p class=\"\">Despu\u00e9s, tras unos 45 minutos de entrevista privada, Carlos III se ha reunido con el secretario de Estado vaticano, el cardenal Pietro Parolin, como es habitual en cada visita de un jefe de Estado o de Gobierno. Mientras, Camila ha disfrutado de una visita privada de <a href=\"https:\/\/elpais.com\/cultura\/2009\/10\/30\/actualidad\/1256857205_850215.html\" target=\"_self\" rel=\"nofollow noopener\" title=\"https:\/\/elpais.com\/cultura\/2009\/10\/30\/actualidad\/1256857205_850215.html\">la Capilla Paulina, cercana a la Sixtina, donde se encuentran los \u00faltimos frescos de Miguel \u00c1ngel<\/a>. <\/p>\n<p><img decoding=\"auto\" class=\"_re lazyload a_m-h\" height=\"276\"  width=\"414\"  src=\"https:\/\/www.europesays.com\/es\/wp-content\/uploads\/2025\/10\/OX3ZIYOYCZISVIF2T2DIBJZIOM.jpg\" loading=\"lazy\"\/>La reina Camila visita la Capilla Paulina en el Vaticano, este jueves. Pool (via REUTERS)<\/p>\n<p class=\"\">Por la tarde, los reyes visitar\u00e1n el Colegio Pontificio Beda (cat\u00f3lico-brit\u00e1nico) y, despu\u00e9s, la bas\u00edlica papal de San Pablo Extramuros, otro gesto simb\u00f3lico. Carlos III se sentar\u00e1 en el templo en un asiento reservado permanentemente para el monarca brit\u00e1nico, reconocido como cofrade real (royal confrater), para subrayar el v\u00ednculo espiritual entre el l\u00edder de la Iglesia anglicana y el Papa. \u201cUna uni\u00f3n contra el conflicto, la tiran\u00eda y la divisi\u00f3n\u201d, seg\u00fan ha explicado un portavoz del Palacio de Buckingham. El esca\u00f1o tiene la inscripci\u00f3n en lat\u00edn Ut unum sint (Que todos sean uno), palabras del evangelio de San Juan.<\/p>\n<p class=\"\">Del mismo modo, el Papa ser\u00e1 papal confrater, cofrade papal, con un esca\u00f1o especial en la Capilla de San Jorge de Windsor. Adem\u00e1s, el rey ha entregado a Le\u00f3n XIV la Gran Cruz de la Orden de Bath y el Papa le otorgar\u00e1 el t\u00edtulo de caballero de la Gran Cruz con el Collar de la Orden de P\u00edo IX.<\/p>\n","protected":false},"excerpt":{"rendered":"Le\u00f3n XIV y Carlos III han hecho historia este jueves a mediod\u00eda al rezar juntos en comuni\u00f3n en&hellip;\n","protected":false},"author":2,"featured_media":196097,"comment_status":"","ping_status":"","sticky":false,"template":"","format":"standard","meta":{"footnotes":""},"categories":[42],"tags":[17,18,54450,21944,38664,27481,13,14,11,54449,401,61,62,63,64,628,19,20,6041,9,10,15,16,400,2444,12631,12,21,22,65,66,67],"class_list":{"0":"post-196096","1":"post","2":"type-post","3":"status-publish","4":"format-standard","5":"has-post-thumbnail","7":"category-internacional","8":"tag-breaking-news","9":"tag-breakingnews","10":"tag-capilla-sixtina","11":"tag-carlos-iii-de-inglaterra","12":"tag-ciudad-del-vaticano","13":"tag-ecumenismo","14":"tag-featured-news","15":"tag-featurednews","16":"tag-headlines","17":"tag-iglesia-anglicana","18":"tag-iglesia-catolica","19":"tag-internacional","20":"tag-international","21":"tag-international-news","22":"tag-internationalnews","23":"tag-italia","24":"tag-latest-news","25":"tag-latestnews","26":"tag-monarquia","27":"tag-news","28":"tag-noticias","29":"tag-noticias-destacadas","30":"tag-noticiasdestacadas","31":"tag-papa-leon-xiv","32":"tag-reino-unido","33":"tag-santa-sede","34":"tag-titulares","35":"tag-ultimas-noticias","36":"tag-ultimasnoticias","37":"tag-world","38":"tag-world-news","39":"tag-worldnews"},"share_on_mastodon":{"url":"","error":"Validation failed: Text character limit of 500 exceeded"},"_links":{"self":[{"href":"https:\/\/www.europesays.com\/es\/wp-json\/wp\/v2\/posts\/196096","targetHints":{"allow":["GET"]}}],"collection":[{"href":"https:\/\/www.europesays.com\/es\/wp-json\/wp\/v2\/posts"}],"about":[{"href":"https:\/\/www.europesays.com\/es\/wp-json\/wp\/v2\/types\/post"}],"author":[{"embeddable":true,"href":"https:\/\/www.europesays.com\/es\/wp-json\/wp\/v2\/users\/2"}],"replies":[{"embeddable":true,"href":"https:\/\/www.europesays.com\/es\/wp-json\/wp\/v2\/comments?post=196096"}],"version-history":[{"count":0,"href":"https:\/\/www.europesays.com\/es\/wp-json\/wp\/v2\/posts\/196096\/revisions"}],"wp:featuredmedia":[{"embeddable":true,"href":"https:\/\/www.europesays.com\/es\/wp-json\/wp\/v2\/media\/196097"}],"wp:attachment":[{"href":"https:\/\/www.europesays.com\/es\/wp-json\/wp\/v2\/media?parent=196096"}],"wp:term":[{"taxonomy":"category","embeddable":true,"href":"https:\/\/www.europesays.com\/es\/wp-json\/wp\/v2\/categories?post=196096"},{"taxonomy":"post_tag","embeddable":true,"href":"https:\/\/www.europesays.com\/es\/wp-json\/wp\/v2\/tags?post=196096"}],"curies":[{"name":"wp","href":"https:\/\/api.w.org\/{rel}","templated":true}]}}