{"id":196101,"date":"2025-10-23T13:31:07","date_gmt":"2025-10-23T13:31:07","guid":{"rendered":"https:\/\/www.europesays.com\/es\/196101\/"},"modified":"2025-10-23T13:31:07","modified_gmt":"2025-10-23T13:31:07","slug":"el-club-balonmano-lucena-aporto-4-jugadoras-al-equipo-autonomico-en-tres-categorias-diferentes","status":"publish","type":"post","link":"https:\/\/www.europesays.com\/es\/196101\/","title":{"rendered":"El Club Balonmano Lucena aport\u00f3 4 jugadoras al equipo auton\u00f3mico en tres categor\u00edas diferentes"},"content":{"rendered":"<p>Lucena ha sido este mes de octubre\u00a0epicentro del balonmano andaluz con la presencia de los mejores jugadores y jugadoras cadetes y juveniles de la comunidad. El Pabell\u00f3n Municipal Ernestina Maenza fue escenario de una intensa actividad deportiva con motivo de las <strong>concentraciones de la Selecci\u00f3n Andaluza de Balonmano<\/strong> en dichas categor\u00edas, tanto masculinas como femeninas. \u201cEsto supone un <strong>hito sin precedentes<\/strong>\u201d, afirm\u00f3 <strong>Jes\u00fas Mu\u00f1oz, entrenador de la secci\u00f3n femenina del Club Balonmano Lucena<\/strong>.<\/p>\n<p>Estas convocatorias forman parte del proceso de configuraci\u00f3n de los combinados auton\u00f3micos que representar\u00e1n a Andaluc\u00eda en el Campeonato de Espa\u00f1a, previsto para el pr\u00f3ximo mes de enero en Barcelona. Los entrenamientos se desarrollaron con una planificaci\u00f3n intensiva. De 9:00 a 15:00 horas, las pistas acogieron las categor\u00edas Cadete Promesas, tanto masculina como femenina. Y, de 15:00 a 21:00 horas, fue el turno de Juvenil Promesas. Todos trabajaron bajo las \u00f3rdenes del cuerpo t\u00e9cnico federativo.<\/p>\n<p>Concentracio\u0301n Andaluza Balonmano<\/p>\n<p>Durante las jornadas estuvieron presentes el director t\u00e9cnico de la Federaci\u00f3n Andaluza de Balonmano, Antonio Ortiz, y el concejal de Deportes del Ayuntamiento de Lucena, \u00c1ngel Novillo, quienes destacaron la importancia de que la ciudad sea sede de eventos de este nivel y el compromiso de Lucena con el deporte base y la formaci\u00f3n.<\/p>\n<p>\u00a0<\/p>\n<p><b>Presencia lucentina en las convocatorias<\/b><\/p>\n<p>Nuestra ciudad puede presumir de contar con representaci\u00f3n en la Selecci\u00f3n Andaluza. <strong>El Club Balonmano Lucena aport\u00f3 un total de cuatro jugadoras a las convocatorias en tres categor\u00edas diferentes<\/strong>.\u00a0<\/p>\n<p>Se trata de la primera vez que este club logra que convoquen a algunas de sus deportistas para el combinado auton\u00f3mico en cualquiera de sus categor\u00edas. \u201cHace cuatro a\u00f1os que empezamos con esta andadura. Empezamos desde cero y, l\u00f3gicamente, hasta que no les hemos ido metiendo un poco de nivel a nuestras jugadoras, que se han ido formando desde etapa benjam\u00edn y alev\u00edn, no han logrado ser llamadas\u201d, explica Mu\u00f1oz. \u201cEstamos mostrando la visibilidad del balonmano en Lucena y estamos haciendo un buen trabajo para aportar jugadoras a la Andaluza\u201d.<\/p>\n<p>\u00a0<\/p>\n<p>\u00a0<\/p>\n<p>En la categor\u00eda cadete femenina, han sido convocadas las jugadoras <strong>Ana Sof\u00eda Orozco y Carla S\u00e1nchez Hornero<\/strong>. Ana, de 14 a\u00f1os, juega de lateral izquierdo y ya hab\u00eda sido llamada: \u201cEstuve Infantil Promesas en tres convocatorias, pero luego me romp\u00ed un dedo y ya no fui m\u00e1s. Y ahora otra vez me han vuelto a llamar\u201d. En cambio, Carla, de 14 a\u00f1os y que ocupa la posici\u00f3n de extremo izquierdo en la pista, se ha estrenado en estas concentraciones: \u201cMe he sentido muy feliz al ver mi nombre en la lista y me siento orgullosa de m\u00ed misma\u201d. Ambas desean volver a vivir una experiencia como esta.<\/p>\n<p>Por otra parte, en la juvenil femenina, la lucentina <strong>Alba Mu\u00f1oz Mora<\/strong>, actualmente militando en el Adesal C\u00f3rdoba, tambi\u00e9n form\u00f3 parte de la concentraci\u00f3n. La pivote de 16 a\u00f1os afirm\u00f3 sentirse muy ilusionada cuando se enter\u00f3 de que hab\u00eda sido llamada: \u201cYo nunca he estado convocada y ha sido una noticia que a m\u00ed me ha gustado mucho. Estar all\u00ed entrenando con muchas compa\u00f1eras que ya conoc\u00eda ha sido muy emocionante\u201d. Alba quiere que no sea su \u00faltima convocatoria y se mostr\u00f3 orgullosa de representar a su localidad: \u201cEstar en un campeonato a mayor nivel y ser de un pueblo m\u00e1s chiquito o no de ciudades tan grandes para m\u00ed ser\u00eda un honor\u201d.<\/p>\n<p>Concentracio\u0301n Andaluza Balonmano\u00a0<\/p>\n<p>Adem\u00e1s, en la categor\u00eda infantil, la jugadora <strong>Natalia Mu\u00f1oz Mora<\/strong> ha sido llamada por la Federaci\u00f3n Andaluza, pero su entrenamiento se llev\u00f3 a cabo en M\u00e1laga. Para ella, de 12 a\u00f1os y que juega de pivote, esto ha supuesto una gran emoci\u00f3n, aunque hubiera preferido llevar a cabo la concentraci\u00f3n en Lucena al igual que sus compa\u00f1eras: \u201cYo hubiera preferido que la hubieran hecho aqu\u00ed porque as\u00ed podr\u00eda haber venido m\u00e1s gente a verme o animarme, por ejemplo\u201d, explic\u00f3. A\u00fan as\u00ed, espera que no sea la \u00faltima vez que cuenten con ella porque quiere conocer a m\u00e1s gente y mejorar en su posici\u00f3n.<\/p>\n<p>\u201cEs un \u00e9xito muy importante que cuatro jugadoras hayan representado al Club Balonmano Lucena en Infantil Promesas, Cadete Promesas y Juvenil Promesas. Estoy muy contento como entrenador y director t\u00e9cnico. La experiencia ha sido maravillosa, espero que se vuelva a repetir y que sigan convocando a las nuestras\u201d, concluy\u00f3 Mu\u00f1oz.<\/p>\n<p>Por otro lado, la secci\u00f3n masculina del club no ha logrado meter a ninguno de los chicos en las listas de convocados. \u201cComo ya te he dicho empezamos hace cuatro a\u00f1os y lo m\u00e1ximo que llegamos con ni\u00f1os es a categor\u00eda cadete, aunque el a\u00f1o que viene esperamos incorporar tambi\u00e9n la de juveniles\u201d, detall\u00f3 el preparador lucentino. A pesar de no haber conseguido llegar a la auton\u00f3mica, s\u00ed lo han hecho a la provincial. \u201cAlgunos infantiles y cadetes han ido a la Selecci\u00f3n Cordobesa. Pero, de cara a la Andaluza, ya sabemos que hay demasiado nivel\u201d, apunt\u00f3 Mu\u00f1oz.<\/p>\n<p>Concentracio\u0301n Andaluza Balonmano<\/p>\n<p><b>Formaci\u00f3n para futuros entrenadores<\/b><\/p>\n<p>Otro de los aspectos destacados del fin de semana fue la participaci\u00f3n de 40 alumnos del curso de entrenador de nivel I, procedentes de diferentes puntos de Andaluc\u00eda, quienes realizaron sus pr\u00e1cticas profesionales bajo la supervisi\u00f3n del equipo t\u00e9cnico de la Federaci\u00f3n. Estos aprendizajes se desarrollaron de forma paralela a las concentraciones de jugadores, permitiendo a los futuros t\u00e9cnicos observar y colaborar en los entrenamientos de los combinados auton\u00f3micos.<\/p>\n<p>Con este tipo de eventos, Lucena reafirma su papel como ciudad comprometida con el deporte y el desarrollo del talento joven, acogiendo no solo a las futuras estrellas del balonmano andaluz, sino tambi\u00e9n a quienes se preparan para dirigirlas desde los banquillos. Adem\u00e1s, el Club Balonmano Lucena sigue creciendo y formando cada vez mejor a sus jugadoras y jugadores.<\/p>\n<p>La presidente del CBL, Sonia Mora, director te\u0301cnico de la Federacio\u0301n Andaluza, Antonio Ortiz, y concejal de Deportes, A\u0301ngel Novillo<\/p>\n<p>\u00a0<\/p>\n","protected":false},"excerpt":{"rendered":"Lucena ha sido este mes de octubre\u00a0epicentro del balonmano andaluz con la presencia de los mejores jugadores y&hellip;\n","protected":false},"author":2,"featured_media":196102,"comment_status":"","ping_status":"","sticky":false,"template":"","format":"standard","meta":{"footnotes":""},"categories":[278],"tags":[376,168,25,24,375,23,167],"class_list":{"0":"post-196101","1":"post","2":"type-post","3":"status-publish","4":"format-standard","5":"has-post-thumbnail","7":"category-balonmano","8":"tag-balonmano","9":"tag-deportes","10":"tag-es","11":"tag-espana","12":"tag-handball","13":"tag-spain","14":"tag-sports"},"share_on_mastodon":{"url":"","error":""},"_links":{"self":[{"href":"https:\/\/www.europesays.com\/es\/wp-json\/wp\/v2\/posts\/196101","targetHints":{"allow":["GET"]}}],"collection":[{"href":"https:\/\/www.europesays.com\/es\/wp-json\/wp\/v2\/posts"}],"about":[{"href":"https:\/\/www.europesays.com\/es\/wp-json\/wp\/v2\/types\/post"}],"author":[{"embeddable":true,"href":"https:\/\/www.europesays.com\/es\/wp-json\/wp\/v2\/users\/2"}],"replies":[{"embeddable":true,"href":"https:\/\/www.europesays.com\/es\/wp-json\/wp\/v2\/comments?post=196101"}],"version-history":[{"count":0,"href":"https:\/\/www.europesays.com\/es\/wp-json\/wp\/v2\/posts\/196101\/revisions"}],"wp:featuredmedia":[{"embeddable":true,"href":"https:\/\/www.europesays.com\/es\/wp-json\/wp\/v2\/media\/196102"}],"wp:attachment":[{"href":"https:\/\/www.europesays.com\/es\/wp-json\/wp\/v2\/media?parent=196101"}],"wp:term":[{"taxonomy":"category","embeddable":true,"href":"https:\/\/www.europesays.com\/es\/wp-json\/wp\/v2\/categories?post=196101"},{"taxonomy":"post_tag","embeddable":true,"href":"https:\/\/www.europesays.com\/es\/wp-json\/wp\/v2\/tags?post=196101"}],"curies":[{"name":"wp","href":"https:\/\/api.w.org\/{rel}","templated":true}]}}