{"id":196109,"date":"2025-10-23T13:37:18","date_gmt":"2025-10-23T13:37:18","guid":{"rendered":"https:\/\/www.europesays.com\/es\/196109\/"},"modified":"2025-10-23T13:37:18","modified_gmt":"2025-10-23T13:37:18","slug":"franco-colapinto-termino-17-en-el-gran-premio-de-austin-y-se-impuso-max-verstappen-2","status":"publish","type":"post","link":"https:\/\/www.europesays.com\/es\/196109\/","title":{"rendered":"Franco Colapinto termin\u00f3 17\u00b0 en el Gran Premio de Austin y se impuso Max Verstappen"},"content":{"rendered":"<p class=\"com-paragraph   --s\">El piloto neerland\u00e9s <strong>MaxVerstappen (Red Bull) venci\u00f3 este domingo en el Gran Premio de Estados Unidos sin oposici\u00f3n y partiendo desde la pole<\/strong>, para seguir recortando diferencias en el campeonato de F\u00f3rmula 1 con los McLaren, un l\u00edder Oscar Piastri en problemas y que volvi\u00f3 a no tener buen ritmo. En tanto, Lando Norris fue segundo en Austin y tambi\u00e9n se acerc\u00f3 al australiano. Verstappen mand\u00f3 de principio a fin una carrera no tan accidentada como la del Sprint. <\/p>\n<p class=\"com-paragraph   --s\">El cu\u00e1druple campe\u00f3n del mundo, que gan\u00f3 el s\u00e1bado mientras los McLaren se quedaron fuera en la primera curva, <strong>despeg\u00f3 hacia la victoria en solitario, mientras por detr\u00e1s, Norris tuvo que lidiar con la presi\u00f3n y la urgencia de terminar al menos segundo en Austin<\/strong>. Su obst\u00e1culo fue el Ferrari de Charles Leclerc, quien apost\u00f3 por neum\u00e1tico blando primero, al rev\u00e9s que los dem\u00e1s. Al monegasco le sirvi\u00f3 para ganar la posici\u00f3n en la salida, con Norris con todo en juego y sin poder arriesgar. <\/p>\n<p>Max Verstappen celebra en Austin: cada vez est\u00e1 m\u00e1s cerca de los MacLaren en el campeonatoCLIVE ROSE &#8211; GETTY IMAGES NORTH AMERICA<\/p>\n<p class=\"com-paragraph   --s\"><strong>\u201cLa oportunidad est\u00e1 ah\u00ed, s\u00f3lo tenemos que cumplir cada fin de semana. Es emocionante\u201d<\/strong>, dijo Verstappen, sobre la haza\u00f1a que quiere completar en los cinco \u00faltimos Grandes Premios del a\u00f1o, para obtener su quinto t\u00edtulo en la F\u00f3rmula 1 e igualar a Juan Manuel Fangio. <strong>Se trat\u00f3 de la tercera victoria en las \u00faltimas cuatro carreras y la n\u00famero 68 de su impresionante trayectoria.<\/strong><\/p>\n<p class=\"com-paragraph   --s\">En la primera tanda no pudo el coche papaya con el rojo, pero a cinco vueltas del final, el brit\u00e1nico se hizo con la segunda plaza para ponerse a 14 puntos de Piastri que solo pudo ser quinto, detr\u00e1s tambi\u00e9n de Lewis Hamilton.<\/p>\n<p class=\"com-paragraph   --s\">En tanto, los Alpine siguieron sin ritmo.<strong> Lo m\u00e1s emocionante se dio al final, cuando Franco Colapinto desobedeci\u00f3 las \u00f3rdenes de la escuder\u00eda francesa y super\u00f3 a su compa\u00f1ero Pierre Gasly<\/strong>, que ven\u00eda mucho m\u00e1s lento. As\u00ed, el argentino evit\u00f3 ser superado por Bortoletto, el brasile\u00f1o de Sauber que lo ven\u00eda siguiendo de cerca, y concluy\u00f3 en la 17\u00b0 posici\u00f3n. Un m\u00ednimo consuelo, dentro de una actuaci\u00f3n deficiente, debido a los problemas habituales de potencia de las monoplazas de Alpine.<\/p>\n<p class=\"com-paragraph   --s\">La pr\u00f3xima fecha ser\u00e1 el pr\u00f3ximo fin de semana en el Gran Premio Ciudad de M\u00e9xico, en el aut\u00f3dromo Hermanos Rodr\u00edguez, de 4.304 km de extensi\u00f3n y que se correr\u00e1 a 71 vueltas.<\/p>\n<p>La tabla de posiciones de la F\u00f3rmula 1, tras el triunfo de Max Verstappen en Estados UnidosOpta<\/p>\n","protected":false},"excerpt":{"rendered":"El piloto neerland\u00e9s MaxVerstappen (Red Bull) venci\u00f3 este domingo en el Gran Premio de Estados Unidos sin oposici\u00f3n&hellip;\n","protected":false},"author":2,"featured_media":196110,"comment_status":"","ping_status":"","sticky":false,"template":"","format":"standard","meta":{"footnotes":""},"categories":[270],"tags":[168,25,24,306,271,272,23,167],"class_list":{"0":"post-196109","1":"post","2":"type-post","3":"status-publish","4":"format-standard","5":"has-post-thumbnail","7":"category-formula-1","8":"tag-deportes","9":"tag-es","10":"tag-espana","11":"tag-f1","12":"tag-formula-1","13":"tag-formula1","14":"tag-spain","15":"tag-sports"},"share_on_mastodon":{"url":"https:\/\/pubeurope.com\/@es\/115423755983712680","error":""},"_links":{"self":[{"href":"https:\/\/www.europesays.com\/es\/wp-json\/wp\/v2\/posts\/196109","targetHints":{"allow":["GET"]}}],"collection":[{"href":"https:\/\/www.europesays.com\/es\/wp-json\/wp\/v2\/posts"}],"about":[{"href":"https:\/\/www.europesays.com\/es\/wp-json\/wp\/v2\/types\/post"}],"author":[{"embeddable":true,"href":"https:\/\/www.europesays.com\/es\/wp-json\/wp\/v2\/users\/2"}],"replies":[{"embeddable":true,"href":"https:\/\/www.europesays.com\/es\/wp-json\/wp\/v2\/comments?post=196109"}],"version-history":[{"count":0,"href":"https:\/\/www.europesays.com\/es\/wp-json\/wp\/v2\/posts\/196109\/revisions"}],"wp:featuredmedia":[{"embeddable":true,"href":"https:\/\/www.europesays.com\/es\/wp-json\/wp\/v2\/media\/196110"}],"wp:attachment":[{"href":"https:\/\/www.europesays.com\/es\/wp-json\/wp\/v2\/media?parent=196109"}],"wp:term":[{"taxonomy":"category","embeddable":true,"href":"https:\/\/www.europesays.com\/es\/wp-json\/wp\/v2\/categories?post=196109"},{"taxonomy":"post_tag","embeddable":true,"href":"https:\/\/www.europesays.com\/es\/wp-json\/wp\/v2\/tags?post=196109"}],"curies":[{"name":"wp","href":"https:\/\/api.w.org\/{rel}","templated":true}]}}