{"id":196119,"date":"2025-10-23T13:42:25","date_gmt":"2025-10-23T13:42:25","guid":{"rendered":"https:\/\/www.europesays.com\/es\/196119\/"},"modified":"2025-10-23T13:42:25","modified_gmt":"2025-10-23T13:42:25","slug":"una-distopia-tan-cercana-que-asusta-la-nueva-novela-de-ali-smith-una-de-las-mejores-autoras-europeas","status":"publish","type":"post","link":"https:\/\/www.europesays.com\/es\/196119\/","title":{"rendered":"Una distop\u00eda tan cercana que asusta: la nueva novela de Ali Smith, una de las mejores autoras europeas"},"content":{"rendered":"<p><img decoding=\"async\" src=\"https:\/\/img-cms.atresmedia.tech\/clipping\/images\/2025\/10\/20\/FDF84A74-1160-4D4D-84A3-486FFEABFDB3\/default.jpg\" itemprop=\"image\" width=\"100%\" alt=\"\"\/><\/p>\n<p><b>Ali Smith<\/b><\/p>\n<p><b>Traductora: <\/b>Magdalena Palmer<\/p>\n<p><b>Editorial: <\/b>N\u00f3rdica Libros<\/p>\n<p><b>A\u00f1o de publicaci\u00f3n original: <\/b>2024<\/p>\n<p>El mundo que nos propone<b> Ali Smith<\/b> en <b>Gliff <\/b>se parece lo suficiente al nuestro como para que <b>ambos se confundan<\/b>. En definitiva, <b><a title=\"todo se reduce a los datos \" href=\"https:\/\/www.lasexta.com\/ahoraqueleo\/libros\/mayores-expertas-proteccion-datos-quiere-que-tus-hijos-alejeis-pantallas_20250522682c76cf278816063b757558.html\" target=\"_blank\" rel=\"nofollow noopener\">todo se reduce a los datos <\/a><\/b>y a lo que estos nos permiten discernir sobre algo o alguien. En ese aspecto ambos mundos \u2014aqu\u00e9l y este\u2014 son similares. Aunque en el que describe la escritora, esa misma informaci\u00f3n dispensa oportunidades, a trav\u00e9s de un gobierno central, en funci\u00f3n de nuestras aptitudes y, si el sistema no te reconoce, no hay ninguna reservada para ti.<\/p>\n<blockquote><p> En &#8216;Gliff&#8217; las ni\u00f1as intentar\u00e1n zafarse de un gobierno omnisciente, crecer y descubrir algunas realidades inc\u00f3modas <\/p><\/blockquote>\n<p>La nueva novela de la escritora escocesa pone en su centro a dos ni\u00f1as, <b>Bri y Rose<\/b>, sobreviviendo solos despu\u00e9s de una emergencia familiar, en una ciudad extra\u00f1a, en un pa\u00eds no menos peculiar donde <b>la vigilancia es parte del d\u00eda a d\u00eda<\/b>. Una especie de <b><a title=\"distop\u00eda\" href=\"https:\/\/www.lasexta.com\/ahoraqueleo\/virales\/ciencia-ficcion-distopias-son-hoy-mas-reales-que-nunca_202004025e85be8371c1b1000129dd13.html\" target=\"_blank\" rel=\"nofollow noopener\">distop\u00eda<\/a><\/b>, muy cercana a la nuestra, colindante casi a nuestra realidad.<\/p>\n<p>A lo largo de Gliff, las ni\u00f1as intentar\u00e1n zafarse de un gobierno omnisciente, crecer y descubrir algunas realidades inc\u00f3modas. Pero, sobre todo, tratar\u00e1n de asentar en la cabeza del lector la noci\u00f3n de que no hay que resignarse, que todo podr\u00eda ser de otra forma, incluso en un mundo encorsetado por la informaci\u00f3n de quienes, a priori, creemos conocer. En un universo en el que <b><a title=\"el significado de las cosas\" href=\"https:\/\/www.lasexta.com\/ahoraqueleo\/libros\/nuevo-libro-rodrigo-fresan-laberinto-lleno-trampas-que-mejor-sales-pasaria-nada_2024091366e1bc4d3c878700018219cd.html\" target=\"_blank\" rel=\"nofollow noopener\">el significado de las cosas<\/a><\/b> que nos determinan <b>podr\u00eda no significar absolutamente nada<\/b>.<\/p>\n<p>Un caballo llamado Gliff<\/p>\n<p>Gliff es el resultado de los muchos <b>cambios fon\u00e9ticos<\/b> que sufren las palabras que pronuncia Rose, la menor de las dos hermanas. La uni\u00f3n de gris y naif (inocente en ingl\u00e9s) nombra a<b> un caballo<\/b> que encuentran paciendo en un campo cercano. Es otro ni\u00f1o quien les explica que esos animales pertenecen a su familia y su destino es el <b><a title=\"matadero\" href=\"https:\/\/www.lasexta.com\/ahoraqueleo\/libros\/matadero-cinco-kurt-vonnegut_2021030960494fd1cc8eb7000135c635.html\" target=\"_blank\" rel=\"nofollow noopener\">matadero<\/a><\/b>.<\/p>\n<blockquote><p> Smith usa la mirada infantil para explicar algo imposible de entender como adultos <\/p><\/blockquote>\n<p>Las ni\u00f1as <b>desconocen muchos de los t\u00e9rminos<\/b> que aquel ni\u00f1o utiliza. No aprendieron, como \u00e9l, a trav\u00e9s de un dispositivo electr\u00f3nico amarrado a su mu\u00f1eca \u2014encargado tambi\u00e9n de vigilar cuanto dice y ve para recopilar datos sobre su persona\u2014. Lo hicieron con su madre, en casa y <b>al margen de aquel sistema<\/b>. Una anomal\u00eda en un tiempo en el que todo debe ser medido, explicado y anotado para determinar qui\u00e9n es qui\u00e9n.<\/p>\n<p>Son sus protagonistas los encargados, a medida que transcurre la novela, de darse cuenta de que la suya<b> no es una vida normal<\/b> dentro de aquel mundo. Que su forma de hablar no se parece a la de los otros ni\u00f1os, que su realidad no est\u00e1 medida por los mismos datos. No es casualidad que sea <b><a title=\"una mirada infantil\" href=\"https:\/\/www.lasexta.com\/ahoraqueleo\/autores-libros\/ana-campoy-ninos-son-lectores-actuales-futuros-tienen-derecho-literatura-calidad_202012045fcde21055a6d40001e69c9f.html\" target=\"_blank\" rel=\"nofollow noopener\">una mirada infantil<\/a><\/b>la que Smith utilice para explicar algo imposible de entender como adultos: el fin de nuestra civilizaci\u00f3n.<\/p>\n<p>Los inverificables<\/p>\n<p>Una <b>l\u00ednea roja<\/b> rodea la morada de aquellos que no se encuentran en el sistema, de los tullidos, incapaces, gen\u00e9ticamente inferiores, pobres y dem\u00e1s ralea discriminada por<b> un gobierno omnisciente <\/b>que los se\u00f1ala como \u00abinverificables\u00bb. Bri y su hermana Rose son eso precisamente, habitan un margen gris donde nadie puede decir realmente qui\u00e9nes son o qu\u00e9 est\u00e1n haciendo, ni siquiera el sistema que las persigue.<\/p>\n<blockquote><p> Sus protagonistas habitan un margen gris en el que nadie sabe qui\u00e9nes son o qu\u00e9 est\u00e1n haciendo <\/p><\/blockquote>\n<p>Solas y en un mundo cuyas reglas nadie se ha molestado en explicarles, tendr\u00e1n que interpretar lo que ven para adaptarlo a lo que conocen. Ali Smith maneja el lenguaje de la fascinaci\u00f3n infantil, la incomprensi\u00f3n de un mundo adulto que se desborda desde la mirada de ambas hermanas y<b> se vuelve cada vez m\u00e1s absurdo<\/b>.<\/p>\n<p>Tiempos dif\u00edciles<\/p>\n<p>Considerada por algunos cr\u00edticos como la autora escocesa que m\u00e1s cerca est\u00e1 de ganar el <b><a title=\"Nobel de Literatura\" href=\"https:\/\/www.lasexta.com\/ahoraqueleo\/libros\/depresion-alcohol-confesiones-nobel-literatura-que-encontro-dios-medio-abismo_2025091068c02812bf8802738974854e.html\" target=\"_blank\" rel=\"nofollow noopener\">Nobel de Literatura<\/a><\/b>, Ali Smith lleva publicando relatos y novelas desde finales de los a\u00f1os 90, obteniendo por ellas multitud de premios. Su <b>Cuarteto estacional<\/b>, compuesto por las novelas <b>Oto\u00f1o<\/b>\u2014preseleccionada para el Premio Booker\u2014, <b>Invierno<\/b>, <b>Primavera <\/b>y <b>Verano <\/b>\u2014ganadora del Premio Orwell\u2014 le vali\u00f3 el aplauso un\u00e1nime de la cr\u00edtica.<\/p>\n<blockquote><p> Ali Smith anticipa en su novela tiempos dif\u00edciles para los seres humanos <\/p><\/blockquote>\n<p>Las novelas de Smith tienen algo de <b><a title=\"Dickens\" href=\"https:\/\/www.lasexta.com\/ahoraqueleo\/virales\/gran-libro-gatos-repasa-lorca-dickens-literatura-felina-universal_202002055e3a7a9f0cf28bb05d14f306.html\" target=\"_blank\" rel=\"nofollow noopener\">Dickens<\/a><\/b>y Gliff bien podr\u00eda ser una extensi\u00f3n de Tiempos dif\u00edciles y de aquel personaje de<b> Tom Gradgrind <\/b>que deseaba que sus alumnos solo usasen datos y cifras exactas para interpretar el mundo. Para el brit\u00e1nico, aquel sistema educativo trataba de <b>evitar cualquier tipo de met\u00e1fora <\/b>o lenguaje figurado que no se adecuase a<b> la realidad m\u00e1s estricta<\/b>. Tildando todo lo dem\u00e1s como falaz.<\/p>\n<p>Inquir\u00eda a sus alumnos, precisamente, sobre qu\u00e9 era un caballo y les instaba a responder a salto de Enciclopedia brit\u00e1nica, enunciando <b>\u00f3rdenes naturales y reinos animales<\/b>, sin lugar para la literatura o la mera observaci\u00f3n infantil.<\/p>\n<p>Gliff anticipa tambi\u00e9n unos tiempos dif\u00edciles, como presagiaba Dickens, porque describe nada m\u00e1s y menos que eso. Algo <b>que est\u00e1 por venir<\/b>, la p\u00e9rdida progresiva de nuestra capacidad de transformaci\u00f3n de una realidad parapetada en datos y m\u00e1s datos: <b>tiempos dif\u00edciles para quien quiera seguir siendo humano<\/b>.<\/p>\n<p>Sigue el <b><a title=\"canal de Ahora Qu\u00e9 Leo en WhatsApp\" href=\"https:\/\/whatsapp.com\/channel\/0029VaRsQjkFsn0ZyeLlFd3n\" target=\"_blank\" rel=\"nofollow noopener\">canal de Ahora Qu\u00e9 Leo en WhatsApp<\/a><\/b> para estar al tanto de todas nuestras rese\u00f1as, reportajes y entrevistas.<\/p>\n","protected":false},"excerpt":{"rendered":"Ali Smith Traductora: Magdalena Palmer Editorial: N\u00f3rdica Libros A\u00f1o de publicaci\u00f3n original: 2024 El mundo que nos propone&hellip;\n","protected":false},"author":2,"featured_media":196120,"comment_status":"","ping_status":"","sticky":false,"template":"","format":"standard","meta":{"footnotes":""},"categories":[172],"tags":[224,146,147,25,24,225,23],"class_list":{"0":"post-196119","1":"post","2":"type-post","3":"status-publish","4":"format-standard","5":"has-post-thumbnail","7":"category-libros","8":"tag-books","9":"tag-entertainment","10":"tag-entretenimiento","11":"tag-es","12":"tag-espana","13":"tag-libros","14":"tag-spain"},"share_on_mastodon":{"url":"https:\/\/pubeurope.com\/@es\/115423776075197662","error":""},"_links":{"self":[{"href":"https:\/\/www.europesays.com\/es\/wp-json\/wp\/v2\/posts\/196119","targetHints":{"allow":["GET"]}}],"collection":[{"href":"https:\/\/www.europesays.com\/es\/wp-json\/wp\/v2\/posts"}],"about":[{"href":"https:\/\/www.europesays.com\/es\/wp-json\/wp\/v2\/types\/post"}],"author":[{"embeddable":true,"href":"https:\/\/www.europesays.com\/es\/wp-json\/wp\/v2\/users\/2"}],"replies":[{"embeddable":true,"href":"https:\/\/www.europesays.com\/es\/wp-json\/wp\/v2\/comments?post=196119"}],"version-history":[{"count":0,"href":"https:\/\/www.europesays.com\/es\/wp-json\/wp\/v2\/posts\/196119\/revisions"}],"wp:featuredmedia":[{"embeddable":true,"href":"https:\/\/www.europesays.com\/es\/wp-json\/wp\/v2\/media\/196120"}],"wp:attachment":[{"href":"https:\/\/www.europesays.com\/es\/wp-json\/wp\/v2\/media?parent=196119"}],"wp:term":[{"taxonomy":"category","embeddable":true,"href":"https:\/\/www.europesays.com\/es\/wp-json\/wp\/v2\/categories?post=196119"},{"taxonomy":"post_tag","embeddable":true,"href":"https:\/\/www.europesays.com\/es\/wp-json\/wp\/v2\/tags?post=196119"}],"curies":[{"name":"wp","href":"https:\/\/api.w.org\/{rel}","templated":true}]}}