{"id":196135,"date":"2025-10-23T13:50:10","date_gmt":"2025-10-23T13:50:10","guid":{"rendered":"https:\/\/www.europesays.com\/es\/196135\/"},"modified":"2025-10-23T13:50:10","modified_gmt":"2025-10-23T13:50:10","slug":"volkswagen-vehiculos-comerciales-e-ilunion-afianzan-su-alianza-para-ofrecer-el-transporte-a-personas-con-movilidad-reducida","status":"publish","type":"post","link":"https:\/\/www.europesays.com\/es\/196135\/","title":{"rendered":"Volkswagen Veh\u00edculos Comerciales e Ilunion afianzan su alianza para ofrecer el transporte a personas con movilidad reducida"},"content":{"rendered":"<p data-start=\"522\" data-end=\"841\">El fabricante de autom\u00f3viles Volkswagen Veh\u00edculos Comerciales ha firmado un acuerdo de colaboraci\u00f3n con Ilunion, perteneciente al Grupo Social ONCE, con el fin de que la marca de veh\u00edculos profesional otorguen facilidades a asociaciones y entidades sociosanitarias para acceder a veh\u00edculos adaptados a personas con movilidad reducida (PMR).<\/p>\n<p data-start=\"884\" data-end=\"1386\">Seg\u00fan ha informado la compa\u00f1\u00eda espa\u00f1ola, el veh\u00edculo central de esta colaboraci\u00f3n es el Crafter People PMR, un modelo con adaptaciones integradas de serie destinado al transporte colectivo accesible y comercializado directamente por la marca como soluci\u00f3n estandarizada.<\/p>\n<p data-start=\"884\" data-end=\"1386\">Esta configuraci\u00f3n permite elegir la adaptaci\u00f3n en el momento de la compra y con certificaci\u00f3n de Volkswagen, lo que simplificar\u00e1 el proceso de adquisici\u00f3n y reducir\u00e1 los plazos de entrega, seg\u00fan Ilunion.<\/p>\n<p data-start=\"884\" data-end=\"1386\">El director de Accesibilidad a la Informaci\u00f3n y Producto Accesible de Ilunion, <strong data-start=\"1974\" data-end=\"1994\">Ra\u00fal L\u00f3pez G\u00f3mez<\/strong>, ha se\u00f1alado que \u201cgracias a este acuerdo con Volkswagen Veh\u00edculos Comerciales, ofreceremos una soluci\u00f3n de transporte accesible m\u00e1s flexible, eficiente y con una reducci\u00f3n significativa de los plazos de entrega\u201d.<\/p>\n<p data-start=\"1388\" data-end=\"1893\">El Crafter People PMR est\u00e1 disponible en distintas versiones y tiene capacidad para hasta cuatro sillas de ruedas y techo alto de serie para mejorar la habitabilidad y la ergonom\u00eda del personal asistencial.<\/p>\n<p data-start=\"1388\" data-end=\"1893\">Entre sus principales sistemas de accesibilidad se incluyen una plataforma electrohidr\u00e1ulica de aluminio con capacidad de elevaci\u00f3n de 400 kilos, pelda\u00f1o lateral retr\u00e1ctil de acero inoxidable, luces led y sistemas de retenci\u00f3n de seguridad.<\/p>\n<p data-start=\"2211\" data-end=\"2414\">Ilunion ha subrayado que este programa se gestionar\u00e1 a trav\u00e9s de su divisi\u00f3n Ilunion Accesibilidad, la mayor compa\u00f1\u00eda europea especializada en soluciones integrales para la accesibilidad universal.<\/p>\n","protected":false},"excerpt":{"rendered":"El fabricante de autom\u00f3viles Volkswagen Veh\u00edculos Comerciales ha firmado un acuerdo de colaboraci\u00f3n con Ilunion, perteneciente al Grupo&hellip;\n","protected":false},"author":2,"featured_media":196136,"comment_status":"","ping_status":"","sticky":false,"template":"","format":"standard","meta":{"footnotes":""},"categories":[80],"tags":[82,598,95,94,25,24,23],"class_list":{"0":"post-196135","1":"post","2":"type-post","3":"status-publish","4":"format-standard","5":"has-post-thumbnail","7":"category-economia","8":"tag-business","9":"tag-colaboracion","10":"tag-economia","11":"tag-economy","12":"tag-es","13":"tag-espana","14":"tag-spain"},"share_on_mastodon":{"url":"https:\/\/pubeurope.com\/@es\/115423807101664291","error":""},"_links":{"self":[{"href":"https:\/\/www.europesays.com\/es\/wp-json\/wp\/v2\/posts\/196135","targetHints":{"allow":["GET"]}}],"collection":[{"href":"https:\/\/www.europesays.com\/es\/wp-json\/wp\/v2\/posts"}],"about":[{"href":"https:\/\/www.europesays.com\/es\/wp-json\/wp\/v2\/types\/post"}],"author":[{"embeddable":true,"href":"https:\/\/www.europesays.com\/es\/wp-json\/wp\/v2\/users\/2"}],"replies":[{"embeddable":true,"href":"https:\/\/www.europesays.com\/es\/wp-json\/wp\/v2\/comments?post=196135"}],"version-history":[{"count":0,"href":"https:\/\/www.europesays.com\/es\/wp-json\/wp\/v2\/posts\/196135\/revisions"}],"wp:featuredmedia":[{"embeddable":true,"href":"https:\/\/www.europesays.com\/es\/wp-json\/wp\/v2\/media\/196136"}],"wp:attachment":[{"href":"https:\/\/www.europesays.com\/es\/wp-json\/wp\/v2\/media?parent=196135"}],"wp:term":[{"taxonomy":"category","embeddable":true,"href":"https:\/\/www.europesays.com\/es\/wp-json\/wp\/v2\/categories?post=196135"},{"taxonomy":"post_tag","embeddable":true,"href":"https:\/\/www.europesays.com\/es\/wp-json\/wp\/v2\/tags?post=196135"}],"curies":[{"name":"wp","href":"https:\/\/api.w.org\/{rel}","templated":true}]}}