{"id":196139,"date":"2025-10-23T13:52:09","date_gmt":"2025-10-23T13:52:09","guid":{"rendered":"https:\/\/www.europesays.com\/es\/196139\/"},"modified":"2025-10-23T13:52:09","modified_gmt":"2025-10-23T13:52:09","slug":"el-teniente-coronel-antonio-tejero-autor-del-golpe-de-estado-del-23f-en-estado-critico","status":"publish","type":"post","link":"https:\/\/www.europesays.com\/es\/196139\/","title":{"rendered":"El teniente coronel Antonio Tejero, autor del golpe de Estado del 23F, en estado cr\u00edtico"},"content":{"rendered":"<p>El <strong>autor del intento de golpe de Estado que paraliz\u00f3 Espa\u00f1a<\/strong> en 1981 se encuentra en estado cr\u00edtico en Valencia tras haber recibido la extremaunci\u00f3n. Miembros de la familia han rectificado la informaci\u00f3n de su muerte, publicada esta ma\u00f1ana.<\/p>\n<p>Antonio Tejero, teniente coronel de la Guardia Civil, <strong>accedi\u00f3 al Congreso de los Diputados un 23 de febrero con 200 guardias civiles,<\/strong> tomando como rehenes a los parlamentarios y al propio <a href=\"https:\/\/es.euronews.com\/tag\/espana\" rel=\"nofollow noopener\" target=\"_blank\">Gobierno de Espa\u00f1a<\/a>. En el hemiciclo se votaba la investidura de Leopoldo Calvo-Sotelo como presidente. A\u00fan hoy se pueden observar los agujeros de las balas que dispararon en el techo de la C\u00e1mara.<\/p>\n<p>El objetivo del teniente coronel y los dem\u00e1s golpistas era <strong>frenar la consolidaci\u00f3n de la democracia<\/strong> y reinstaurar un r\u00e9gimen m\u00e1s autoritario, apoy\u00e1ndose en el descontento de ciertos sectores del Ej\u00e9rcito y de la <a href=\"https:\/\/es.euronews.com\/tag\/guardia-civil\" rel=\"nofollow noopener\" target=\"_blank\">Guardia Civil<\/a>. <\/p>\n<p>Pistola en mano, Tejero pronunci\u00f3 unas palabras que han quedado para la historia del pa\u00eds: \u00ab<strong>Quieto todo el mundo<\/strong>\u00ab. El golpe <strong>fracas\u00f3 gracias a la intervenci\u00f3n del rey<\/strong> <strong>Juan Carlos I<\/strong> y su mensaje televisado en defensa de la Constituci\u00f3n, lo que provoc\u00f3 la rendici\u00f3n de los golpistas tras 18 horas de tensi\u00f3n en el Congreso.<\/p>\n<p>Antonio Tejero fue condenado a 30 a\u00f1os de prisi\u00f3n por un delito de <strong>rebeli\u00f3n militar<\/strong> consumado, con agravante de reincidencia. La sentencia judicial le llev\u00f3 a ser expulsado del cuerpo de la Guardia Civil y a perder su grado de teniente coronel. Adem\u00e1s, fue <strong>inhabilitado<\/strong> durante el tiempo que dur\u00f3 la condena.<\/p>\n<p>Estuvo recluido en la <strong>prisi\u00f3n militar<\/strong> del castillo de la Palma en Mugardos, y posteriormente en el castillo de San Fernando en Figueras, en Alcal\u00e1 de Henares y en la prisi\u00f3n naval de Cartagena. <\/p>\n<p>Durante su tiempo de condena estudi\u00f3la <strong>carrera de Geograf\u00eda e Historia<\/strong>, aprendi\u00f3 varios idiomas y aprovech\u00f3 para escribir sus memorias y aprender a pintar. En 1993 le concedieron el tercer grado, y tres a\u00f1os m\u00e1s tarde, en <strong>1996 y tras 15 a\u00f1os en la c\u00e1rcel, obtuvo la libertad condicional.<\/strong>  Tras ser puesto en libertad, se retir\u00f3 de la vida p\u00fablica. Vivi\u00f3 entre Madrid y M\u00e1laga, donde continu\u00f3 su afici\u00f3n por la pintura y la escritura.<\/p>\n","protected":false},"excerpt":{"rendered":"El autor del intento de golpe de Estado que paraliz\u00f3 Espa\u00f1a en 1981 se encuentra en estado cr\u00edtico&hellip;\n","protected":false},"author":2,"featured_media":196140,"comment_status":"","ping_status":"","sticky":false,"template":"","format":"standard","meta":{"footnotes":""},"categories":[8],"tags":[17,18,25,24,13,14,14710,1160,11,19,20,9,10,15,16,4009,54454,23,12,21,22],"class_list":{"0":"post-196139","1":"post","2":"type-post","3":"status-publish","4":"format-standard","5":"has-post-thumbnail","7":"category-espana","8":"tag-breaking-news","9":"tag-breakingnews","10":"tag-es","11":"tag-espana","12":"tag-featured-news","13":"tag-featurednews","14":"tag-golpe-de-estado","15":"tag-guardia-civil","16":"tag-headlines","17":"tag-latest-news","18":"tag-latestnews","19":"tag-news","20":"tag-noticias","21":"tag-noticias-destacadas","22":"tag-noticiasdestacadas","23":"tag-obituario","24":"tag-rey-juan-carlos-i","25":"tag-spain","26":"tag-titulares","27":"tag-ultimas-noticias","28":"tag-ultimasnoticias"},"share_on_mastodon":{"url":"https:\/\/pubeurope.com\/@es\/115423814976943504","error":""},"_links":{"self":[{"href":"https:\/\/www.europesays.com\/es\/wp-json\/wp\/v2\/posts\/196139","targetHints":{"allow":["GET"]}}],"collection":[{"href":"https:\/\/www.europesays.com\/es\/wp-json\/wp\/v2\/posts"}],"about":[{"href":"https:\/\/www.europesays.com\/es\/wp-json\/wp\/v2\/types\/post"}],"author":[{"embeddable":true,"href":"https:\/\/www.europesays.com\/es\/wp-json\/wp\/v2\/users\/2"}],"replies":[{"embeddable":true,"href":"https:\/\/www.europesays.com\/es\/wp-json\/wp\/v2\/comments?post=196139"}],"version-history":[{"count":0,"href":"https:\/\/www.europesays.com\/es\/wp-json\/wp\/v2\/posts\/196139\/revisions"}],"wp:featuredmedia":[{"embeddable":true,"href":"https:\/\/www.europesays.com\/es\/wp-json\/wp\/v2\/media\/196140"}],"wp:attachment":[{"href":"https:\/\/www.europesays.com\/es\/wp-json\/wp\/v2\/media?parent=196139"}],"wp:term":[{"taxonomy":"category","embeddable":true,"href":"https:\/\/www.europesays.com\/es\/wp-json\/wp\/v2\/categories?post=196139"},{"taxonomy":"post_tag","embeddable":true,"href":"https:\/\/www.europesays.com\/es\/wp-json\/wp\/v2\/tags?post=196139"}],"curies":[{"name":"wp","href":"https:\/\/api.w.org\/{rel}","templated":true}]}}