{"id":196180,"date":"2025-10-23T14:15:11","date_gmt":"2025-10-23T14:15:11","guid":{"rendered":"https:\/\/www.europesays.com\/es\/196180\/"},"modified":"2025-10-23T14:15:11","modified_gmt":"2025-10-23T14:15:11","slug":"el-papa-leon-xiv-reza-junto-al-rey-carlos-iii-en-un-oficio-inedito-desde-el-cisma-anglicano","status":"publish","type":"post","link":"https:\/\/www.europesays.com\/es\/196180\/","title":{"rendered":"El papa Le\u00f3n XIV reza junto al rey Carlos III en un oficio in\u00e9dito desde el cisma anglicano"},"content":{"rendered":"<p>    <img src=\"https:\/\/www.europesays.com\/es\/wp-content\/uploads\/2025\/10\/2025-10-23T133A093A48Z-90215683.jpg\" width=\"1024\" height=\"576\" alt=\"\" loading=\"eager\" decoding=\"sync\" fetchpriority=\"high\"\/><\/p>\n<p>            afp_tickers        <\/p>\n<p>        Este contenido fue publicado en    <\/p>\n<p>        23 octubre 2025 &#8211; 15:09\n<\/p>\n<p>El rey Carlos III se convirti\u00f3 este jueves en el primer monarca brit\u00e1nico en rezar p\u00fablicamente con un papa desde el cisma anglicano hace cinco siglos, durante una celebraci\u00f3n presidida por Le\u00f3n XIV en la Capilla Sixtina.<\/p>\n<p>La ceremonia combin\u00f3 tradiciones cat\u00f3licas y anglicanas y marca un nuevo acercamiento entre las dos Iglesias. El oficio, que dur\u00f3 unos 30 minutos, supone un acto in\u00e9dito desde el nacimiento del anglicanismo en 1534, cuando el rey Enrique VIII rompi\u00f3 con Roma. \u00a0<\/p>\n<p>El pont\u00edfice Le\u00f3n XIV y el arzobispo de York Stephen Cottrell presidieron la celebraci\u00f3n bajo los famosos frescos de Miguel \u00c1ngel, en presencia de prelados cat\u00f3licos y anglicanos, as\u00ed como de responsables pol\u00edticos y diplom\u00e1ticos.\u00a0<\/p>\n<p>El coro de la Capilla Sixtina acompa\u00f1\u00f3 al de la Capilla de San Jorge de Windsor, y el tema central de la oraci\u00f3n fue la protecci\u00f3n de la naturaleza, una se\u00f1al de la convergencia entre ambas Iglesias en cuestiones medioambientales.<\/p>\n<p>Unos minutos antes, el papa Le\u00f3n XIV recibi\u00f3 al monarca de 76 a\u00f1os, que ejerce como gobernador supremo de la Iglesia de Inglaterra, en una audiencia privada.<\/p>\n<p>El pont\u00edfice fue nombrado en mayo como cabeza de la Iglesia cat\u00f3lica tras el fallecimiento de su predecesor, Francisco.\u00a0<\/p>\n<p>Carlos III, acompa\u00f1ado por su esposa Camila,\u00a0se dirigi\u00f3 al papa en ingl\u00e9s, en un ambiente cordial, e intercambi\u00f3 regalos con \u00e9l, seg\u00fan im\u00e1genes difundidas por el Vaticano.<\/p>\n<p>La visita llega en un contexto delicado para Carlos III, ya que su hermano Andr\u00e9s afronta nuevas y comprometedoras revelaciones en el caso del criminal sexual Jeffrey Epstein.<\/p>\n<p>\u2013 \u00abAcontecimiento hist\u00f3rico\u00bb \u2013<\/p>\n<p>La religi\u00f3n anglicana naci\u00f3 en 1534, en una escisi\u00f3n provocada por el rey Enrique VIII de Inglaterra, por la negativa del papa a anular su matrimonio con Catalina de Arag\u00f3n.<\/p>\n<p>En 1961, la madre de Carlos III, Isabel II, se convirti\u00f3 en la primera monarca brit\u00e1nica en visitar el Vaticano desde el cisma entre cat\u00f3licos y anglicanos.<\/p>\n<p>\u00abEs un acontecimiento hist\u00f3rico\u00bb, afirm\u00f3 a AFP William Gibson, profesor de historia eclesi\u00e1stica en la Universidad Oxford Brookes.<\/p>\n<p>Gibson record\u00f3 que el soberano brit\u00e1nico est\u00e1 obligado por ley a ser protestante.<\/p>\n<p>\u00abDe 1536 a 1914, no hubo relaciones diplom\u00e1ticas oficiales entre Reino Unido y la Santa Sede\u00bb, explic\u00f3 el profesor universitario.\u00a0<\/p>\n<p>Reino Unido, de hecho, no abri\u00f3 una embajada en el Vaticano hasta 1982.<\/p>\n<p>En 2013, se suaviz\u00f3 ligeramente la ley para permitir que los miembros de la familia real que se casaran con cat\u00f3licos conservaran su lugar en el orden de sucesi\u00f3n, explic\u00f3 Gibson. Hasta entonces, si lo hac\u00edan, deb\u00edan renunciar a toda aspiraci\u00f3n al trono.<\/p>\n<p>A diferencia de la Iglesia cat\u00f3lica romana, la Iglesia anglicana ordena mujeres y permite que los sacerdotes se casen.\u00a0<\/p>\n<p>Por primera vez en su historia, acaba de nombrar a una mujer como su m\u00e1xima autoridad, Sarah Mullally, una madre de familia de 63 a\u00f1os que asumir\u00e1 sus funciones oficiales en enero de 2026.<\/p>\n<p>\u2013 Veinte millones de bautizados \u2013\u00a0<\/p>\n<p>Carlos III y Camila tambi\u00e9n asistir\u00e1n el jueves a otro servicio religioso ecum\u00e9nico en la Bas\u00edlica de San Pablo Extramuros en Roma.<\/p>\n<p>En dicho acto, el rey ser\u00e1 nombrado \u00abcofrade real\u00bb y para este oficio se ha creado un asiento especial para el monarca, que permanecer\u00e1 en la bas\u00edlica y podr\u00e1 ser utilizado en el futuro por sus sucesores en el trono brit\u00e1nico.<\/p>\n<p>La pareja real se reuni\u00f3 en privado con el predecesor de Le\u00f3n XIV, el papa Francisco, el pasado 9 de abril, doce d\u00edas antes de la muerte del sumo pont\u00edfice argentino.<\/p>\n<p>Carlos III estuvo representado por su hijo Guillermo en el funeral del jesuita argentino, y luego por su hermano, el pr\u00edncipe Eduardo, en la misa de entronizaci\u00f3n de Le\u00f3n XIV el 18 de mayo.<\/p>\n<p>La Iglesia de Inglaterra, en declive, cuenta con unos veinte millones de fieles bautizados, pero calcula que sus practicantes habituales son algo menos de un mill\u00f3n, seg\u00fan estad\u00edsticas de 2022.<\/p>\n<p>cmk-ctx\/jra\/pt\/sag\/pb<\/p>\n","protected":false},"excerpt":{"rendered":"afp_tickers Este contenido fue publicado en 23 octubre 2025 &#8211; 15:09 El rey Carlos III se convirti\u00f3 este&hellip;\n","protected":false},"author":2,"featured_media":196181,"comment_status":"","ping_status":"","sticky":false,"template":"","format":"standard","meta":{"footnotes":""},"categories":[42],"tags":[12354,17,18,12355,83,13,14,11,10110,39605,61,62,63,86,64,19,20,9,10,15,16,88,54458,5603,12358,2005,90,12,21,22,65,66,67],"class_list":{"0":"post-196180","1":"post","2":"type-post","3":"status-publish","4":"format-standard","5":"has-post-thumbnail","7":"category-internacional","8":"tag-belief-faith","9":"tag-breaking-news","10":"tag-breakingnews","11":"tag-christianity","12":"tag-diplomacy","13":"tag-featured-news","14":"tag-featurednews","15":"tag-headlines","16":"tag-human-interest","17":"tag-imperial-and-royal-matters","18":"tag-internacional","19":"tag-international","20":"tag-international-news","21":"tag-international-relations","22":"tag-internationalnews","23":"tag-latest-news","24":"tag-latestnews","25":"tag-news","26":"tag-noticias","27":"tag-noticias-destacadas","28":"tag-noticiasdestacadas","29":"tag-politics","30":"tag-protestant","31":"tag-religion","32":"tag-roman-catholic","33":"tag-society","34":"tag-ticker","35":"tag-titulares","36":"tag-ultimas-noticias","37":"tag-ultimasnoticias","38":"tag-world","39":"tag-world-news","40":"tag-worldnews"},"share_on_mastodon":{"url":"","error":"Validation failed: Text character limit of 500 exceeded"},"_links":{"self":[{"href":"https:\/\/www.europesays.com\/es\/wp-json\/wp\/v2\/posts\/196180","targetHints":{"allow":["GET"]}}],"collection":[{"href":"https:\/\/www.europesays.com\/es\/wp-json\/wp\/v2\/posts"}],"about":[{"href":"https:\/\/www.europesays.com\/es\/wp-json\/wp\/v2\/types\/post"}],"author":[{"embeddable":true,"href":"https:\/\/www.europesays.com\/es\/wp-json\/wp\/v2\/users\/2"}],"replies":[{"embeddable":true,"href":"https:\/\/www.europesays.com\/es\/wp-json\/wp\/v2\/comments?post=196180"}],"version-history":[{"count":0,"href":"https:\/\/www.europesays.com\/es\/wp-json\/wp\/v2\/posts\/196180\/revisions"}],"wp:featuredmedia":[{"embeddable":true,"href":"https:\/\/www.europesays.com\/es\/wp-json\/wp\/v2\/media\/196181"}],"wp:attachment":[{"href":"https:\/\/www.europesays.com\/es\/wp-json\/wp\/v2\/media?parent=196180"}],"wp:term":[{"taxonomy":"category","embeddable":true,"href":"https:\/\/www.europesays.com\/es\/wp-json\/wp\/v2\/categories?post=196180"},{"taxonomy":"post_tag","embeddable":true,"href":"https:\/\/www.europesays.com\/es\/wp-json\/wp\/v2\/tags?post=196180"}],"curies":[{"name":"wp","href":"https:\/\/api.w.org\/{rel}","templated":true}]}}