{"id":196188,"date":"2025-10-23T14:19:16","date_gmt":"2025-10-23T14:19:16","guid":{"rendered":"https:\/\/www.europesays.com\/es\/196188\/"},"modified":"2025-10-23T14:19:16","modified_gmt":"2025-10-23T14:19:16","slug":"manolo-munoz-cierra-con-triunfo-su-temporada-peruana-en-la-maestranza-de-pariamarca","status":"publish","type":"post","link":"https:\/\/www.europesays.com\/es\/196188\/","title":{"rendered":"Manolo Mu\u00f1oz cierra con triunfo su temporada peruana en la Maestranza de Pariamarca"},"content":{"rendered":"<p>            <a href=\"https:\/\/www.lascosasdeltoro.com\/wp-content\/uploads\/2025\/10\/manolo-a-hombros.jpg\" data-caption=\"\" rel=\"nofollow noopener\" target=\"_blank\"><img loading=\"lazy\" decoding=\"async\" width=\"696\" height=\"464\" class=\"entry-thumb td-modal-image\" src=\"https:\/\/www.europesays.com\/es\/wp-content\/uploads\/2025\/10\/manolo-a-hombros-696x464.jpg\"   alt=\"\" title=\"manolo a hombros\"\/><\/a><\/p>\n<p>La sierra de Canta fue testigo de una tarde de toros cargada de emoci\u00f3n y fervor popular en la Plaza de Toros La Maestranza de Pariamarca, donde se celebr\u00f3 una corrida en homenaje a la Virgen de la Cueva Santa. El festejo, que reuni\u00f3 a un cartel internacional de alto nivel, estuvo encabezado por el venezolano nacionalizado peruano Manolo Mu\u00f1oz, acompa\u00f1ado por el espa\u00f1ol Jos\u00e9 Cabrera y el joven valor inca Nicol\u00e1s V\u00e1squez, quienes se midieron ante astados de la prestigiosa Ganader\u00eda de Paij\u00e1n, reconocida por la calidad y bravura de sus ejemplares.<\/p>\n<p>La tarde comenz\u00f3 con altibajos para Mu\u00f1oz, quien lidi\u00f3 un toro dif\u00edcil que imposibilita su lucimiento, sin quererse complicar, fue inteligente al ejecutar la Suerte Suprema con un pinchazo bien colocado y luego una dosis certera de acero fueron suficiente, sin embargo, el p\u00fablico fr\u00edo le otorg\u00f3 el respetable silencio.<\/p>\n<p>El diestro se reh\u00edzo con el cuarto de la tarde, su segundo del lote que le correspondi\u00f3 en suerte, al que entendi\u00f3 desde los primeros compases de faena, hilvanando tandas de temple y profundidad que culminaron con una estocada efectiva. El p\u00fablico, entregado, pidi\u00f3 con fuerza los trofeos, y el juez concedi\u00f3 dos orejas, sellando as\u00ed un triunfo rotundo que marca el cierre de su temporada taurina en Per\u00fa.<\/p>\n<p>Por su parte, Jos\u00e9 Cabrera enfrent\u00f3 un primero de escasas opciones, que fue despachado sin mayores consecuencias. Pero con el quinto, el espa\u00f1ol despleg\u00f3 una faena vibrante, llena de entrega y t\u00e9cnica, que le vali\u00f3 dos orejas y rabo, simb\u00f3licas, producto del merecido indulto al burel de Paij\u00e1n, convirti\u00e9ndose en el m\u00e1ximo triunfador del festejo. El de casa, Nicol\u00e1s V\u00e1squez, en tanto, dej\u00f3 constancia de su evoluci\u00f3n como torero nacional al cortar dos orejas al tercero y una oreja al sexto, mostrando firmeza y conexi\u00f3n con el tendido.<\/p>\n<p>Para Manolo Mu\u00f1oz, este triunfo en Pariamarca representa el broche de oro a una campa\u00f1a peruana rica en \u00e9xitos, con actuaciones destacadas en plazas importantes del Per\u00fa taurino, consolidando su figura como uno de los toreros m\u00e1s queridos y respetados del circuito nacional inca. Carlos Alexis Rivera CNP 10746 Fotos: Arraigo Taurino<\/p>\n<p><img fetchpriority=\"high\" decoding=\"async\" width=\"1024\" height=\"683\" data-id=\"159218\" src=\"https:\/\/www.europesays.com\/es\/wp-content\/uploads\/2025\/10\/munoz-manolo.jpg\" alt=\"\" class=\"wp-image-159218\"  \/><\/p>\n<p><img loading=\"lazy\" decoding=\"async\" width=\"1024\" height=\"683\" data-id=\"159217\" src=\"https:\/\/www.europesays.com\/es\/wp-content\/uploads\/2025\/10\/munoz.jpg\" alt=\"\" class=\"wp-image-159217\"  \/><\/p>\n<p><img loading=\"lazy\" decoding=\"async\" width=\"1024\" height=\"683\" data-id=\"159219\" src=\"https:\/\/www.europesays.com\/es\/wp-content\/uploads\/2025\/10\/munoz1-1.jpg\" alt=\"\" class=\"wp-image-159219\"  \/><\/p>\n<p><a href=\"#\"><img decoding=\"async\" src=\"https:\/\/www.lascosasdeltoro.com\/wp-content\/uploads\/2016\/10\/rec728.jpg\"\/><\/a>        <\/p>\n","protected":false},"excerpt":{"rendered":"La sierra de Canta fue testigo de una tarde de toros cargada de emoci\u00f3n y fervor popular en&hellip;\n","protected":false},"author":2,"featured_media":196189,"comment_status":"","ping_status":"","sticky":false,"template":"","format":"standard","meta":{"footnotes":""},"categories":[277],"tags":[373,168,25,24,23,167,374],"class_list":{"0":"post-196188","1":"post","2":"type-post","3":"status-publish","4":"format-standard","5":"has-post-thumbnail","7":"category-toreo","8":"tag-bullfighting","9":"tag-deportes","10":"tag-es","11":"tag-espana","12":"tag-spain","13":"tag-sports","14":"tag-toreo"},"share_on_mastodon":{"url":"https:\/\/pubeurope.com\/@es\/115423921300422007","error":""},"_links":{"self":[{"href":"https:\/\/www.europesays.com\/es\/wp-json\/wp\/v2\/posts\/196188","targetHints":{"allow":["GET"]}}],"collection":[{"href":"https:\/\/www.europesays.com\/es\/wp-json\/wp\/v2\/posts"}],"about":[{"href":"https:\/\/www.europesays.com\/es\/wp-json\/wp\/v2\/types\/post"}],"author":[{"embeddable":true,"href":"https:\/\/www.europesays.com\/es\/wp-json\/wp\/v2\/users\/2"}],"replies":[{"embeddable":true,"href":"https:\/\/www.europesays.com\/es\/wp-json\/wp\/v2\/comments?post=196188"}],"version-history":[{"count":0,"href":"https:\/\/www.europesays.com\/es\/wp-json\/wp\/v2\/posts\/196188\/revisions"}],"wp:featuredmedia":[{"embeddable":true,"href":"https:\/\/www.europesays.com\/es\/wp-json\/wp\/v2\/media\/196189"}],"wp:attachment":[{"href":"https:\/\/www.europesays.com\/es\/wp-json\/wp\/v2\/media?parent=196188"}],"wp:term":[{"taxonomy":"category","embeddable":true,"href":"https:\/\/www.europesays.com\/es\/wp-json\/wp\/v2\/categories?post=196188"},{"taxonomy":"post_tag","embeddable":true,"href":"https:\/\/www.europesays.com\/es\/wp-json\/wp\/v2\/tags?post=196188"}],"curies":[{"name":"wp","href":"https:\/\/api.w.org\/{rel}","templated":true}]}}