{"id":196204,"date":"2025-10-23T14:27:18","date_gmt":"2025-10-23T14:27:18","guid":{"rendered":"https:\/\/www.europesays.com\/es\/196204\/"},"modified":"2025-10-23T14:27:18","modified_gmt":"2025-10-23T14:27:18","slug":"alvaro-berro-hijo-de-david-cantero-presenta-a-su-novia-siciliana-con-la-que-vive-un-amor-de-pelicula","status":"publish","type":"post","link":"https:\/\/www.europesays.com\/es\/196204\/","title":{"rendered":"\u00c1lvaro Berro, hijo de David Cantero, presenta a su novia siciliana con la que vive un amor de pel\u00edcula"},"content":{"rendered":"<p id=\"eTqT_f5zTu\" data-wc=\"64\"><strong>\u00c1lvaro Berro<\/strong>, <a class=\"hm-link ho-link\" href=\"https:\/\/www.hola.com\/actualidad\/20250316820126\/alvaro-berro-hijo-david-cantero-pinitos-como-modelo-periodismo\/\" data-mrf-recirculation=\"article-body-link\" rel=\"nofollow noopener\" target=\"_blank\">hijo del periodista y presentador David Cantero<\/a>, vive un gran momento tanto en lo profesional como en lo personal. A sus 35 a\u00f1os, triunfa cada d\u00eda al frente de Noticias Cuatro junto a<a class=\"hm-link ho-link\" href=\"https:\/\/www.hola.com\/actualidad\/20240221249700\/alba-lago-javier-gomez-santander-parejas\/\" data-mrf-recirculation=\"article-body-link\" rel=\"nofollow noopener\" target=\"_blank\">\u00a0Alba Lago<\/a> y, fuera de los plat\u00f3s, disfruta de una historia de amor de pel\u00edcula con Glenda, una bell\u00edsima siciliana con la que mantiene una s\u00f3lida relaci\u00f3n desde 2023.\u00a0<\/p>\n<p> <img src=\"https:\/\/www.europesays.com\/es\/wp-content\/uploads\/2025\/10\/390dd8ff295d-novia.jpg\"   width=\"1080\" height=\"1800\" loading=\"lazy\" decoding=\"async\" alt=\"La novia de \u00c1lvaro Berro, hijo de David Cantero\" fetchpriority=\"auto\" class=\"image ho-image\"\/>\u00a9 alvaroberro<\/p>\n<p id=\"el8ScIlDaC\" data-wc=\"40\">Aunque ambos prefieren llevar su romance con discreci\u00f3n, sus redes sociales reflejan la felicidad que comparten. Hace unas semanas, <strong>la pareja viajaba a Nueva York<\/strong>, donde incluso coincidieron con el padre de Glenda, a quien \u00c1lvaro llama cari\u00f1osamente \u00abmi suegro\u00bb.\u00a0<\/p>\n<p> <img src=\"https:\/\/www.europesays.com\/es\/wp-content\/uploads\/2025\/10\/4029bcb94ee2-novia55.jpg\"   width=\"1080\" height=\"1080\" loading=\"lazy\" decoding=\"async\" alt=\"Media Image\" fetchpriority=\"auto\" class=\"image ho-image\"\/>\u00a9 alvaroberro<\/p>\n<p id=\"eo-S_xwyjF\" data-wc=\"51\">Pero si hay un escenario perfecto para su historia de amor, ese es Sicilia, la tierra natal de ella. Juntos han recorrido <strong>Palermo, Noto, Siracusa, Ortigia&#8230;\u00a0<\/strong>y entre fotos de apasionados besos, ba\u00f1os al atardecer y cenas frente al mar, se cuelan mensajes como \u00ab<strong>te amo<\/strong>\u00bb o \u00ab<strong>yo te amo m\u00e1s<\/strong>\u00ab. \u00a0<\/p>\n<p> <img src=\"https:\/\/www.europesays.com\/es\/wp-content\/uploads\/2025\/10\/4f428cbeeebd-novia1.jpg\"   width=\"1080\" height=\"1080\" loading=\"lazy\" decoding=\"async\" alt=\"\u00c1lvaro Berro, hijo de David Cantero, con su novia\" fetchpriority=\"auto\" class=\"image ho-image\"\/>\u00a9 alvaroberro<\/p>\n<p> <img src=\"https:\/\/www.europesays.com\/es\/wp-content\/uploads\/2025\/10\/ff95910e4195-novia555.jpg\"   width=\"1080\" height=\"1080\" loading=\"lazy\" decoding=\"async\" alt=\"Media Image\" fetchpriority=\"auto\" class=\"image ho-image\"\/>\u00a9 alvaroberro<\/p>\n<p> <img src=\"https:\/\/www.europesays.com\/es\/wp-content\/uploads\/2025\/10\/1796dd093c2d-568173086184871374510760174614502240177112146n.jpg\"   width=\"575\" height=\"1024\" loading=\"lazy\" decoding=\"async\" alt=\"\u00c1lvaro Berro, hijo de David Cantero, con su novia \" fetchpriority=\"auto\" class=\"image ho-image\"\/>\u00a9 alvaroberro<\/p>\n<p> <img src=\"https:\/\/www.europesays.com\/es\/wp-content\/uploads\/2025\/10\/7b67ececfff3-novia3.jpg\"   width=\"1024\" height=\"1024\" loading=\"lazy\" decoding=\"async\" alt=\"Media Image\" fetchpriority=\"auto\" class=\"image ho-image\"\/>\u00a9 glendapampinella<\/p>\n<p id=\"emoloiHA3rP\" data-wc=\"77\">La pareja aprovecha cada segundo libre para verse, como ocurri\u00f3 el pasado abril, cuando \u00c1lvaro viaj\u00f3 a El Vaticano para cubrir <a class=\"hm-link ho-link\" href=\"https:\/\/www.hola.com\/actualidad\/20250421708605\/fallece-papa-francisco\/\" data-mrf-recirculation=\"article-body-link\" rel=\"nofollow noopener\" target=\"_blank\">la muerte del papa Francisco<\/a> y la posterior <a class=\"hm-link ho-link\" href=\"https:\/\/www.hola.com\/actualidad\/20250508830750\/primera-imagen-del-nuevo-papa\/\" data-mrf-recirculation=\"article-body-link\" rel=\"nofollow noopener\" target=\"_blank\">elecci\u00f3n de Le\u00f3n XIV<\/a>. Entre directo y directo, el periodista encontr\u00f3 un momento para reencontrarse con su chica en un restaurante, una cita muy breve que inmortalizaron en esta foto y que demuestra que, cuando el amor es de verdad, no hay distancia ni agenda que lo impidan. \u00a0<\/p>\n<p> <img src=\"https:\/\/www.europesays.com\/es\/wp-content\/uploads\/2025\/10\/eb3f49c746c8-novianoviajpg.jpg\"   width=\"1920\" height=\"1080\" loading=\"lazy\" decoding=\"async\" alt=\"\u00c1lvaro Berro, hijo de David Cantero, con su novia\" fetchpriority=\"auto\" class=\"image ho-image\"\/>\u00a9 alvaroberro<\/p>\n<p id=\"e9Mvu8bbIW\" data-wc=\"50\">Y si \u00c1lvaro no puede viajar a Italia, es Glenda quien pone rumbo a Espa\u00f1a. Este verano descubri\u00f3 <strong>la costa cant\u00e1brica<\/strong> de la mano de su chico y, en primavera, se escap\u00f3 a Sevilla, una ciudad muy especial para el periodista, donde pudo vivir de cerca<strong>\u00a0la Feria de Abril<\/strong>.<\/p>\n<p>  <img src=\"https:\/\/www.europesays.com\/es\/wp-content\/uploads\/2025\/10\/5808bd9e58f9-novia.jpg\"   width=\"1080\" height=\"1800\" loading=\"lazy\" decoding=\"async\" alt=\"Media Image\" fetchpriority=\"auto\" class=\"image ho-image\"\/>\u00a9 alvaroberro<\/p>\n<p>  <img src=\"https:\/\/www.europesays.com\/es\/wp-content\/uploads\/2025\/10\/2f25448ec693-novio2.jpg\"   width=\"1080\" height=\"1800\" loading=\"lazy\" decoding=\"async\" alt=\"Media Image\" fetchpriority=\"auto\" class=\"image ho-image\"\/>\u00a9 alvaroberro<\/p>\n<p> <img src=\"https:\/\/www.europesays.com\/es\/wp-content\/uploads\/2025\/10\/71d198872ed8-novia2.jpg\"   width=\"575\" height=\"1024\" loading=\"lazy\" decoding=\"async\" alt=\"La novia de \u00c1lvaro Berro, hijo de David Cantero\" fetchpriority=\"auto\" class=\"image ho-image\"\/>\u00a9 alvaroberro<\/p>\n<p id=\"eJCBDrfO3H\" data-wc=\"74\">\u00c1lvaro Berro es fruto del <strong>primer matrimonio de David Cantero con la periodista Carmen Berro Medina<\/strong>, productora de informativos de Canal Sur TV. Desde bien peque\u00f1o tuvo claro que seguir\u00eda los pasos profesionales de su padres y estudi\u00f3 Periodismo en Madrid. Comenz\u00f3 su carrera en una agencia de prensa para luego recalar en Mediaset. All\u00ed empez\u00f3 de becario y ha ido escalando puestos poco a poco y con bastante esfuerzo pasando por diferentes programas.<\/p>\n<p> <img src=\"https:\/\/www.europesays.com\/es\/wp-content\/uploads\/2025\/10\/536686dfa969-dos-hombres-y-un-destino-father-and-son.jpg\"   width=\"964\" height=\"1024\" loading=\"lazy\" decoding=\"async\" alt=\"David Cantero con su hijo \u00c1lvaro\" fetchpriority=\"auto\" class=\"image ho-image\"\/>\u00a9 david_cantero_informativos<\/p>\n<p id=\"eI0-Z-yOQX\" data-wc=\"49\">Contra todo pron\u00f3stico, Cantero no anim\u00f3 a <a class=\"hm-link ho-link\" href=\"https:\/\/www.hola.com\/actualidad\/20210218184584\/david-cantero-felicita-hijo-foto-antigua\/\" data-mrf-recirculation=\"article-body-link\" rel=\"nofollow noopener\" target=\"_blank\">su hijo mayor<\/a> a estudiar Periodismo. \u00ab<strong>Mi padre quer\u00eda que yo fuese piloto. Pero me llevaba a las ruedas de prensa y me hizo una c\u00e1mara de cart\u00f3n&#8230; Yo crec\u00ed jugando a ser reportero<\/strong>\u201d, cont\u00f3 \u00c1lvaro en una entrevista concedida a Telecinco.\u00a0<\/p>\n<p> <img src=\"https:\/\/www.europesays.com\/es\/wp-content\/uploads\/2025\/10\/5fcb3bf422b0-2909422520745016094508969053428139526455296n.jpg\"   width=\"819\" height=\"1024\" loading=\"lazy\" decoding=\"async\" alt=\"\u00c1lvaro Berro con su madre\" fetchpriority=\"auto\" class=\"image ho-image\"\/>\u00a9 alvaroberro\u00c1lvaro Berro con su madre<\/p>\n<p id=\"ejTo5QFxoT2\" data-wc=\"60\">Hoy, sin embargo, el veterano periodista, ahora locutor de Radio Nacional, no puede estar m\u00e1s orgulloso de la elecci\u00f3n de su primog\u00e9nito. \u00ab<strong>Nos parecemos en muchas cosas<\/strong>, sobre todo, en nuestra forma de ver la vida; eso lo ha aprendido o heredado de m\u00ed. La seriedad en el trabajo, nos lo tomamos muy en serio\u00bb, confes\u00f3 Cantero en El Espa\u00f1ol.<\/p>\n","protected":false},"excerpt":{"rendered":"\u00c1lvaro Berro, hijo del periodista y presentador David Cantero, vive un gran momento tanto en lo profesional como&hellip;\n","protected":false},"author":2,"featured_media":196205,"comment_status":"","ping_status":"","sticky":false,"template":"","format":"standard","meta":{"footnotes":""},"categories":[174],"tags":[517,255,43518,146,147,25,24,256,23,807],"class_list":{"0":"post-196204","1":"post","2":"type-post","3":"status-publish","4":"format-standard","5":"has-post-thumbnail","7":"category-famosos","8":"tag-actualidad","9":"tag-celebrities","10":"tag-david-cantero","11":"tag-entertainment","12":"tag-entretenimiento","13":"tag-es","14":"tag-espana","15":"tag-famosos","16":"tag-spain","17":"tag-television"},"share_on_mastodon":{"url":"https:\/\/pubeurope.com\/@es\/115423953043016794","error":""},"_links":{"self":[{"href":"https:\/\/www.europesays.com\/es\/wp-json\/wp\/v2\/posts\/196204","targetHints":{"allow":["GET"]}}],"collection":[{"href":"https:\/\/www.europesays.com\/es\/wp-json\/wp\/v2\/posts"}],"about":[{"href":"https:\/\/www.europesays.com\/es\/wp-json\/wp\/v2\/types\/post"}],"author":[{"embeddable":true,"href":"https:\/\/www.europesays.com\/es\/wp-json\/wp\/v2\/users\/2"}],"replies":[{"embeddable":true,"href":"https:\/\/www.europesays.com\/es\/wp-json\/wp\/v2\/comments?post=196204"}],"version-history":[{"count":0,"href":"https:\/\/www.europesays.com\/es\/wp-json\/wp\/v2\/posts\/196204\/revisions"}],"wp:featuredmedia":[{"embeddable":true,"href":"https:\/\/www.europesays.com\/es\/wp-json\/wp\/v2\/media\/196205"}],"wp:attachment":[{"href":"https:\/\/www.europesays.com\/es\/wp-json\/wp\/v2\/media?parent=196204"}],"wp:term":[{"taxonomy":"category","embeddable":true,"href":"https:\/\/www.europesays.com\/es\/wp-json\/wp\/v2\/categories?post=196204"},{"taxonomy":"post_tag","embeddable":true,"href":"https:\/\/www.europesays.com\/es\/wp-json\/wp\/v2\/tags?post=196204"}],"curies":[{"name":"wp","href":"https:\/\/api.w.org\/{rel}","templated":true}]}}