{"id":196214,"date":"2025-10-23T14:33:08","date_gmt":"2025-10-23T14:33:08","guid":{"rendered":"https:\/\/www.europesays.com\/es\/196214\/"},"modified":"2025-10-23T14:33:08","modified_gmt":"2025-10-23T14:33:08","slug":"detenido-un-arbitro-serbio-de-la-euroliga-por-supuestos-vinculos-con-el-crimen-organizado-baloncesto-deportes","status":"publish","type":"post","link":"https:\/\/www.europesays.com\/es\/196214\/","title":{"rendered":"Detenido un \u00e1rbitro serbio de la Euroliga por supuestos v\u00ednculos con el crimen organizado | Baloncesto | Deportes"},"content":{"rendered":"<p class=\"\">El \u00e1rbitro serbio de la <a href=\"https:\/\/elpais.com\/deportes\/baloncesto\/2025-10-22\/pedro-martinez-tecnico-del-valencia-basket-sobre-jugar-en-israel-por-que-no-es-seguro-el-25-de-noviembre-y-el-5-de-diciembre-si.html\" target=\"_self\" rel=\"nofollow noopener\" title=\"https:\/\/elpais.com\/deportes\/baloncesto\/2025-10-22\/pedro-martinez-tecnico-del-valencia-basket-sobre-jugar-en-israel-por-que-no-es-seguro-el-25-de-noviembre-y-el-5-de-diciembre-si.html\">Euroliga<\/a> Uros Nikolic ha sido detenido este mi\u00e9rcoles en un gran operativo policial en Belgrado bajo sospecha de pertenecer a un grupo de crimen organizado acusado de cometer graves delitos, seg\u00fan ha informado este jueves la televisi\u00f3n p\u00fablica RTS y el portal de noticias Blic.<\/p>\n<p class=\"\">En el registro del apartamento Nikolic, y siempre seg\u00fan la informaci\u00f3n de estos medios, la polic\u00eda serbia encontr\u00f3 cerca de 250.000 euros en efectivo, varios lingotes de oro y relojes de lujo. El colegiado, de 39 a\u00f1os, ha sido detenido junto con otras nueve personas y este jueves se espera que sea interrogado en la Fiscal\u00eda para la Delincuencia Organizada del pa\u00eds.<\/p>\n<p class=\"\">\u201cSe sospecha que [Nikolic] es el apoyo financiero de las actividades del clan de Vracar\u201d, ha advertido el ministro de Polic\u00eda, Ivica Dacic, en el informativo matutino de este jueves en el servicio p\u00fablico RTS. El denominado clan de Vracar es un grupo criminal de Belgrado, activo al menos desde 2018, acusado de delitos graves como asesinatos, intentos de homicidio, tr\u00e1fico de drogas, posesi\u00f3n de armas y lavado de dinero. <\/p>\n<p class=\"\">Nikolic pita en la Euroliga desde 2019 y su trayectoria incluye la participaci\u00f3n en la Final Four del torneo en las ediciones de 2020\/2021 y 2023\/2024, donde arbitr\u00f3 los encuentros por el tercer puesto entre el Milan y el CSKA en 2021, as\u00ed como el Olympiacos y el Fenerbahce en 2024. En la segunda jornada de la presente temporada, Nikolic <a href=\"https:\/\/elpais.com\/deportes\/baloncesto\/2025-10-02\/ahora-si-el-real-madrid-de-sergio-scariolo-empieza-a-carburar.html\" target=\"_self\" rel=\"nofollow noopener\" title=\"https:\/\/elpais.com\/deportes\/baloncesto\/2025-10-02\/ahora-si-el-real-madrid-de-sergio-scariolo-empieza-a-carburar.html\">dirigi\u00f3 el pasado 2 de octubre el partido entre el Real Madrid y el Olympiacos en el Movistar Arena<\/a> de Madrid, donde los blancos se impusieron 89-77. Adem\u00e1s, Nikolic ha arbitrado otros tres partidos de Euroliga en lo que va de curso: el Panathinaikos-Bayern, el Hapoel Tel Aviv-Maccabi Tel Aviv y el Dubai Basketball-Bayern de M\u00fanich.<\/p>\n<p class=\"\">A expensas de tener m\u00e1s noticias al respecto, la Federaci\u00f3n Serbia de baloncesto (KSS) ha decidido supsender a Nikolic de manera indefinida.<\/p>\n","protected":false},"excerpt":{"rendered":"El \u00e1rbitro serbio de la Euroliga Uros Nikolic ha sido detenido este mi\u00e9rcoles en un gran operativo policial&hellip;\n","protected":false},"author":2,"featured_media":196215,"comment_status":"","ping_status":"","sticky":false,"template":"","format":"standard","meta":{"footnotes":""},"categories":[93],"tags":[12572,299,14082,1540,27522,168,15705,25,24,833,8283,5389,23,167],"class_list":{"0":"post-196214","1":"post","2":"type-post","3":"status-publish","4":"format-standard","5":"has-post-thumbnail","7":"category-deportes","8":"tag-arbitros","9":"tag-baloncesto","10":"tag-belgrado","11":"tag-competiciones","12":"tag-crimen-organizado","13":"tag-deportes","14":"tag-detenciones","15":"tag-es","16":"tag-espana","17":"tag-euroliga","18":"tag-jugadores-baloncesto","19":"tag-serbia","20":"tag-spain","21":"tag-sports"},"share_on_mastodon":{"url":"https:\/\/pubeurope.com\/@es\/115423976166002392","error":""},"_links":{"self":[{"href":"https:\/\/www.europesays.com\/es\/wp-json\/wp\/v2\/posts\/196214","targetHints":{"allow":["GET"]}}],"collection":[{"href":"https:\/\/www.europesays.com\/es\/wp-json\/wp\/v2\/posts"}],"about":[{"href":"https:\/\/www.europesays.com\/es\/wp-json\/wp\/v2\/types\/post"}],"author":[{"embeddable":true,"href":"https:\/\/www.europesays.com\/es\/wp-json\/wp\/v2\/users\/2"}],"replies":[{"embeddable":true,"href":"https:\/\/www.europesays.com\/es\/wp-json\/wp\/v2\/comments?post=196214"}],"version-history":[{"count":0,"href":"https:\/\/www.europesays.com\/es\/wp-json\/wp\/v2\/posts\/196214\/revisions"}],"wp:featuredmedia":[{"embeddable":true,"href":"https:\/\/www.europesays.com\/es\/wp-json\/wp\/v2\/media\/196215"}],"wp:attachment":[{"href":"https:\/\/www.europesays.com\/es\/wp-json\/wp\/v2\/media?parent=196214"}],"wp:term":[{"taxonomy":"category","embeddable":true,"href":"https:\/\/www.europesays.com\/es\/wp-json\/wp\/v2\/categories?post=196214"},{"taxonomy":"post_tag","embeddable":true,"href":"https:\/\/www.europesays.com\/es\/wp-json\/wp\/v2\/tags?post=196214"}],"curies":[{"name":"wp","href":"https:\/\/api.w.org\/{rel}","templated":true}]}}