{"id":196217,"date":"2025-10-23T14:35:09","date_gmt":"2025-10-23T14:35:09","guid":{"rendered":"https:\/\/www.europesays.com\/es\/196217\/"},"modified":"2025-10-23T14:35:09","modified_gmt":"2025-10-23T14:35:09","slug":"lucia-rivera-hija-de-cayetano-asegura-que-kiko-rivera-es-su-tio-favorito-por-la-parte-paterna-pero-de-calle-el-mundo","status":"publish","type":"post","link":"https:\/\/www.europesays.com\/es\/196217\/","title":{"rendered":"Luc\u00eda Rivera, hija de Cayetano, asegura que Kiko Rivera es su t\u00edo favorito por la parte paterna: &quot;Pero de calle&#8230;&quot; &#8211; El Mundo"},"content":{"rendered":"<ol>\n<li><a href=\"https:\/\/news.google.com\/rss\/articles\/CBMigAFBVV95cUxNaUp6ejN0U2hzTlBURVVXM3J6TC03eFhDaHJsNjFnVlpNRXdPdTdQV0NSUWpPbGhzMk5hNUpYVEh1V04tWWxiTVdBODIwNjFXWFc5UHhLZFlCRXBHbEVqME9XenAyb095NnVUTUpESWRDSzhmT3F3Y1BIWGhLdVlWYdIBgAFBVV95cUxNTFFHUlVyOVdmcXRyWUx1WFdZazZUU3pBY3V5NmJDZ2NQUFk0SW5lRHVHMl9URjZ5aVdURmhsRklzTWlXaU9udXdtX2FKQXhubTlRM2k4VEhyZkdpelRHa3NaMk1kMWUySHRnWU9yN0o0OEY5MDE0RVc1ZmRxZVJraA?oc=5\" target=\"_blank\" rel=\"nofollow noopener\">Luc\u00eda Rivera, hija de Cayetano, asegura que Kiko Rivera es su t\u00edo favorito por la parte paterna: \u00abPero de calle&#8230;\u00bb<\/a>&nbsp;&nbsp;El Mundo<\/li>\n<li><a href=\"https:\/\/news.google.com\/rss\/articles\/CBMiuwFBVV95cUxNY2FIOWZPS1RDOTBmc1lSWTVid3hsUUQtUVVKMWdOb0xXRGFNN1JUekdHR1NLWldUUk1wb29hYU1aTEdwaWgxNTFWVWE4Nm9aME9IMUtHMjRpSTNYQjRIa2xnQXBqSjRJdWtWT0pSZ2FuSDVuSVNJVmNMMUZnVWVGdl9Yczl1SmZXcmVMejJzTFA5TGNUaXZtZERVbGxjLVREeWpQbnhVLXVqUXdvTXVkV0xkRXM0U21fVWVZ?oc=5\" target=\"_blank\" rel=\"nofollow noopener\">Luc\u00eda Rivera desvela qui\u00e9n es su t\u00edo favorito: Fran o Kiko Rivera<\/a>&nbsp;&nbsp;Lecturas<\/li>\n<li><a href=\"https:\/\/news.google.com\/rss\/articles\/CBMixwFBVV95cUxNR1lMTUpFcVRXaVB3MlR4TGt4T2JFWE9qeVFBRVJkYjZNQmxvZDc3WFZSOTFScHBWYWU0SUVmRW5iRldQbXFYdzhvQVRFTU1kaHJrSlJNc21VejUyMGxLZm5JOWtZbDR5WjJ4bVNNZjc0cWFjT0R6UU9jWGdSakwtUXZESmVxLWFIejJ6b21NQkZER2FWZWoxRE8zcE1VT0s3a2V6NnJubzEtanljaXlNNnRWNXdrYlRRVHp3bHBoTm51RXotY3hR?oc=5\" target=\"_blank\" rel=\"nofollow noopener\">Luc\u00eda Rivera se pronuncia tras la ruptura de su t\u00edo Kiko Rivera con Irene Rosales y asegura que es su \u00abt\u00edo preferido\u00bb<\/a>&nbsp;&nbsp;Diez Minutos<\/li>\n<li><a href=\"https:\/\/news.google.com\/rss\/articles\/CBMingFBVV95cUxPSzJuWmE4MzBsOE9yVVV0TkRrX0JnZ2xaMnRwTjZjMlVSOVZMV2FjbklIRDBaOGVNYy10RU1yV3NPaFNjaUI1UEg4TjhMMktiZDIzMnBpRlZUTDZXcHRZak9rTnhPZU52ekZPbUJLeDdZUG5Rbmk3ZVNEQXNtck5PWGw4dnloaXpoa19EaXdmUVFTMGNhWXB4R2tfUnptdw?oc=5\" target=\"_blank\" rel=\"nofollow noopener\">Luc\u00eda Rivera confiesa que Kiko Rivera es su t\u00edo favorito<\/a>&nbsp;&nbsp;El Peri\u00f3dico<\/li>\n<li><a href=\"https:\/\/news.google.com\/rss\/articles\/CBMimAFBVV95cUxOOXpvSTJHcDh4MVkzNTZtNnMzdm84VnQ2RW1WbnRjSnozRlhUOXkzZ1UtTHhKanEzaXhtTFpfNVhKb0s4SXBKRGpfS3pndEJXWTcySnRVcHZabC1FVHBQaFlOekplZUtaWWo0TERETW5DMV84eC03S19FRFE0MW9XV3FzNVI2V19rOGlLaW5zS01ER2RMWEhfYg?oc=5\" target=\"_blank\" rel=\"nofollow noopener\">Luc\u00eda Rivera nos asegura que no piensa en la maternidad<\/a>&nbsp;&nbsp;EuropaPress.tv<\/li>\n<\/ol>\n","protected":false},"excerpt":{"rendered":"Luc\u00eda Rivera, hija de Cayetano, asegura que Kiko Rivera es su t\u00edo favorito por la parte paterna: \u00abPero&hellip;\n","protected":false},"author":2,"featured_media":196218,"comment_status":"","ping_status":"","sticky":false,"template":"","format":"standard","meta":{"footnotes":""},"categories":[91],"tags":[1393,146,147,25,24,12466,720,23],"class_list":{"0":"post-196217","1":"post","2":"type-post","3":"status-publish","4":"format-standard","5":"has-post-thumbnail","7":"category-entretenimiento","8":"tag-cayetano-rivera","9":"tag-entertainment","10":"tag-entretenimiento","11":"tag-es","12":"tag-espana","13":"tag-kiko-rivera","14":"tag-loc-famosos","15":"tag-spain"},"share_on_mastodon":{"url":"https:\/\/pubeurope.com\/@es\/115423984121876126","error":""},"_links":{"self":[{"href":"https:\/\/www.europesays.com\/es\/wp-json\/wp\/v2\/posts\/196217","targetHints":{"allow":["GET"]}}],"collection":[{"href":"https:\/\/www.europesays.com\/es\/wp-json\/wp\/v2\/posts"}],"about":[{"href":"https:\/\/www.europesays.com\/es\/wp-json\/wp\/v2\/types\/post"}],"author":[{"embeddable":true,"href":"https:\/\/www.europesays.com\/es\/wp-json\/wp\/v2\/users\/2"}],"replies":[{"embeddable":true,"href":"https:\/\/www.europesays.com\/es\/wp-json\/wp\/v2\/comments?post=196217"}],"version-history":[{"count":0,"href":"https:\/\/www.europesays.com\/es\/wp-json\/wp\/v2\/posts\/196217\/revisions"}],"wp:featuredmedia":[{"embeddable":true,"href":"https:\/\/www.europesays.com\/es\/wp-json\/wp\/v2\/media\/196218"}],"wp:attachment":[{"href":"https:\/\/www.europesays.com\/es\/wp-json\/wp\/v2\/media?parent=196217"}],"wp:term":[{"taxonomy":"category","embeddable":true,"href":"https:\/\/www.europesays.com\/es\/wp-json\/wp\/v2\/categories?post=196217"},{"taxonomy":"post_tag","embeddable":true,"href":"https:\/\/www.europesays.com\/es\/wp-json\/wp\/v2\/tags?post=196217"}],"curies":[{"name":"wp","href":"https:\/\/api.w.org\/{rel}","templated":true}]}}