{"id":196268,"date":"2025-10-23T15:03:20","date_gmt":"2025-10-23T15:03:20","guid":{"rendered":"https:\/\/www.europesays.com\/es\/196268\/"},"modified":"2025-10-23T15:03:20","modified_gmt":"2025-10-23T15:03:20","slug":"ultima-hora-del-conflicto-en-oriente-proximo-en-directo-trump-dice-que-israel-perdera-su-apoyo-si-se-anexiona-cisjordania-esto-no-pasara-internacional","status":"publish","type":"post","link":"https:\/\/www.europesays.com\/es\/196268\/","title":{"rendered":"\u00daltima hora del conflicto en Oriente Pr\u00f3ximo, en directo | Trump dice que Israel perder\u00e1 su apoyo si se anexiona Cisjordania: \u201cEsto no pasar\u00e1\u201d | Internacional"},"content":{"rendered":"<p class=\"ev-title\">El Gobierno de Espa\u00f1a condena el acuerdo preliminar de Israel para anexionarse Cisjordania<\/p>\n<p>El Gobierno de Espa\u00f1a ha condenado este jueves la aprobaci\u00f3n por el Parlamento de Israel en lectura preliminar del proyecto de ley para anexionar y aplicar soberan\u00eda plena en Cisjordania.<\/p>\n<p>En un comunicado, el Ministerio de Asuntos Exteriores advierte de que el proyecto de ley, a pesar de carecer a\u00fan de validez jur\u00eddica, es contrario al derecho internacional y, en particular, de la Opini\u00f3n Consultiva del 19 de julio de 2024 del Tribunal Internacional de Justicia, que determina que la ocupaci\u00f3n es ilegal.<\/p>\n<p>Para el Ejecutivo, el acuerdo del Parlamento israel\u00ed es contrario adem\u00e1s al esp\u00edritu del plan de paz estadounidense y a los principios recogidos en la Declaraci\u00f3n de Nueva York para la implementaci\u00f3n de la soluci\u00f3n de los dos Estados.<\/p>\n<p>El Gobierno reitera en la nota su condena a la expansi\u00f3n de los asentamientos, ilegales seg\u00fan el derecho internacional, y a cualquier iniciativa para impedir la soluci\u00f3n de los dos Estados, \u201c\u00fanica v\u00eda para una paz duradera en la regi\u00f3n\u201d, subraya.\u00a0<\/p>\n<p>En este sentido, expresa su \u201cprofunda preocupaci\u00f3n\u201d por la situaci\u00f3n en Cisjordania, con \u201cla violencia impune de los colonos, las operaciones militares y la estrategia p\u00fablica de expansi\u00f3n de asentamientos\u201d, todos ellos, recalca, obst\u00e1culos para alcanzar la paz y la seguridad.<\/p>\n<p>El Parlamento israel\u00ed aprob\u00f3 el mi\u00e9rcoles, en una lectura preliminar con 25 votos a favor y 24 en contra, una propuesta para anexionar el territorio palestino ocupado de Cisjordania. Este primer paso precede a otras tres votaciones que ser\u00e1n necesarias en la Kn\u00e9set (Parlamento israel\u00ed) para convertir este proyecto en ley, que reza: \u201cEl Estado de Israel aplicar\u00e1 sus leyes y soberan\u00eda a las zonas de asentamiento en Judea y Samaria, para establecer el estatus de estas \u00e1reas como parte inseparable del Estado soberano de Israel\u201d.\u00a0\u00a0\u00a0<\/p>\n<p>Palestina no cuenta con continuidad territorial, y mientras en Gaza gobernaba la rama pol\u00edtica de Ham\u00e1s, en Cisjordania permanece la Autoridad Nacional Palestina (ANP), encabezada por Mahmud Ab\u00e1s. Si bien en la mayor parte de esta zona (la denominada \u00c1rea C que equivale al 60% del territorio) Israel posee tanto control militar como civil desde los Acuerdos de Oslo. Adem\u00e1s, existen cientos de puestos de control militares israel\u00edes a lo largo de toda Cisjordania, y un sistema de permisos que no permite el libre movimiento de los palestinos entre ciudades, prohibiendo a muchos la entrada a Jerusal\u00e9n (entre otras urbes). (Efe)<\/p>\n","protected":false},"excerpt":{"rendered":"El Gobierno de Espa\u00f1a condena el acuerdo preliminar de Israel para anexionarse Cisjordania El Gobierno de Espa\u00f1a ha&hellip;\n","protected":false},"author":2,"featured_media":196269,"comment_status":"","ping_status":"","sticky":false,"template":"","format":"standard","meta":{"footnotes":""},"categories":[5],"tags":[4163,17,18,68,70,71,72,25,24,13,14,73,69,75,11,74,19,20,9,10,15,16,77,76,23,12,21,22],"class_list":{"0":"post-196268","1":"post","2":"type-post","3":"status-publish","4":"format-standard","5":"has-post-thumbnail","7":"category-titulares","8":"tag-alto-el-fuego","9":"tag-breaking-news","10":"tag-breakingnews","11":"tag-conflicto-arabe-israeli","12":"tag-conflictos","13":"tag-conflictos-armados","14":"tag-conflictos-internacionales","15":"tag-es","16":"tag-espana","17":"tag-featured-news","18":"tag-featurednews","19":"tag-franja-gaza","20":"tag-guerra","21":"tag-hamas","22":"tag-headlines","23":"tag-israel","24":"tag-latest-news","25":"tag-latestnews","26":"tag-news","27":"tag-noticias","28":"tag-noticias-destacadas","29":"tag-noticiasdestacadas","30":"tag-oriente-proximo","31":"tag-palestina","32":"tag-spain","33":"tag-titulares","34":"tag-ultimas-noticias","35":"tag-ultimasnoticias"},"share_on_mastodon":{"url":"","error":"Validation failed: Text character limit of 500 exceeded"},"_links":{"self":[{"href":"https:\/\/www.europesays.com\/es\/wp-json\/wp\/v2\/posts\/196268","targetHints":{"allow":["GET"]}}],"collection":[{"href":"https:\/\/www.europesays.com\/es\/wp-json\/wp\/v2\/posts"}],"about":[{"href":"https:\/\/www.europesays.com\/es\/wp-json\/wp\/v2\/types\/post"}],"author":[{"embeddable":true,"href":"https:\/\/www.europesays.com\/es\/wp-json\/wp\/v2\/users\/2"}],"replies":[{"embeddable":true,"href":"https:\/\/www.europesays.com\/es\/wp-json\/wp\/v2\/comments?post=196268"}],"version-history":[{"count":0,"href":"https:\/\/www.europesays.com\/es\/wp-json\/wp\/v2\/posts\/196268\/revisions"}],"wp:featuredmedia":[{"embeddable":true,"href":"https:\/\/www.europesays.com\/es\/wp-json\/wp\/v2\/media\/196269"}],"wp:attachment":[{"href":"https:\/\/www.europesays.com\/es\/wp-json\/wp\/v2\/media?parent=196268"}],"wp:term":[{"taxonomy":"category","embeddable":true,"href":"https:\/\/www.europesays.com\/es\/wp-json\/wp\/v2\/categories?post=196268"},{"taxonomy":"post_tag","embeddable":true,"href":"https:\/\/www.europesays.com\/es\/wp-json\/wp\/v2\/tags?post=196268"}],"curies":[{"name":"wp","href":"https:\/\/api.w.org\/{rel}","templated":true}]}}