{"id":196395,"date":"2025-10-23T16:15:09","date_gmt":"2025-10-23T16:15:09","guid":{"rendered":"https:\/\/www.europesays.com\/es\/196395\/"},"modified":"2025-10-23T16:15:09","modified_gmt":"2025-10-23T16:15:09","slug":"el-guadalajara-pone-a-prueba-su-crecimiento-ante-una-de-las-mejores-porterias-de-la-liga-asobal-nuevaalcarria","status":"publish","type":"post","link":"https:\/\/www.europesays.com\/es\/196395\/","title":{"rendered":"El Guadalajara pone a prueba su crecimiento ante una de las mejores porter\u00edas de la Liga Asobal | NuevaAlcarria"},"content":{"rendered":"<p>Los alcarre\u00f1os llegan con buenas sensaciones tras su triunfo en Cangas y la s\u00f3lida imagen ofrecida ante Granollers, y conf\u00edan en seguir afianzando su evoluci\u00f3n competitiva.<\/p>\n<p>El t\u00e9cnico Juan Carlos Requena considera que el equipo atraviesa un momento ascendente, especialmente en el apartado defensivo:\u00a0\u201cLas sensaciones de los dos \u00faltimos partidos son m\u00e1s que buenas. El otro d\u00eda recuperamos doce balones, lo que habla de la intensidad y las ayudas. Si conseguimos consolidar esa l\u00ednea y sumamos la aportaci\u00f3n de la porter\u00eda, tendremos opciones de competir en una pista como la de Bidasoa\u201d.\u00a0<\/p>\n<p>Aun as\u00ed, Requena insiste en que el equipo necesita transformar las buenas sensaciones en resultados:\u00a0\u201cDe sensaciones no se vive. Tenemos que mejorar el acierto en momentos clave. Frente a Granollers hicimos muchas cosas bien, pero siete minutos de mal balonmano nos penalizaron\u201d.<\/p>\n<p>El entrenador reconoci\u00f3 la dificultad del duelo ante un Bidasoa que atraviesa uno de los mejores momentos del curso:\u00a0\u201cEl rival\u00a0ha conseguido ampliar mucho los recursos del equipo. Disponen de una de las mejores porter\u00edas de la Liga, junto a la del Bar\u00e7a, con un 33% de efectividad media, y una defensa muy s\u00f3lida, con recambios en todas las posiciones. En ataque son muy vers\u00e1tiles: tienen lanzadores, jugadores de finta, buena conexi\u00f3n con el pivote y extremos que corren muy bien el contraataque\u201d.<\/p>\n<p>El cuadro guadalajare\u00f1o viajar\u00e1 con la duda de Fabio Chiuffa, pendiente de sus sensaciones en los \u00faltimos entrenamientos, y la baja confirmada de Diego Vera, que contin\u00faa su proceso de recuperaci\u00f3n.<\/p>\n<p><strong>Optimismo en el vestuario<\/strong><br \/>&#13;<br \/>\nEn el vestuario, el ambiente es optimista. El capit\u00e1n Jos\u00e9 Luis Rom\u00e1n subraya el crecimiento colectivo y la confianza que ha aportado la primera victoria del curso:\u00a0\u201cGanar en Cangas nos quit\u00f3 la ansiedad de vernos con cero puntos. El equipo est\u00e1 con confianza, con ganas de m\u00e1s y cada vez m\u00e1s compenetrado\u201d.<\/p>\n<p>Rom\u00e1n destaca adem\u00e1s la cohesi\u00f3n del grupo, pese a la gran cantidad de caras nuevas esta temporada:\u00a0\u201cNos estamos conociendo mejor, entendiendo qu\u00e9 necesita cada compa\u00f1ero y cu\u00e1ndo ayudar en defensa. Poco a poco estamos siendo la familia que quer\u00edamos ser desde el inicio\u201d.<\/p>\n<p>Consciente de la dificultad del compromiso, el capit\u00e1n conf\u00eda en que el equipo mantenga su car\u00e1cter competitivo:\u00a0\u201cBidasoa es un rival de alt\u00edsimo nivel, pero vamos motivados y con la mentalidad de competir. Si seguimos en esta l\u00ednea, podemos dar guerra y tener opciones\u201d.<\/p>\n<p>En la pista de Ir\u00e1n el Sanicentro se encontrar\u00e1 como rivales con viejos conocidos como Peci\u00f1a, Dariel Garc\u00eda, Piotr Mielczarski o Tito D\u00edaz.<\/p>\n","protected":false},"excerpt":{"rendered":"Los alcarre\u00f1os llegan con buenas sensaciones tras su triunfo en Cangas y la s\u00f3lida imagen ofrecida ante Granollers,&hellip;\n","protected":false},"author":2,"featured_media":196396,"comment_status":"","ping_status":"","sticky":false,"template":"","format":"standard","meta":{"footnotes":""},"categories":[278],"tags":[442,2906,376,2645,168,25,24,439,375,441,7600,443,440,5325,4792,34274,23,167],"class_list":{"0":"post-196395","1":"post","2":"type-post","3":"status-publish","4":"format-standard","5":"has-post-thumbnail","7":"category-balonmano","8":"tag-actualidad-guadalajara","9":"tag-asobal","10":"tag-balonmano","11":"tag-bidasoa","12":"tag-deportes","13":"tag-es","14":"tag-espana","15":"tag-guadalajara","16":"tag-handball","17":"tag-informacion-guadalajara","18":"tag-irun","19":"tag-noticias-guadalajara","20":"tag-nueva-alcarria","21":"tag-requena","22":"tag-roman","23":"tag-sanicentro","24":"tag-spain","25":"tag-sports"},"share_on_mastodon":{"url":"https:\/\/pubeurope.com\/@es\/115424377354758611","error":""},"_links":{"self":[{"href":"https:\/\/www.europesays.com\/es\/wp-json\/wp\/v2\/posts\/196395","targetHints":{"allow":["GET"]}}],"collection":[{"href":"https:\/\/www.europesays.com\/es\/wp-json\/wp\/v2\/posts"}],"about":[{"href":"https:\/\/www.europesays.com\/es\/wp-json\/wp\/v2\/types\/post"}],"author":[{"embeddable":true,"href":"https:\/\/www.europesays.com\/es\/wp-json\/wp\/v2\/users\/2"}],"replies":[{"embeddable":true,"href":"https:\/\/www.europesays.com\/es\/wp-json\/wp\/v2\/comments?post=196395"}],"version-history":[{"count":0,"href":"https:\/\/www.europesays.com\/es\/wp-json\/wp\/v2\/posts\/196395\/revisions"}],"wp:featuredmedia":[{"embeddable":true,"href":"https:\/\/www.europesays.com\/es\/wp-json\/wp\/v2\/media\/196396"}],"wp:attachment":[{"href":"https:\/\/www.europesays.com\/es\/wp-json\/wp\/v2\/media?parent=196395"}],"wp:term":[{"taxonomy":"category","embeddable":true,"href":"https:\/\/www.europesays.com\/es\/wp-json\/wp\/v2\/categories?post=196395"},{"taxonomy":"post_tag","embeddable":true,"href":"https:\/\/www.europesays.com\/es\/wp-json\/wp\/v2\/tags?post=196395"}],"curies":[{"name":"wp","href":"https:\/\/api.w.org\/{rel}","templated":true}]}}