{"id":196426,"date":"2025-10-23T16:38:25","date_gmt":"2025-10-23T16:38:25","guid":{"rendered":"https:\/\/www.europesays.com\/es\/196426\/"},"modified":"2025-10-23T16:38:25","modified_gmt":"2025-10-23T16:38:25","slug":"antonio-tejero-el-guardia-civil-protagonista-del-golpe-de-estado-de-1981-en-estado-critico","status":"publish","type":"post","link":"https:\/\/www.europesays.com\/es\/196426\/","title":{"rendered":"Antonio Tejero, el guardia civil protagonista del golpe de Estado de 1981, en estado cr\u00edtico"},"content":{"rendered":"<p class=\"c-paragraph\">\u00a0<b>Antonio Tejero Molina<\/b>,\u00a0<\/p>\n<p class=\"c-paragraph\"><b><a href=\"https:\/\/www.20minutos.es\/tags\/personas\/antonio-tejero.html\" rel=\"nofollow noopener\" target=\"_blank\">Antonio Tejero<\/a><\/b>, el teniente coronel de la Guardia Civil, principal protagonista del golpe de Estado fallido del 23-F de 1981, se encuentra en estado cr\u00edtico\u00a0en <a href=\"https:\/\/www.20minutos.es\/comunidad-valenciana\/valencia\/\" rel=\"nofollow noopener\" target=\"_blank\">Valencia<\/a> a los 93 a\u00f1os, como ha puntualizado la familia, despu\u00e9s de que saltara la noticia de su fallecimiento.<\/p>\n<p class=\"c-paragraph\">Tejero es quien<b> irrumpi\u00f3 armado y al grito de \u00ab\u00a1Quieto todo el mundo!\u00bb en el Congreso de los Diputados<\/b> durante la votaci\u00f3n de investidura de Leopoldo Calvo-Sotelo. Junto con 200 guardias civiles,\u00a0secuestr\u00f3 a los diputados hasta las 10 de la ma\u00f1ana del 24 de febrero de 1981, cuando se entreg\u00f3 al fracasar el intento de golpe de Estado.<\/p>\n<p class=\"c-paragraph\">Condenado por \u00abrebeli\u00f3n militar\u00bb a treinta a\u00f1os de prisi\u00f3n, pas\u00f3 <b>15 a\u00f1os en diversas c\u00e1rceles militares<\/b> y fue puesto en libertad en el a\u00f1o 1996.\u00a0<\/p>\n<p class=\"c-paragraph\">La \u00faltima vez que<b><b>\u00a0hizo una aparici\u00f3n p\u00fablica fue en 2019<\/b><\/b>, cuando acudi\u00f3 por sorpresa en Mingorrubio, donde iba a ser reinhumado Franco, provocando un gran revuelo entre los asistentes, que le recibieron entre aplausos y v\u00edtores y donde <a href=\"https:\/\/www.20minutos.es\/noticia\/4028640\/0\/agredida-periodista-mingorrubio-concentracion-apoyo-franco-llegada-tejero\/\" rel=\"nofollow noopener\" target=\"_blank\">se enfrent\u00f3 a la prensa.<\/a><\/p>\n<p>\u00ab\u00a1Quieto todo el mundo!\u00bb<\/p>\n<p class=\"c-paragraph\"><b><b>\u00ab\u00a1Quieto todo el mundo!\u00bb\u00a0<\/b><\/b>fueron las palabras que grit\u00f3, pistola en mano, Tejero desde la tribuna tras el asalto del Congreso de los Diputados.\u00a0 Tambi\u00e9n pasar\u00e1 a la historia por otra frase \u2014el \u00abSe siente, co\u00f1o\u00bb\u2014 que los cronistas no se ponen de acuerdo en si la enunci\u00f3 \u00e9l u otro golpista.<\/p>\n<p class=\"c-paragraph\"><b><b>Antonio Tejero Molina naci\u00f3 el 30 de abril abril de 1932 en Alhaur\u00edn el Grande (M\u00e1laga)<\/b><\/b>\u00a0e ingreso muy joven en la Guardia Civil. A los 19 a\u00f1os estudi\u00f3 en la Academia General Militar de Zaragoza y en 1955 fue trasladado al cargo de teniente. Tres a\u00f1os m\u00e1s tarde ascendi\u00f3 a capitan. Ya en 1963 ocup\u00f3 el cargo de comandante y fue destinado a Las Palmas de Gran Canaria y finalmente a Badajoz (Extremadura).<\/p>\n<p class=\"c-paragraph\">Unos a\u00f1os m\u00e1s tarde, en 1974, fue ascendido a teniente coronel y fue destinado a Pa\u00eds Vasco, concretamente a Guip\u00fazcoa. De tal manera que cuando encabez\u00f3 el golpe de Estado del 23 de febrero de 1981,\u00a0<b><b>Tejero ostentaba el cargo de teniente coronel<\/b><\/b>, aunque ya hab\u00eda sido procesado en 1979 por otra intentona de golpe de Estado: la Operaci\u00f3n Galaxia.<\/p>\n<p class=\"c-paragraph\">La denominada &#8216;Operaci\u00f3n Galaxia&#8217; es una intentona golpista gestada en 1978 por un grupo de militares que consist\u00eda en <b>asaltar al Gobierno durante una reuni\u00f3n en el Palacio de la Moncloa<\/b>, aprovechando que el Rey se encontraba fuera de Espa\u00f1a de viaje oficial a M\u00e9xico.\u00a0<\/p>\n<p class=\"c-paragraph\">El<b> complot fue desarticulado antes de su ejecuci\u00f3n<\/b>, y el teniente general fue juzgado y condenado a siete meses de c\u00e1rcel, lo que no le impidi\u00f3 continuar su carrera en el Instituto Armado hasta el golpe de 1981.\u00a0<\/p>\n<p class=\"c-paragraph\">En cuanto a su vida familiar,\u00a0<b><b>Tejero contrajo matrimonio con Carmen D\u00edez Pereira, hija de guardia civil, y tuvieron tres hijos y tres hijas<\/b><\/b>. Desde que sali\u00f3 de la c\u00e1rcel tras el 23-F, en 1996, expulsado de la Guardia Civil, se retir\u00f3 con su familia a\u00a0 Torre del Mar (M\u00e1laga), aunque despu\u00e9s se mudar\u00eda a Valencia.<\/p>\n","protected":false},"excerpt":{"rendered":"\u00a0Antonio Tejero Molina,\u00a0 Antonio Tejero, el teniente coronel de la Guardia Civil, principal protagonista del golpe de Estado&hellip;\n","protected":false},"author":2,"featured_media":196427,"comment_status":"","ping_status":"","sticky":false,"template":"","format":"standard","meta":{"footnotes":""},"categories":[5],"tags":[1247,17,18,2804,25,24,13,14,2803,11,19,20,8938,9,10,15,16,23,10220,12,21,22],"class_list":{"0":"post-196426","1":"post","2":"type-post","3":"status-publish","4":"format-standard","5":"has-post-thumbnail","7":"category-titulares","8":"tag-antonio","9":"tag-breaking-news","10":"tag-breakingnews","11":"tag-civil","12":"tag-es","13":"tag-espana","14":"tag-featured-news","15":"tag-featurednews","16":"tag-guardia","17":"tag-headlines","18":"tag-latest-news","19":"tag-latestnews","20":"tag-muere","21":"tag-news","22":"tag-noticias","23":"tag-noticias-destacadas","24":"tag-noticiasdestacadas","25":"tag-spain","26":"tag-tejero","27":"tag-titulares","28":"tag-ultimas-noticias","29":"tag-ultimasnoticias"},"share_on_mastodon":{"url":"https:\/\/pubeurope.com\/@es\/115424467784125259","error":""},"_links":{"self":[{"href":"https:\/\/www.europesays.com\/es\/wp-json\/wp\/v2\/posts\/196426","targetHints":{"allow":["GET"]}}],"collection":[{"href":"https:\/\/www.europesays.com\/es\/wp-json\/wp\/v2\/posts"}],"about":[{"href":"https:\/\/www.europesays.com\/es\/wp-json\/wp\/v2\/types\/post"}],"author":[{"embeddable":true,"href":"https:\/\/www.europesays.com\/es\/wp-json\/wp\/v2\/users\/2"}],"replies":[{"embeddable":true,"href":"https:\/\/www.europesays.com\/es\/wp-json\/wp\/v2\/comments?post=196426"}],"version-history":[{"count":0,"href":"https:\/\/www.europesays.com\/es\/wp-json\/wp\/v2\/posts\/196426\/revisions"}],"wp:featuredmedia":[{"embeddable":true,"href":"https:\/\/www.europesays.com\/es\/wp-json\/wp\/v2\/media\/196427"}],"wp:attachment":[{"href":"https:\/\/www.europesays.com\/es\/wp-json\/wp\/v2\/media?parent=196426"}],"wp:term":[{"taxonomy":"category","embeddable":true,"href":"https:\/\/www.europesays.com\/es\/wp-json\/wp\/v2\/categories?post=196426"},{"taxonomy":"post_tag","embeddable":true,"href":"https:\/\/www.europesays.com\/es\/wp-json\/wp\/v2\/tags?post=196426"}],"curies":[{"name":"wp","href":"https:\/\/api.w.org\/{rel}","templated":true}]}}