{"id":196466,"date":"2025-10-23T17:02:10","date_gmt":"2025-10-23T17:02:10","guid":{"rendered":"https:\/\/www.europesays.com\/es\/196466\/"},"modified":"2025-10-23T17:02:10","modified_gmt":"2025-10-23T17:02:10","slug":"partido-historico-en-el-quijote-arena","status":"publish","type":"post","link":"https:\/\/www.europesays.com\/es\/196466\/","title":{"rendered":"Partido hist\u00f3rico en el Quijote Arena"},"content":{"rendered":"<p>En las \u00faltimas temporadas del <a target=\"_blank\" rel=\"noopener noreferrer nofollow\" href=\"https:\/\/www.instagram.com\/balonmano_caserio\/\">Balonmano Caser\u00edo<\/a> con el Quijote Arena como testigo, si hay algo que se ha repetido casi como un mantra ha sido la de situar la coletilla \u00abhist\u00f3rica\u00bb para acompa\u00f1ar a cada uno de los pasos importantes del equipo. <\/p>\n<p>Primero fue la disputa de una <strong>Copa del Rey<\/strong> donde se so\u00f1\u00f3 fuerte y hubo codeo entre los mejores; un a\u00f1o despu\u00e9s fue de nuevo la competici\u00f3n copera y el <strong>ascenso a Asobal<\/strong>, que Ciudad Real tuvo la fortuna de poder organizar como anfitri\u00f3n. Ahora, es cada uno de los partidos del equipo en la m\u00e1xima categor\u00eda, donde siempre hay algo que rescatar y dejar sujeto en la chincheta de la memoria para contarlo de aqu\u00ed a un par de generaciones. <\/p>\n<p>Si la pasada jornada el equipo de Santi Urdiales consegu\u00eda su <strong>primer punto \u00abhist\u00f3rico\u00bb fuera de casa<\/strong>, este fin de semana la coletilla volver\u00e1 a acompa\u00f1ar al partido que disputar\u00e1 un equipo que sue\u00f1a con los ojos abiertos, en lo que va a ser sin duda una fiesta del balonmano en Ciudad Real, de esas que hace a\u00f1os dejaron de celebrarse porque se hicieron cotidianas. <\/p>\n<p>La afici\u00f3n ha vuelto a responder. <a target=\"_blank\" rel=\"noopener noreferrer nofollow\" href=\"https:\/\/www.lanzadigital.com\/deportes\/balonmano\/division-de-honor-masculina-balonmano\/ciudad-real-ya-espera-al-barca\/\">Casi 5.500 almas se van a dar cita este domingo en el Quijote Aren<\/a>a para presenciar el duelo ante el todopoderoso <strong>F\u00fatbol Club Barcelona<\/strong>. Aficionados de numerosos puntos de Espa\u00f1a, incluso del extranjero, estar\u00e1n arropando al equipo, disfrutando de algunos de los mejores jugadores del mundo y de la visita del Bar\u00e7a, que tan poco es desde\u00f1able.<\/p>\n<p>Santi Urdiales, entrenador del BM Caser\u00edo: \u00abVamos a competir al m\u00e1ximo\u00bb<\/p>\n<p>Pese al aire festivo del que se ha rodeado el partido, el entrenador del BM Caser\u00edo, Santi Urdiales ha sido claro en la rueda de prensa previa: \u00abTenemos claro que vamos a disfrutar much\u00edsimo de este fin de semana. Ciudad Real va a ser una fiesta, vamos a vivir algo tremendo en nuestro pabell\u00f3n, pero que nadie tenga duda de que vamos a intentar competir al m\u00e1ximo contra este equipazo\u00bb. <\/p>\n<p>El t\u00e9cnico ciudadreale\u00f1o no ha querido que esta visita especial trastoque su hoja de ruta habitual. \u00abSabemos que es un partidazo, que vamos a poder disfrutar aqu\u00ed de un equipo como el Barcelona, presente en todas las \u00faltimas Final Four, campe\u00f3n de Europa reciente, uno de los mejores sino el mejor equipo del mundo, y poder tenerlo otra vez aqu\u00ed despu\u00e9s de tantos a\u00f1os en el Quijote, pues yo creo que una de esas fechas que quiz\u00e1 yo no tanto pero mucha gente la ten\u00eda se\u00f1alada desde el momento que supimos que \u00edbamos a jugar a Asobal\u00bb.<\/p>\n<p>En este sentido, ha incidido, \u00abcomo entrenador, he intentando que sea una semana lo m\u00e1s normal posible, llev\u00e1ndola con la mayor normalidad, tratando de convencer a los jugadores que al final es un partido m\u00e1s, que tenemos que intentar hacerlo lo mejor posible y no hay que darle m\u00e1s importancia de la que tiene. Tengo que poner el punto ese de prudencia, de responsabilidad, de ser conscientes de d\u00f3nde est\u00e1bamos hace tres a\u00f1os, de d\u00f3nde est\u00e1bamos hace unos meses y de con qui\u00e9n nos enfrentamos. Intentaremos, como hemos hecho siempre, intentar dar la mayor guerra posible y que la gente se marche orgullosa de nuestro equipo\u00bb.<\/p>\n<p>Para dar la sorpresa, ha lamentado, \u00abyo creo que no hay f\u00f3rmulas y si la hay, tra\u00e9rmela\u00bb, ha bromeado. \u00abM\u00e1s que pensar en el plan para ganar, lo que hay que hacer es pensar en el plan para mantenerse en el partido, que es realmente complicado. Yo veo todos sus partidos y si no es el 90% estar\u00e1 muy cerca, los tienen sentenciados al descanso. Es un evento incre\u00edble para nosotros, vamos a poder disfrutar del partido y ojal\u00e1 podamos competir, ser\u00eda precioso\u00bb. <\/p>\n<p>Pase lo que pase en la pista este domingo, lo que se ha vivido esta semana es muy especial. \u00abLa ciudad, gracias a Caser\u00edo, se ha ganado el derecho a disfrutar de un partido como \u00e9ste y tenemos que tomarlo como eso, intentar ser lo m\u00e1s normal posible, intentar hacer el mejor partido posible. Y cuando termine el partido, habremos disfrutado de uno de los mejores equipos del mundo aqu\u00ed en nuestra casa otra vez\u00bb. <\/p>\n<p><img decoding=\"async\" fetchpriority=\"high\" width=\"1299\" height=\"730\" src=\"https:\/\/www.europesays.com\/es\/wp-content\/uploads\/2025\/10\/RP-Caserio-Barcelona-Clara-MAnzano01-1299x730.jpg\" alt=\"RP Caser\u00edo - Barcelona - Clara MAnzano01\"  \/><\/p>\n<p>Rueda de prensa BM Caser\u00edo\/ Clara MAnzano<\/p>\n<p>Lo que se ha vivido, ha resaltado, \u00abha sido una aut\u00e9ntica locura. A medida que se acerca la fecha, ha habido muchas llamadas, muchos intentos de conseguir entradas y est\u00e1 siendo brutal. Nadie se lo quiere perder y para nosotros es muy bonito\u00bb. <\/p>\n<p>Urdiales ha puesto en perspectiva el camino de donde se viene. \u00abHace tres a\u00f1os est\u00e1bamos en Primera Nacional y ahora estamos jugando contra el Barcelona. \u00c9sta ser\u00e1 una de las cosas que intentar\u00e9 decirle a los chicos. Algunos ya han vivido esta experiencia, pero hay muchos debutantes en la Asobal que van a tener la oportunidad de vivir su primer partido contra el Barcelona en un pabell\u00f3n as\u00ed, con tant\u00edsima gente y eso es algo muy bonito\u00bb.<\/p>\n<p>La plantilla dispuesta \u00aba darlo todo\u00bb<\/p>\n<p>Dos de los jugadores del BM Caser\u00edo como Juan Manuel Lumbreras y Victor Morales, lo tienen claro. \u00abSi hay un bal\u00f3n dividido, no tengo duda de que ser\u00e1 nuestro, porque vamos a dejarnos absolutamente todo lo que tenemos\u00bb. <\/p>\n<p>Para Lumbreras, uno de los veteranos en el vestuario, \u00ab\u00e9ste, como lo fue el debut en Ir\u00fan, es un partido muy ilusionante. Jugar contra el Bar\u00e7a, con el incentivo de tener el Quijote Arena lleno, es algo que so\u00f1\u00e1bamos de peque\u00f1os cuando ven\u00edamos aqu\u00ed y poder vivirlo como jugador en la pista, es una maravilla\u00bb.<\/p>\n<p>No obstante, ha quitado importancia, \u00abhemos teniendo una semana con total normalidad, entrenando lo mejor posible y siendo conscientes que estos partidos, aunque des el 100%, no llega\u00bb. Al p\u00fablico, ha adelantado, \u00abqueremos dejarles claro que lo vamos a dejar todo y que si hay un bal\u00f3n dividido, muy mal se tiene que dar para que no sea nuestro, porque vamos a ir a tope y obligando a que ellos tengan tambi\u00e9n que pelearlo, que no sea un camino de rosas\u00bb. <\/p>\n<p>Para \u00e9l, que fue uno de esos ni\u00f1os que creci\u00f3 en el Quijote Arena, saltar a la cancha y sentir esa magia, \u00abes muy emocionante. Salir, ver a los chicos que se ponen con las banderas, c\u00f3mo se abre el p\u00fablico y se ven las gradas donde antes hab\u00eda 300 personas, y c\u00f3mo se ha crecido, se te pone la piel de gallina\u00bb. \u00abDesde el d\u00eda de hoy ya est\u00e1s pensando en lo que tienes que hacer bien y en qu\u00e9 quieres demostrar para dar la mejor imagen\u00bb.<\/p>\n<p>Por su parte, Morales ha puesto en valor la ilusi\u00f3n. \u00abSe palpa en el ambiente y bueno, la imagen que va a dar el Quijote este domingo es reflejo de las ganas que ten\u00eda la ciudad de volver a vivir balonmano de ese nivel\u00bb.<\/p>\n<p>Enfrente estar\u00e1 el Bar\u00e7a que esta noche juega contra el Wilsa Plock en Polonia. Pese al cansancio que puede suponer, el equipo catal\u00e1n cuenta con un fondo de armario en el figuran algunos de los nombres propios del balonmano internacional. <\/p>\n<p>Juli\u00e1n Amores, presidente del BM Caser\u00edo: \u00abHabr\u00e1 m\u00e1s de 5.500 espectadores\u00bb<\/p>\n<p>Finalmente, el presidente de la entidad, Juli\u00e1n Amores se ha felicitado por la ilusi\u00f3n que se ha generado en especial para este partido de liga. \u00abEst\u00e1 claro que es una semana donde la ilusi\u00f3n ha sido la palabra m\u00e1s repetida. El partido del domingo contra el Bar\u00e7a el protagonismo ser\u00e1 el de la propia ciudad y el de la propia afici\u00f3n, con un Quijote que contar\u00e1 con un lleno absoluto\u00bb. <\/p>\n<p>En total, ha anticipado, \u00ablas entradas vendidas van a superar las 5.500.  Evidentemente, eso ya es un hito hist\u00f3rico, uno m\u00e1s en este camino que como club vamos superando y que es muy bonito vivir desde dentro\u00bb. <\/p>\n<p>En lo deportivo, el deseo de Amores es \u00abpoder ver un partidazo en la pista\u00bb. \u00abSomos conscientes de la dificultad del reto a nivel deportivo pero vamos con un Quijote lleno, con miles de aficionados ilusionados con el balonmano que va a acudir para disfrutar de la familia, a disfrutar de la ilusi\u00f3n del domingo y para nosotros como club tambi\u00e9n es muy importante\u00bb. <\/p>\n<p>\u00abBarcelona evidentemente est\u00e1 a a\u00f1os luz de lo que ahora mismo somos nosotros a nivel de competici\u00f3n, como sucede con el resto de equipos, pero vamos a competir, vamos a disfrutar con nuestro pabell\u00f3n lleno y con una ilusi\u00f3n tremenda\u00bb, ha sentenciado. <\/p>\n<p><strong>Resultado en directo<\/strong><\/p>\n<p>Divisi\u00f3n de Honor Masculina \/ 7\u00aa Jornada<\/p>\n<p>\n         Actualizar resultados\n    <\/p>\n<p>\u00a0<\/p>\n<p>Puedes seguir la emisi\u00f3n en directo de este partido en <a target=\"_blank\" rel=\"noopener noreferrer nofollow\" href=\"https:\/\/www.lanzadigital.com\/tag\/partidos-en-directo\/\">Lanza Digital<\/a>. Recuerda que puedes seguir todo el desarrollo de la jornada deportiva en nuestro apartado de <a target=\"_blank\" rel=\"noopener noreferrer nofollow\" href=\"https:\/\/www.lanzadigital.com\/clasificaciones\/resultados-deportivos-de-ciudad-real-en-directo\/\">resultados en directo<\/a>, con los resultados y clasificaciones de todos los equipos de la provincia de Ciudad Real.<\/p>\n<p>\t\t\t\t<script async src=\"\/\/www.instagram.com\/embed.js\"><\/script><\/p>\n","protected":false},"excerpt":{"rendered":"En las \u00faltimas temporadas del Balonmano Caser\u00edo con el Quijote Arena como testigo, si hay algo que se&hellip;\n","protected":false},"author":2,"featured_media":196467,"comment_status":"","ping_status":"","sticky":false,"template":"","format":"standard","meta":{"footnotes":""},"categories":[278],"tags":[376,168,25,24,375,23,167],"class_list":{"0":"post-196466","1":"post","2":"type-post","3":"status-publish","4":"format-standard","5":"has-post-thumbnail","7":"category-balonmano","8":"tag-balonmano","9":"tag-deportes","10":"tag-es","11":"tag-espana","12":"tag-handball","13":"tag-spain","14":"tag-sports"},"share_on_mastodon":{"url":"https:\/\/pubeurope.com\/@es\/115424562107434739","error":""},"_links":{"self":[{"href":"https:\/\/www.europesays.com\/es\/wp-json\/wp\/v2\/posts\/196466","targetHints":{"allow":["GET"]}}],"collection":[{"href":"https:\/\/www.europesays.com\/es\/wp-json\/wp\/v2\/posts"}],"about":[{"href":"https:\/\/www.europesays.com\/es\/wp-json\/wp\/v2\/types\/post"}],"author":[{"embeddable":true,"href":"https:\/\/www.europesays.com\/es\/wp-json\/wp\/v2\/users\/2"}],"replies":[{"embeddable":true,"href":"https:\/\/www.europesays.com\/es\/wp-json\/wp\/v2\/comments?post=196466"}],"version-history":[{"count":0,"href":"https:\/\/www.europesays.com\/es\/wp-json\/wp\/v2\/posts\/196466\/revisions"}],"wp:featuredmedia":[{"embeddable":true,"href":"https:\/\/www.europesays.com\/es\/wp-json\/wp\/v2\/media\/196467"}],"wp:attachment":[{"href":"https:\/\/www.europesays.com\/es\/wp-json\/wp\/v2\/media?parent=196466"}],"wp:term":[{"taxonomy":"category","embeddable":true,"href":"https:\/\/www.europesays.com\/es\/wp-json\/wp\/v2\/categories?post=196466"},{"taxonomy":"post_tag","embeddable":true,"href":"https:\/\/www.europesays.com\/es\/wp-json\/wp\/v2\/tags?post=196466"}],"curies":[{"name":"wp","href":"https:\/\/api.w.org\/{rel}","templated":true}]}}