{"id":19649,"date":"2025-08-02T00:39:07","date_gmt":"2025-08-02T00:39:07","guid":{"rendered":"https:\/\/www.europesays.com\/es\/19649\/"},"modified":"2025-08-02T00:39:07","modified_gmt":"2025-08-02T00:39:07","slug":"dulceida-recuerda-los-problemas-economicos-de-su-familia-yo-me-di-cuenta-con-la-comida-mi-madre-no-comia-y-luego-se-iba-a-la-habitacion-a-llorar-la-voz-de-galicia","status":"publish","type":"post","link":"https:\/\/www.europesays.com\/es\/19649\/","title":{"rendered":"Dulceida recuerda los problemas econ\u00f3micos de su familia: \u00abYo me di cuenta con la comida. Mi madre no com\u00eda y luego se iba a la habitaci\u00f3n a llorar\u00bb &#8211; La Voz de Galicia"},"content":{"rendered":"<ol>\n<li><a href=\"https:\/\/news.google.com\/rss\/articles\/CBMilAJBVV95cUxONHZieXZ2NkpEbEt1NzhaNkczUV80T091Z1NCQkp5clRjVlJWSDN1QjBOeW4wUVhrQV9mbTE3ZmQ3NWxJNzJDM1dNc1Q5R3VNS3hzblhGdU53ZGc1YXc0bGk4TmRUcDVfbERZby1UYVloaTIxTVpxcWdIdE5LZW1mMFlGbEV2UkZBV3V1WVBRWjhqQXowMVFUS2VreGZIU1FNS2ZpYnJzNklDeGNsdnJudi0tSWxUUXFPajc1Vk82SW4yNVJfLW5uNmNaNmR6UTh3Z1l6SUpFLVdGeW9Nc2x3aWZfSmlxZ2Z3WDMySzF4czBZVTZNUTBHOGE1eU03NFpKcE5TeURSMW1hNWJnN1o2aVVPRnHSAbACQVVfeXFMTmZvZDduak1RTTl1dGhyXzBmWVNaUG9MSllMSWFSWVpYWE5jYkNMYlY2cUlPNXNpc0hTWTZGa2tyQTc0S0tlXzJXek9nS1c3eWo1V09vSnVZeTF1Z01mRTJ1VWlGRWFSZ3E1SHJDa0lhV3hvb2pXcHA5MWo5VnM4YV9qbHdkR3VLUkNoeVpUcm00NmRtR0JPcnB3TGlibERfMmhxZkw4SkxZc3FWTVhHTkFDRnlrWUFkT0NjNWJBdWpxT2hjcFpfTzRvOHdXeUZLMG00SjRCVndfbzNSX21OSndfUm1ScnFjaXcwTHVpSXdIeWxXZFZERzF1TlVBUWRzbWRrVHNFRE9pU1lIcFZwUzRsN2YyOG5qRVE3QVItbDJwS1YyZHY0c0dzRnJoeUQ2RQ?oc=5\" target=\"_blank\" rel=\"nofollow noopener\">Dulceida recuerda los problemas econ\u00f3micos de su familia: \u00abYo me di cuenta con la comida. Mi madre no com\u00eda y luego se iba a la habitaci\u00f3n a llorar\u00bb<\/a>&nbsp;&nbsp;La Voz de Galicia<\/li>\n<li><a href=\"https:\/\/news.google.com\/rss\/articles\/CBMingFBVV95cUxPVjdyckxYU2VZa3ZmUGI3SXZ3dUFpbklwVk5jcERnMEQ5TjRoLWpMT0poc29xZXBMaVZxWVlGUm5vUDAxX3BrQXNLREhGT1VTYXdvZ3p0Z3IzQnI1dzZLYmpKYWJUbGdNeUNIdU96aGNzMUtWRlMwVWpIeFBxTHEzSlYyb0dmT3RNcmpFbUFha1ZDYS1LUkgxVWlKd2xWZw?oc=5\" target=\"_blank\" rel=\"nofollow noopener\">Dulceida habla sobre su hija Aria en &#8216;Mis ra\u00edces&#8217;: \u201cQueremos evitarle lo que nosotras ya hemos vivido\u201d<\/a>&nbsp;&nbsp;hola.com<\/li>\n<li><a href=\"https:\/\/news.google.com\/rss\/articles\/CBMingJBVV95cUxNWVh2TXl4bnpuUGhicHVzOHNFMl9sd3RNMHZ1djJ1Nzd5MVlsOUcyT01tNjVoNVNXZ0hZa0d6Vk1MNEwycWhMTTlMU0lGb2w0bmxocjNCZjZ5Vlp5ci1qcE9HNzdTZmlTck1RbWdOeDRWVG1uQkRoRXlablNtYzc1Zjdlc216NXdOeFN6c1JBWGd5Ny0xdWVrTndWTjRFVEVkY3A5V1ZuY1BFNGFrWnVmM3VhWjJRNkJiczY3cG5WS25yeDFGWmthaklmdHEweVRWNHUxVVBlamM4QV84bG45WHlhZUVqRzlGazVSRklLaGN1LXhSNVAydVRmSFpyWW1HOU5PekE1aTdpS1dXMExXZGF3UUxoTXpmYS1iNzRB?oc=5\" target=\"_blank\" rel=\"nofollow noopener\">Dulceida, influencer, 35 a\u00f1os: \u201cTras ser madre me dijeron que me iban a juzgar todav\u00eda m\u00e1s. Lo \u00fanico que vivo con m\u00e1s miedo es que mi hija se tendr\u00e1 que enfrentar a personas as\u00ed\u201d<\/a>&nbsp;&nbsp;La Vanguardia<\/li>\n<li><a href=\"https:\/\/news.google.com\/rss\/articles\/CBMi4AFBVV95cUxPMTVsTXNpNnd0dllwRy1MTUQzNVIzZkFFUWotaEJ0R19hOHdhcTE3WktONFJsd3dtR0czY0luU3ZJd2plLWJ4QVdDb0Q0QUFWcUxVQTdla2plcVE0NEY1ZWUyaUpxVThrVjhWcEIxOHhRR3dfZmlpZjlER0ttNjZBNnhPNDNTdTdhM05qN3RoWkJkRmZlRWVsZVllRU13bWtrYnl5TURGTFRKTmhkLXBtcmdGd0hhY0hsWHU5UHB5MHF1VURxZ0RvenpWV1Q0VXZGaUh6VGpOeVBuUmpaQmY3Yg?oc=5\" target=\"_blank\" rel=\"nofollow noopener\">As\u00ed vivieron la crisis de 2008 en casa de Dulceida: \u00abPasamos de los grandes men\u00fas de mi padre a hacer tortillas francesas con un solo huevo\u00bb<\/a>&nbsp;&nbsp;20Minutos<\/li>\n<li><a href=\"https:\/\/news.google.com\/rss\/articles\/CBMiyAFBVV95cUxNcTU0YnplOWJyZjRvb0ZMQnlMUjJXS0x1SWhyUnNkTHlnYk1JRk1NYllyMDMxZ2ZWS1NCU2tLWkNMUTRlY0R3eWJyLXZ4VUdxQzZGZmR6ZTVBQU5XblAwT3VKN2FqcUFqSTRJNHdUXzZ5N0hGY0dzNlNHeUl2cjlGdWRuSklXeHNraGpkSEltZzhxU215TE9hZ3BHY1RxQ3ZYZ21ycVJ2MzVocWVxcVNsejBIVTlKbzBxOGxOU1F0SHhWSjJBdmNqYw?oc=5\" target=\"_blank\" rel=\"nofollow noopener\">De su pol\u00e9mica con Broncano a su imperio empresarial: las claves del \u00e9xito de Dulceida, protagonista de \u2018Mis Ra\u00edces\u2019<\/a>&nbsp;&nbsp;Semana<\/li>\n<\/ol>\n","protected":false},"excerpt":{"rendered":"Dulceida recuerda los problemas econ\u00f3micos de su familia: \u00abYo me di cuenta con la comida. Mi madre no&hellip;\n","protected":false},"author":2,"featured_media":19650,"comment_status":"","ping_status":"","sticky":false,"template":"","format":"standard","meta":{"footnotes":""},"categories":[174],"tags":[255,11994,146,147,25,24,256,23],"class_list":{"0":"post-19649","1":"post","2":"type-post","3":"status-publish","4":"format-standard","5":"has-post-thumbnail","7":"category-famosos","8":"tag-celebrities","9":"tag-dulceida","10":"tag-entertainment","11":"tag-entretenimiento","12":"tag-es","13":"tag-espana","14":"tag-famosos","15":"tag-spain"},"share_on_mastodon":{"url":"","error":""},"_links":{"self":[{"href":"https:\/\/www.europesays.com\/es\/wp-json\/wp\/v2\/posts\/19649","targetHints":{"allow":["GET"]}}],"collection":[{"href":"https:\/\/www.europesays.com\/es\/wp-json\/wp\/v2\/posts"}],"about":[{"href":"https:\/\/www.europesays.com\/es\/wp-json\/wp\/v2\/types\/post"}],"author":[{"embeddable":true,"href":"https:\/\/www.europesays.com\/es\/wp-json\/wp\/v2\/users\/2"}],"replies":[{"embeddable":true,"href":"https:\/\/www.europesays.com\/es\/wp-json\/wp\/v2\/comments?post=19649"}],"version-history":[{"count":0,"href":"https:\/\/www.europesays.com\/es\/wp-json\/wp\/v2\/posts\/19649\/revisions"}],"wp:featuredmedia":[{"embeddable":true,"href":"https:\/\/www.europesays.com\/es\/wp-json\/wp\/v2\/media\/19650"}],"wp:attachment":[{"href":"https:\/\/www.europesays.com\/es\/wp-json\/wp\/v2\/media?parent=19649"}],"wp:term":[{"taxonomy":"category","embeddable":true,"href":"https:\/\/www.europesays.com\/es\/wp-json\/wp\/v2\/categories?post=19649"},{"taxonomy":"post_tag","embeddable":true,"href":"https:\/\/www.europesays.com\/es\/wp-json\/wp\/v2\/tags?post=19649"}],"curies":[{"name":"wp","href":"https:\/\/api.w.org\/{rel}","templated":true}]}}