{"id":196512,"date":"2025-10-23T17:32:11","date_gmt":"2025-10-23T17:32:11","guid":{"rendered":"https:\/\/www.europesays.com\/es\/196512\/"},"modified":"2025-10-23T17:32:11","modified_gmt":"2025-10-23T17:32:11","slug":"el-bayern-recurre-a-un-historico-de-la-nba-para-suplir-sus-problemas-de-lesiones","status":"publish","type":"post","link":"https:\/\/www.europesays.com\/es\/196512\/","title":{"rendered":"El Bayern recurre a un hist\u00f3rico de la NBA para suplir sus problemas de lesiones"},"content":{"rendered":"<p class=\"ft-text\"><strong>El FC Bayern de M\u00fanich ha anunciado el fichaje del NBA Spencer Dinwiddie<\/strong>, quien ha firmado un contrato hasta el final de la temporada 2025-26.<strong> Cabe destacar que el contrato no incluye una cl\u00e1usula de rescisi\u00f3n, algo habitual para los jugadores procedentes de la NBA.<\/strong><\/p>\n<p class=\"ft-text\">Dinwiddie (1,96 metros, 32 a\u00f1os) es uno de los hist\u00f3ricos e<strong>n la liga estadounidense ya que cuenta con 654 partidos en la NBA. Esta ser\u00e1 su primera vez jugando en Europa y, por consiguiente, en la Euroliga.<\/strong><\/p>\n<p class=\"ft-text\">La temporada pasada, <strong>la und\u00e9cima de Dinwiddie en la NBA, registr\u00f3 11,0 puntos, 2,6 rebotes, 4,4 asistencias y 0,9 robos por noche en 79 partidos con los Dallas Mavericks<\/strong>. Esta fue la octava campa\u00f1a en la que promedi\u00f3 m\u00e1s de diez puntos.<\/p>\n<p>Anotador en los Nets<\/p>\n<p class=\"ft-text\"><strong>Su mejor temporada anotadora lleg\u00f3 durante su exitosa etapa con los Brooklyn Nets, donde promedi\u00f3 20,6 puntos en 64 apariciones en la temporada regular 2019-20<\/strong>, la primera y \u00fanica vez que promedi\u00f3 20,0 puntos o m\u00e1s por noche.<\/p>\n<p class=\"ft-text\">Tras<strong> ser seleccionado por los Detroit Pistons en la segunda ronda del Draft de la NBA de 2014, Dinwiddie permaneci\u00f3 en la franquicia durante los dos a\u00f1os siguientes antes de unirse a los Nets en 2016<\/strong>. Permaneci\u00f3 con el equipo hasta 2021, pero tuvo un papel protag\u00f3nico en la llegada de Brooklyn a los Playoffs de la NBA en 2019.<\/p>\n<p><img decoding=\"async\" src=\"https:\/\/www.europesays.com\/es\/wp-content\/uploads\/2025\/10\/23ee1183-6387-48c6-a9be-5596ba3448b3_alta-libre-aspect-ratio_default_0.jpg\" width=\"1200\" height=\"800\" alt=\"Dinwiddie tuvo un exitoso paso por Wahington antes de dar el salto a los Mavericks\" class=\"ft-helper-img-rd\" loading=\"lazy\" hasdataaida=\"true\"\/><\/p>\n<p class=\"ft-helper-fontColor-quaternary ft-helper-fontSize-body-S ft-helper-spacer-t-xxs\">Dinwiddie tuvo un exitoso paso por Wahington antes de dar el salto a los Mavericks  \/ NBA<\/p>\n<p class=\"ft-text\"><strong>Dinwiddie fue adquirido por los Washington Wizards en un acuerdo de firma e intercambio que involucr\u00f3 a cinco equipos en agosto de 2021<\/strong>, pero fue traspasado a los Dallas Mavericks en febrero de 2022. Dej\u00f3 una huella inmediata en Dallas, promediando 17.7 puntos y 5.3 asistencias en 53 partidos de temporada regular y 14.2 puntos en 18 apariciones en playoffs, mientras los Mavs alcanzaban las Finales de la Conferencia Oeste.<\/p>\n<p class=\"ft-text\">En febrero de 2023,<strong> Dinwiddie fue traspasado de vuelta a los Nets, donde promedi\u00f3 9.1 asistencias, la mejor marca de su carrera, en 26 partidos<\/strong>. En febrero de 2024, fich\u00f3 por Los \u00c1ngeles Lakers y, en el verano de 2024, renov\u00f3 con los Mavs.<\/p>\n<p class=\"ft-text\">Ahora, con el Bayern lidiando con una larga lista de lesionados, <strong>Dinwiddie llega a la Euroliga con la oportunidad de escribir un nuevo legado a este lado del Atl\u00e1ntico.<\/strong><\/p>\n","protected":false},"excerpt":{"rendered":"El FC Bayern de M\u00fanich ha anunciado el fichaje del NBA Spencer Dinwiddie, quien ha firmado un contrato&hellip;\n","protected":false},"author":2,"featured_media":196513,"comment_status":"","ping_status":"","sticky":false,"template":"","format":"standard","meta":{"footnotes":""},"categories":[269],"tags":[54507,299,298,13515,54510,168,54506,25,24,54508,9595,23,167,54509],"class_list":{"0":"post-196512","1":"post","2":"type-post","3":"status-publish","4":"format-standard","5":"has-post-thumbnail","7":"category-baloncesto","8":"tag-a-un-historico","9":"tag-baloncesto","10":"tag-basketball","11":"tag-de-la-nba","12":"tag-de-lesiones","13":"tag-deportes","14":"tag-el-bayern","15":"tag-es","16":"tag-espana","17":"tag-para-suplir","18":"tag-recurre","19":"tag-spain","20":"tag-sports","21":"tag-sus-problemas"},"share_on_mastodon":{"url":"https:\/\/pubeurope.com\/@es\/115424680244680718","error":""},"_links":{"self":[{"href":"https:\/\/www.europesays.com\/es\/wp-json\/wp\/v2\/posts\/196512","targetHints":{"allow":["GET"]}}],"collection":[{"href":"https:\/\/www.europesays.com\/es\/wp-json\/wp\/v2\/posts"}],"about":[{"href":"https:\/\/www.europesays.com\/es\/wp-json\/wp\/v2\/types\/post"}],"author":[{"embeddable":true,"href":"https:\/\/www.europesays.com\/es\/wp-json\/wp\/v2\/users\/2"}],"replies":[{"embeddable":true,"href":"https:\/\/www.europesays.com\/es\/wp-json\/wp\/v2\/comments?post=196512"}],"version-history":[{"count":0,"href":"https:\/\/www.europesays.com\/es\/wp-json\/wp\/v2\/posts\/196512\/revisions"}],"wp:featuredmedia":[{"embeddable":true,"href":"https:\/\/www.europesays.com\/es\/wp-json\/wp\/v2\/media\/196513"}],"wp:attachment":[{"href":"https:\/\/www.europesays.com\/es\/wp-json\/wp\/v2\/media?parent=196512"}],"wp:term":[{"taxonomy":"category","embeddable":true,"href":"https:\/\/www.europesays.com\/es\/wp-json\/wp\/v2\/categories?post=196512"},{"taxonomy":"post_tag","embeddable":true,"href":"https:\/\/www.europesays.com\/es\/wp-json\/wp\/v2\/tags?post=196512"}],"curies":[{"name":"wp","href":"https:\/\/api.w.org\/{rel}","templated":true}]}}