{"id":196520,"date":"2025-10-23T17:36:09","date_gmt":"2025-10-23T17:36:09","guid":{"rendered":"https:\/\/www.europesays.com\/es\/196520\/"},"modified":"2025-10-23T17:36:09","modified_gmt":"2025-10-23T17:36:09","slug":"memoria-democratica-cordoba-la-editorial-utopia-presenta-cuatro-libros-en-torno-a-la-memoria","status":"publish","type":"post","link":"https:\/\/www.europesays.com\/es\/196520\/","title":{"rendered":"MEMORIA DEMOCR\u00c1TICA C\u00d3RDOBA | La editorial Utop\u00eda presenta cuatro libros en torno a la memoria"},"content":{"rendered":"<p class=\"ft-text\">La editorial cordobesa <strong>Utop\u00eda<\/strong> present\u00f3 ayer dos de los cuatro <a class=\"ft-link ft-link--decoration\" href=\"https:\/\/www.diariocordoba.com\/tags\/libros\/\" rel=\"nofollow noopener\" target=\"_blank\">libros<\/a> que dar\u00e1 a conocer este a\u00f1o coincidiendo con la <a class=\"ft-link ft-link--decoration\" href=\"https:\/\/www.diariocordoba.com\/tags\/feria-del-libro\/\" rel=\"nofollow noopener\" target=\"_blank\">Feria del Libro<\/a> de <a class=\"ft-link ft-link--decoration\" href=\"https:\/\/www.diariocordoba.com\/local\/\" rel=\"nofollow noopener\" target=\"_blank\">C\u00f3rdoba<\/a>. El primero fue Espa\u00f1a en el recuerdo una obra de Jos\u00e9 Luis Casas S\u00e1nchez que est\u00e1 compuesta por una recopilaci\u00f3n de art\u00edculos de la revista La Espa\u00f1a, que se cre\u00f3 en M\u00e9xico en 1946 y se publica hasta 1956. En ella, <strong>exiliados como Jos\u00e9 Bergam\u00edn hacen una evocaci\u00f3n de su pa\u00eds desde el extranjero,<\/strong> pensando que en alg\u00fan momento podr\u00edan volver a una Espa\u00f1a democr\u00e1tica.<\/p>\n<p class=\"ft-text\">Por la tarde, el exalcalde cordob\u00e9s <a class=\"ft-link ft-link--decoration\" href=\"https:\/\/www.diariocordoba.com\/tags\/herminio-trigo\/\" rel=\"nofollow noopener\" target=\"_blank\">Herminio Trigo<\/a> present\u00f3 junto a Manuel Garc\u00eda Parody su libro Hicimos C\u00f3rdoba. En este caso, Trigo recopila una serie de art\u00edculos en los que <strong>reivindica su etapa como concejal y como alcalde de C\u00f3rdoba<\/strong>, poniendo en valor su legado en el \u00e1mbito de la participaci\u00f3n ciudadana, la cultura, el urbanismo o el trazado de la nueva red ferroviaria de la ciudad. A unos pasos del Bulevar, en el sal\u00f3n de actos de <a class=\"ft-link ft-link--decoration\" href=\"https:\/\/www.diariocordoba.com\/tags\/ccoo\/\" rel=\"nofollow noopener\" target=\"_blank\">CCOO<\/a>, Alfonso Nieto Alc\u00e1ntara presentaba este jueves otro libro de Utop\u00eda, Recuerdos del abuelo Anselmo, \u00abuna biograf\u00eda cari\u00f1osa construida a trav\u00e9s de tres generaciones en la que un l\u00edder sindical repasa la historia de la construcci\u00f3n del sindicato CCOO\u00bb, seg\u00fan el editor Ricardo Gonz\u00e1lez Mestre.<\/p>\n<p class=\"ft-text\">Por \u00faltimo, este s\u00e1bado 25, la Feria del Libro albergar\u00e1 la presentaci\u00f3n de El regreso, de <strong>Antonio Varo <\/strong><a class=\"ft-link ft-link--decoration\" href=\"https:\/\/www.diariocordoba.com\/cordoba\/baena\/\" rel=\"nofollow noopener\" target=\"_blank\"><strong>Baena<\/strong><\/a>, que estar\u00e1 acompa\u00f1ado por el escritor Francisco Carrasco. En este caso, el autor ha dado forma a una serie de relatos en los que, con el trasfondo de la Guerra Civil, revive una especie de \u00abregreso casi fantasmal en el que mezcla recuerdos, iron\u00eda y disparate\u00bb.<\/p>\n<p class=\"ft-text\">Estas cuatro obras, como el resto de libros publicados por Utop\u00eda, est\u00e1n ligados de un modo u otro a la <a class=\"ft-link ft-link--decoration\" href=\"https:\/\/www.diariocordoba.com\/tags\/memoria-historica\/\" rel=\"nofollow noopener\" target=\"_blank\">memoria hist\u00f3rica<\/a> y escritos por autores ligados a la izquierda pol\u00edtica o militante. En este sentido, Gonz\u00e1lez Mestre recuerda que su l\u00ednea editorial \u00ab<strong>se basa en dos principios fundamentales que son la justicia social y la laicidad que representa la izquierda,<\/strong> dentro de las cuales encarnamos la memoria democr\u00e1tica y todo lo que tiene que ver con cultura local cordobesa\u00bb.<\/p>\n<p class=\"ft-text\">Gonz\u00e1lez Mestre tiene claro que \u00aba los autores de la derecha no los publicar\u00eda\u00bb porque<strong> \u00abnada de lo que me digan me va a gustar\u00bb.<\/strong> En su opini\u00f3n, \u00ablos referentes de la memoria democr\u00e1tica est\u00e1n claros porque la memoria democr\u00e1tica la reivindican y la hacen por ley natural las personas de la izquierda de este pa\u00eds\u00bb. En todo caso, apostilla, \u00abtambi\u00e9n hay escritores revisionistas aunque <strong>yo no voy a publicar a alguien que venga a decirme que Jos\u00e9 Antonio Primo de Rivera era bueno<\/strong>\u00ab.<\/p>\n","protected":false},"excerpt":{"rendered":"La editorial cordobesa Utop\u00eda present\u00f3 ayer dos de los cuatro libros que dar\u00e1 a conocer este a\u00f1o coincidiendo&hellip;\n","protected":false},"author":2,"featured_media":196521,"comment_status":"","ping_status":"","sticky":false,"template":"","format":"standard","meta":{"footnotes":""},"categories":[172],"tags":[224,954,1180,146,147,25,24,5780,6326,225,49984,2782,23,54478],"class_list":{"0":"post-196520","1":"post","2":"type-post","3":"status-publish","4":"format-standard","5":"has-post-thumbnail","7":"category-libros","8":"tag-books","9":"tag-cuatro","10":"tag-editorial","11":"tag-entertainment","12":"tag-entretenimiento","13":"tag-es","14":"tag-espana","15":"tag-feria-del-libro","16":"tag-izquierda","17":"tag-libros","18":"tag-memoria-democratica","19":"tag-presenta","20":"tag-spain","21":"tag-utopia"},"share_on_mastodon":{"url":"https:\/\/pubeurope.com\/@es\/115424695629565299","error":""},"_links":{"self":[{"href":"https:\/\/www.europesays.com\/es\/wp-json\/wp\/v2\/posts\/196520","targetHints":{"allow":["GET"]}}],"collection":[{"href":"https:\/\/www.europesays.com\/es\/wp-json\/wp\/v2\/posts"}],"about":[{"href":"https:\/\/www.europesays.com\/es\/wp-json\/wp\/v2\/types\/post"}],"author":[{"embeddable":true,"href":"https:\/\/www.europesays.com\/es\/wp-json\/wp\/v2\/users\/2"}],"replies":[{"embeddable":true,"href":"https:\/\/www.europesays.com\/es\/wp-json\/wp\/v2\/comments?post=196520"}],"version-history":[{"count":0,"href":"https:\/\/www.europesays.com\/es\/wp-json\/wp\/v2\/posts\/196520\/revisions"}],"wp:featuredmedia":[{"embeddable":true,"href":"https:\/\/www.europesays.com\/es\/wp-json\/wp\/v2\/media\/196521"}],"wp:attachment":[{"href":"https:\/\/www.europesays.com\/es\/wp-json\/wp\/v2\/media?parent=196520"}],"wp:term":[{"taxonomy":"category","embeddable":true,"href":"https:\/\/www.europesays.com\/es\/wp-json\/wp\/v2\/categories?post=196520"},{"taxonomy":"post_tag","embeddable":true,"href":"https:\/\/www.europesays.com\/es\/wp-json\/wp\/v2\/tags?post=196520"}],"curies":[{"name":"wp","href":"https:\/\/api.w.org\/{rel}","templated":true}]}}