{"id":196538,"date":"2025-10-23T17:45:08","date_gmt":"2025-10-23T17:45:08","guid":{"rendered":"https:\/\/www.europesays.com\/es\/196538\/"},"modified":"2025-10-23T17:45:08","modified_gmt":"2025-10-23T17:45:08","slug":"putin-alerta-del-encarecimiento-del-petroleo-para-convencer-a-trump-de-que-revierta-sus-sanciones-internacional","status":"publish","type":"post","link":"https:\/\/www.europesays.com\/es\/196538\/","title":{"rendered":"Putin alerta del encarecimiento del petr\u00f3leo para convencer a Trump de que revierta sus sanciones | Internacional"},"content":{"rendered":"<p class=\"\">El presidente de Rusia, <a href=\"https:\/\/elpais.com\/noticias\/vladimir-putin\/\" target=\"_blank\" rel=\"noreferrer nofollow noopener\" title=\"https:\/\/elpais.com\/noticias\/vladimir-putin\/\">Vlad\u00edmir Putin<\/a>, ha roto su silencio tras el anuncio de <a href=\"https:\/\/elpais.com\/internacional\/2025-10-22\/estados-unidos-se-dispone-a-anunciar-un-aumento-sustancial-de-las-sanciones-contra-rusia.html\" target=\"_blank\" rel=\"noreferrer nofollow noopener\" title=\"https:\/\/elpais.com\/internacional\/2025-10-22\/estados-unidos-se-dispone-a-anunciar-un-aumento-sustancial-de-las-sanciones-contra-rusia.html\">las primeras sanciones de la actual Administraci\u00f3n estadounidense<\/a> contra el Kremlin. El dirigente ruso ha alertado de una hipot\u00e9tica subida del precio del barril de crudo para intentar convencer a la Casa Blanca de que el castigo por proseguir con su invasi\u00f3n de Ucrania es una mala idea. <\/p>\n<p class=\"\">\u201cEsto provocar\u00e1 un fuerte aumento del precio del petr\u00f3leo y sus derivados, incluso en las gasolineras. Estados Unidos no ser\u00e1 una excepci\u00f3n\u201d, ha advertido Putin aferr\u00e1ndose a la \u201csensibilidad\u201d de algunos sectores norteamericanos a una crisis y \u201cel calendario pol\u00edtico estadounidense\u201d.<\/p>\n<p class=\"\">Estados Unidos renueva parte de la C\u00e1mara de Representantes y del Senado en sus elecciones de mitad de legislatura en 2026. \u201cLa contribuci\u00f3n de Rusia al equilibrio energ\u00e9tico mundial es muy significativa, y perturbarla no beneficia a los pa\u00edses que intentan hacerlo\u201d, ha declarado el mandatario.<\/p>\n<p class=\"\">Despu\u00e9s de 10 meses de alabanzas hacia la Casa Blanca, Putin ha vertido unas suaves cr\u00edticas hacia las sanciones de Trump. \u201cNing\u00fan pa\u00eds que se precie act\u00faa bajo presi\u00f3n. Rusia es uno de ellos\u201d, ha manifestado el presidente ruso.<\/p>\n<p class=\"\">Putin ha minimizado el impacto de las restricciones estadounidenses contra Rosneft y Lukoil. \u201cLas nuevas sanciones no afectar\u00e1n significativamente la salud econ\u00f3mica del pa\u00eds. El sector energ\u00e9tico ruso se encuentra en buen estado, aunque habr\u00e1 algunas p\u00e9rdidas\u201d, ha admitido Putin horas despu\u00e9s de que se conociese que <a href=\"https:\/\/elpais.com\/internacional\/2025-10-23\/china-suspende-la-compra-de-petroleo-ruso-tras-las-sanciones-anunciadas-por-trump.html\" target=\"_blank\" rel=\"noreferrer nofollow noopener\" title=\"https:\/\/elpais.com\/internacional\/2025-10-23\/china-suspende-la-compra-de-petroleo-ruso-tras-las-sanciones-anunciadas-por-trump.html\">tanto la India como China se preparan para suspender de momento la importaci\u00f3n de crudo ruso<\/a>.<\/p>\n<p class=\"\">El Kremlin intenta convencer a sus ciudadanos de que ni las restricciones estadounidenses ni <a href=\"https:\/\/elpais.com\/internacional\/2025-10-23\/la-ue-endurece-el-cerco-a-rusia-con-nuevas-sanciones-tras-las-impuestas-por-ee-uu.html\" target=\"_blank\" rel=\"noreferrer nofollow noopener\" title=\"https:\/\/elpais.com\/internacional\/2025-10-23\/la-ue-endurece-el-cerco-a-rusia-con-nuevas-sanciones-tras-las-impuestas-por-ee-uu.html\">el \u00faltimo paquete de sanciones europeo<\/a> da\u00f1ar\u00e1n de manera seria su econom\u00eda. Putin incluso hizo un ama\u00f1o de chiste contra los europeos: \u201cEsto les costar\u00e1 caro. Creo que necesitar\u00e1n [los retretes] si contin\u00faan con esa pol\u00edtica hacia Rusia\u201d, brome\u00f3 Putin tras la pregunta de un periodista sobre el veto europeo a la importaci\u00f3n de estos productos rusos.<\/p>\n<p class=\"\">Putin ha explicado que la decisi\u00f3n de posponer la cumbre de Budapest con Trump parti\u00f3 del presidente estadounidense y le ha tendido la mano a cambio de relajar las sanciones: \u201cAmbos pa\u00edses tienen muchas \u00e1reas de cooperaci\u00f3n en com\u00fan si pasan de la presi\u00f3n a un di\u00e1logo serio en el futuro\u201d.<\/p>\n<p class=\"\">El mandatario tambi\u00e9n ha vuelto a marcar una nueva l\u00ednea roja frente a Occidente. Seg\u00fan Putin, si Ucrania emplea misiles de largo alcance Tomahawk o de otro tipo dentro de su territorio, \u201cla respuesta ser\u00e1 muy contundente, si no abrumadora\u201d. Para el dirigente ruso, el debate sobre el suministro de misiles estadounidenses a Kiev \u201csupone un intento de escalada\u201d.<\/p>\n<p class=\"\">El diario The Wall Street Journal public\u00f3 este mi\u00e9rcoles que la Casa Blanca transfiri\u00f3 la autoridad para apoyar los ataques de largo alcance ucranios del secretario de Defensa norteamericano, que hab\u00eda puesto dificultades a la ayuda militar a Kiev, al Mando Europeo de Estados Unidos [EUCOM]. <\/p>\n<p class=\"\">Trump matiz\u00f3 que esta decisi\u00f3n no supone ninguna autorizaci\u00f3n para atacar dentro de Rusia. \u201cHan dicho que le di permiso a Ucrania para disparar misiles hacia el interior de Rusia. No lo hice\u201d, declar\u00f3 este mi\u00e9rcoles el presidente estadounidense.<\/p>\n","protected":false},"excerpt":{"rendered":"El presidente de Rusia, Vlad\u00edmir Putin, ha roto su silencio tras el anuncio de las primeras sanciones de&hellip;\n","protected":false},"author":2,"featured_media":196539,"comment_status":"","ping_status":"","sticky":false,"template":"","format":"standard","meta":{"footnotes":""},"categories":[42],"tags":[8738,17,18,70,71,72,700,13,14,69,7082,11,61,62,63,64,19,20,9,10,15,16,1613,1614,12,7081,21,22,1617,65,66,67],"class_list":{"0":"post-196538","1":"post","2":"type-post","3":"status-publish","4":"format-standard","5":"has-post-thumbnail","7":"category-internacional","8":"tag-ataques-militares","9":"tag-breaking-news","10":"tag-breakingnews","11":"tag-conflictos","12":"tag-conflictos-armados","13":"tag-conflictos-internacionales","14":"tag-europa","15":"tag-featured-news","16":"tag-featurednews","17":"tag-guerra","18":"tag-guerra-de-rusia-en-ucrania","19":"tag-headlines","20":"tag-internacional","21":"tag-international","22":"tag-international-news","23":"tag-internationalnews","24":"tag-latest-news","25":"tag-latestnews","26":"tag-news","27":"tag-noticias","28":"tag-noticias-destacadas","29":"tag-noticiasdestacadas","30":"tag-otan","31":"tag-rusia","32":"tag-titulares","33":"tag-ucrania","34":"tag-ultimas-noticias","35":"tag-ultimasnoticias","36":"tag-union-europea","37":"tag-world","38":"tag-world-news","39":"tag-worldnews"},"share_on_mastodon":{"url":"","error":"Validation failed: Text character limit of 500 exceeded"},"_links":{"self":[{"href":"https:\/\/www.europesays.com\/es\/wp-json\/wp\/v2\/posts\/196538","targetHints":{"allow":["GET"]}}],"collection":[{"href":"https:\/\/www.europesays.com\/es\/wp-json\/wp\/v2\/posts"}],"about":[{"href":"https:\/\/www.europesays.com\/es\/wp-json\/wp\/v2\/types\/post"}],"author":[{"embeddable":true,"href":"https:\/\/www.europesays.com\/es\/wp-json\/wp\/v2\/users\/2"}],"replies":[{"embeddable":true,"href":"https:\/\/www.europesays.com\/es\/wp-json\/wp\/v2\/comments?post=196538"}],"version-history":[{"count":0,"href":"https:\/\/www.europesays.com\/es\/wp-json\/wp\/v2\/posts\/196538\/revisions"}],"wp:featuredmedia":[{"embeddable":true,"href":"https:\/\/www.europesays.com\/es\/wp-json\/wp\/v2\/media\/196539"}],"wp:attachment":[{"href":"https:\/\/www.europesays.com\/es\/wp-json\/wp\/v2\/media?parent=196538"}],"wp:term":[{"taxonomy":"category","embeddable":true,"href":"https:\/\/www.europesays.com\/es\/wp-json\/wp\/v2\/categories?post=196538"},{"taxonomy":"post_tag","embeddable":true,"href":"https:\/\/www.europesays.com\/es\/wp-json\/wp\/v2\/tags?post=196538"}],"curies":[{"name":"wp","href":"https:\/\/api.w.org\/{rel}","templated":true}]}}