{"id":196543,"date":"2025-10-23T17:48:18","date_gmt":"2025-10-23T17:48:18","guid":{"rendered":"https:\/\/www.europesays.com\/es\/196543\/"},"modified":"2025-10-23T17:48:18","modified_gmt":"2025-10-23T17:48:18","slug":"handball-en-obera-triunfa-dos-jugadores-seleccionados-para-representar-a-argentina","status":"publish","type":"post","link":"https:\/\/www.europesays.com\/es\/196543\/","title":{"rendered":"Handball en Ober\u00e1 triunfa: Dos jugadores seleccionados para representar a Argentina"},"content":{"rendered":"<p>Descubre c\u00f3mo Ober\u00e1 se convierte en un faro del handball en Argentina. Esta pintoresca ciudad, conocida por su rica diversidad cultural y su arraigada pasi\u00f3n por el deporte, ha a\u00f1adido una nueva joya a su corona deportiva: el ascenso del handball, tanto en su versi\u00f3n tradicional como en la de playa. Gracias a la visi\u00f3n y el empe\u00f1o de \u00c1ngel Dalmau, un dedicado profesor de educaci\u00f3n f\u00edsica, Ober\u00e1 est\u00e1 poniendo el handball en el mapa deportivo, no solo local sino tambi\u00e9n nacional.<\/p>\n<p>La Gestaci\u00f3n de un Sue\u00f1o Deportivo<\/p>\n<p>\n\u00c1ngel Dalmau, en una reciente entrevista con el programa de streaming F\u00f3rmula Tuerca, comparti\u00f3 c\u00f3mo surgi\u00f3 la idea de promover el handball en un contexto donde predominaban el f\u00fatbol y el b\u00e1squet. La iniciativa que comenz\u00f3 en el \u00e1mbito escolar, pronto se expandi\u00f3 por todo el municipio. Dalmau expres\u00f3 que todo se bas\u00f3 en \u201ctrabajo, sue\u00f1o y en la mira de permitir que nuestros j\u00f3venes emerjan en un deporte que era at\u00edpico en ese momento\u201d.<\/p>\n<p>Infraestructura y Logros Deportivos<\/p>\n<p>\nGracias a esta visi\u00f3n y esfuerzo constante, Ober\u00e1 ahora disfruta de:<\/p>\n<p>\u2013 Infraestructura deportiva adecuada para la pr\u00e1ctica del handball.<br \/>\u2013 Equipos competitivos en diversas categor\u00edas.<br \/>\u2013 Representaci\u00f3n en selecciones provinciales y nacionales.<\/p>\n<p>Dalmau destac\u00f3 varios logros significativos, como Tom\u00e1s Matje en la Selecci\u00f3n Argentina, y otros equipos juveniles que han sobresalido en competiciones nacionales e internacionales.<\/p>\n<p>Impacto del Apoyo Institucional<\/p>\n<p>\nEl apoyo pol\u00edtico local ha sido crucial. Anteriormente, los deportistas ten\u00edan que viajar constantemente a Posadas para entrenar. Sin embargo, el respaldo del gobierno local ha facilitado que ahora puedan entrenar en Ober\u00e1. Dalmau subray\u00f3 la importancia de este apoyo: \u201cEl intendente nos facilit\u00f3 una cancha, y desde entonces, hemos podido incluir a dos jugadores en la Selecci\u00f3n Argentina\u201d.<\/p>\n<p>Expansi\u00f3n y Colaboraci\u00f3n Regional<\/p>\n<p>\nLa competencia en handball se ha intensificado y expandido en la provincia. Adem\u00e1s de Ober\u00e1, ciudades como Montecarlo, Jard\u00edn Am\u00e9rica, Guatamb\u00fa y San Vicente tambi\u00e9n participan activamente. Dalmau resalt\u00f3 la colaboraci\u00f3n entre estas localidades, que ha permitido formar selecciones provinciales m\u00e1s fuertes.<\/p>\n<p>Desarrollo Continuo y Futuro del Handball en Ober\u00e1<\/p>\n<p>\nDalmau ahora se concentra m\u00e1s en roles de coordinaci\u00f3n, dando espacio a nuevos entrenadores. Celebr\u00f3 recientemente el campeonato obtenido por el equipo femenino en Corrientes, dirigido por un nuevo equipo t\u00e9cnico. Adem\u00e1s, mencion\u00f3 que est\u00e1n prepar\u00e1ndose para competir en un campeonato nacional el pr\u00f3ximo a\u00f1o.<\/p>\n<p>El equipo de handball de Ober\u00e1 no solo sigue compitiendo a nivel provincial, sino que tambi\u00e9n se prepara para un torneo internacional en Mar del Plata, donde enfrentar\u00e1 a equipos de Argentina, Uruguay, Chile y Brasil.<\/p>\n<p>Este emocionante desarrollo en el mundo del handball refleja c\u00f3mo el esfuerzo, la pasi\u00f3n y el apoyo institucional pueden transformar un deporte menor en una fuente de orgullo y \u00e9xito para una comunidad como Ober\u00e1.<\/p>\n<p>Art\u00edculos similares<\/p>\n<p><img loading=\"lazy\" decoding=\"async\" src=\"https:\/\/www.europesays.com\/es\/wp-content\/uploads\/2025\/10\/Federico-Gomez.jpg\" width=\"100\" height=\"100\" alt=\"Federico G\u00f3mez\" itemprop=\"image\"\/><\/p>\n<p>Federico G\u00f3mez es un periodista deportivo entusiasta del f\u00fatbol, rugby y tenis. Cubre competencias locales e internacionales con an\u00e1lisis detallados y entrevistas exclusivas. Su estilo din\u00e1mico te lleva a la emoci\u00f3n de los estadios y desglosa desempe\u00f1os clave.<\/p>\n","protected":false},"excerpt":{"rendered":"Descubre c\u00f3mo Ober\u00e1 se convierte en un faro del handball en Argentina. Esta pintoresca ciudad, conocida por su&hellip;\n","protected":false},"author":2,"featured_media":196544,"comment_status":"","ping_status":"","sticky":false,"template":"","format":"standard","meta":{"footnotes":""},"categories":[278],"tags":[376,168,25,24,375,23,167],"class_list":{"0":"post-196543","1":"post","2":"type-post","3":"status-publish","4":"format-standard","5":"has-post-thumbnail","7":"category-balonmano","8":"tag-balonmano","9":"tag-deportes","10":"tag-es","11":"tag-espana","12":"tag-handball","13":"tag-spain","14":"tag-sports"},"share_on_mastodon":{"url":"https:\/\/pubeurope.com\/@es\/115424744809316268","error":""},"_links":{"self":[{"href":"https:\/\/www.europesays.com\/es\/wp-json\/wp\/v2\/posts\/196543","targetHints":{"allow":["GET"]}}],"collection":[{"href":"https:\/\/www.europesays.com\/es\/wp-json\/wp\/v2\/posts"}],"about":[{"href":"https:\/\/www.europesays.com\/es\/wp-json\/wp\/v2\/types\/post"}],"author":[{"embeddable":true,"href":"https:\/\/www.europesays.com\/es\/wp-json\/wp\/v2\/users\/2"}],"replies":[{"embeddable":true,"href":"https:\/\/www.europesays.com\/es\/wp-json\/wp\/v2\/comments?post=196543"}],"version-history":[{"count":0,"href":"https:\/\/www.europesays.com\/es\/wp-json\/wp\/v2\/posts\/196543\/revisions"}],"wp:featuredmedia":[{"embeddable":true,"href":"https:\/\/www.europesays.com\/es\/wp-json\/wp\/v2\/media\/196544"}],"wp:attachment":[{"href":"https:\/\/www.europesays.com\/es\/wp-json\/wp\/v2\/media?parent=196543"}],"wp:term":[{"taxonomy":"category","embeddable":true,"href":"https:\/\/www.europesays.com\/es\/wp-json\/wp\/v2\/categories?post=196543"},{"taxonomy":"post_tag","embeddable":true,"href":"https:\/\/www.europesays.com\/es\/wp-json\/wp\/v2\/tags?post=196543"}],"curies":[{"name":"wp","href":"https:\/\/api.w.org\/{rel}","templated":true}]}}