{"id":196545,"date":"2025-10-23T17:50:23","date_gmt":"2025-10-23T17:50:23","guid":{"rendered":"https:\/\/www.europesays.com\/es\/196545\/"},"modified":"2025-10-23T17:50:23","modified_gmt":"2025-10-23T17:50:23","slug":"el-toro-huidizo-de-la-politica-cultura","status":"publish","type":"post","link":"https:\/\/www.europesays.com\/es\/196545\/","title":{"rendered":"El toro huidizo de la pol\u00edtica | Cultura"},"content":{"rendered":"<p class=\"\">Solo dos pol\u00edticos, dos valientes y comprometidos aficionados, han mostrado un verdadero inter\u00e9s por la fiesta de los toros en la etapa democr\u00e1tica de este pa\u00eds. <a href=\"https:\/\/elpais.com\/cultura\/2021\/04\/07\/el_toro_por_los_cuernos\/1617814687_349937.html\" target=\"_blank\" rel=\"noreferrer nofollow noopener\" title=\"https:\/\/elpais.com\/cultura\/2021\/04\/07\/el_toro_por_los_cuernos\/1617814687_349937.html\">Juan Antonio Ar\u00e9valo<\/a> (Valladolid, 1935-2022), senador socialista, apasionado de la pol\u00edtica y el toro, promotor de la <a href=\"https:\/\/www.boe.es\/buscar\/doc.php?id=BOE-A-1991-8266\" target=\"_blank\" rel=\"noreferrer nofollow noopener\" title=\"https:\/\/www.boe.es\/buscar\/doc.php?id=BOE-A-1991-8266\">Ley 10\/1991<\/a> de 4 de abril sobre Potestades Administrativas de los espect\u00e1culos taurinos, el primer intento serio de defender la integridad y la lucha contra el fraude; y <a href=\"https:\/\/elpais.com\/cultura\/2022-01-02\/fallece-a-los-84-anos-juan-manuel-albendea-expolitico-e-intelectual-taurino.html\" target=\"_blank\" rel=\"noreferrer nofollow noopener\" title=\"https:\/\/elpais.com\/cultura\/2022-01-02\/fallece-a-los-84-anos-juan-manuel-albendea-expolitico-e-intelectual-taurino.html\">Juan Manuel Albendea<\/a>, diputado del PP desde 1996 hasta 2015, fallecido el mismo a\u00f1o que su compa\u00f1ero, impulsor desde la Comisi\u00f3n de Cultura del Congreso, de la que entonces era presidente, de la <a href=\"https:\/\/www.boe.es\/diario_boe\/txt.php?id=BOE-A-2013-11837\" target=\"_blank\" rel=\"noreferrer nofollow noopener\" title=\"https:\/\/www.boe.es\/diario_boe\/txt.php?id=BOE-A-2013-11837\">Ley 18\/2013<\/a>, de 12 de noviembre, para la regulaci\u00f3n de la tauromaquia como patrimonio cultural, nacida de una Iniciativa Legislativa Popular.<\/p>\n<p>M\u00e1s informaci\u00f3n<\/p>\n<p class=\"\">Cuando Ar\u00e9valo abandon\u00f3 el Senado en 2000, la integridad del espect\u00e1culo dej\u00f3 de ser una prioridad para las autoridades; y Albendea vivi\u00f3 en su propia carne la desafecci\u00f3n de su partido hacia el cumplimiento de la ley que acababa de aprobar en el Parlamento.<\/p>\n<p class=\"\">Y ah\u00ed acab\u00f3 la relaci\u00f3n entre los toros y la pol\u00edtica. A los representantes de la soberan\u00eda popular solo les ha interesado la fiesta como reclamo electoral y, en todo caso, como c\u00f3modo y gratuito plat\u00f3 para lucirse en los callejones.<\/p>\n<p class=\"\">La integridad y el fraude ya no interesan, y el patrimonio cultural, tampoco. <\/p>\n<p class=\"\">Los pol\u00edticos adeptos pecan de grave incoherencia sin remordimiento alguno. Ninguna de las comunidades aut\u00f3nomas taurinas de Castilla-La Mancha (PSOE), Pa\u00eds Vasco (PNV-PSOE), Navarra (PSOE-Geroa Bai) y las populares de Valencia, Madrid, Murcia, Castilla y Le\u00f3n, La Rioja, Andaluc\u00eda y Extremadura gestiona las competencias taurinas desde la Consejer\u00eda de Cultura: las esconden en Presidencia, Interior, Salud, Espect\u00e1culos, etc., y solo Arag\u00f3n, tambi\u00e9n gobernada por el PP, las incluye en el departamento de Presidencia, Interior y Cultura.<\/p>\n<p class=\"\">El PSOE, con las opiniones divididas en su seno, opta por la tibieza y solo cuando ha atisbado consecuencias electorales en Andaluc\u00eda <a href=\"https:\/\/elpais.com\/cultura\/2025-10-07\/el-congreso-rechaza-debatir-la-derogacion-de-la-proteccion-cultural-a-los-toros-con-la-abstencion-decisiva-del-psoe.html\" target=\"_blank\" rel=\"noreferrer nofollow noopener\" title=\"https:\/\/elpais.com\/cultura\/2025-10-07\/el-congreso-rechaza-debatir-la-derogacion-de-la-proteccion-cultural-a-los-toros-con-la-abstencion-decisiva-del-psoe.html\">ha frenado en seco una ILP que podr\u00eda perjudicar sus intereses<\/a>.<\/p>\n<p class=\"\">Y los contrarios a la fiesta, no tienen motivo para el disgusto por la derrota parlamentaria. <a href=\"https:\/\/www.cultura.gob.es\/servicios-al-ciudadano\/estadisticas\/cultura\/mc\/culturabase\/asuntos-taurinos\/resultados-asuntos-taurinos.html\" target=\"_blank\" rel=\"noreferrer nofollow noopener\" title=\"https:\/\/www.cultura.gob.es\/servicios-al-ciudadano\/estadisticas\/cultura\/mc\/culturabase\/asuntos-taurinos\/resultados-asuntos-taurinos.html\">El dato del antitaurino Ministerio de Cultura<\/a> es concluyente: las plazas est\u00e1n cada vez m\u00e1s vac\u00edas, lo que hace suponer que en poco tiempo no ser\u00e1 necesaria ninguna prohibici\u00f3n.<\/p>\n<p class=\"\">En definitiva, la mayor\u00eda de los pol\u00edticos que gobierna huye de la tauromaquia como el toro manso que busca el refugio de la dehesa; algunos lavan su conciencia con muy escasas subvenciones, irrisorias en relaci\u00f3n con las que perciben otros sectores culturales, y el resto quiere acabar con ella.<\/p>\n<p class=\"\">Ninguno \u2014y, a veces, ni los propios toreros, <a href=\"https:\/\/elpais.com\/cultura\/2025-10-12\/morante-de-la-puebla-dice-adios-al-toreo-por-la-puerta-grande.html\" target=\"_blank\" rel=\"noreferrer nofollow noopener\" title=\"https:\/\/elpais.com\/cultura\/2025-10-12\/morante-de-la-puebla-dice-adios-al-toreo-por-la-puerta-grande.html\">como Morante de la Puebla<\/a>, que brind\u00f3 su \u00faltimo toro al presidente de Vox\u2014 quiere entender que la tauromaquia no es un asunto ideol\u00f3gico, sino de respeto a la libertad de millones de personas.<\/p>\n","protected":false},"excerpt":{"rendered":"Solo dos pol\u00edticos, dos valientes y comprometidos aficionados, han mostrado un verdadero inter\u00e9s por la fiesta de los&hellip;\n","protected":false},"author":2,"featured_media":196546,"comment_status":"","ping_status":"","sticky":false,"template":"","format":"standard","meta":{"footnotes":""},"categories":[277],"tags":[373,4456,209,168,25,24,1485,251,1392,11860,23,167,374,2487,444],"class_list":{"0":"post-196545","1":"post","2":"type-post","3":"status-publish","4":"format-standard","5":"has-post-thumbnail","7":"category-toreo","8":"tag-bullfighting","9":"tag-congreso-diputados","10":"tag-cultura","11":"tag-deportes","12":"tag-es","13":"tag-espana","14":"tag-ferias-taurinas","15":"tag-ministerio-de-cultura","16":"tag-morante-de-la-puebla","17":"tag-plazas-toros","18":"tag-spain","19":"tag-sports","20":"tag-toreo","21":"tag-toreros","22":"tag-toros"},"share_on_mastodon":{"url":"","error":""},"_links":{"self":[{"href":"https:\/\/www.europesays.com\/es\/wp-json\/wp\/v2\/posts\/196545","targetHints":{"allow":["GET"]}}],"collection":[{"href":"https:\/\/www.europesays.com\/es\/wp-json\/wp\/v2\/posts"}],"about":[{"href":"https:\/\/www.europesays.com\/es\/wp-json\/wp\/v2\/types\/post"}],"author":[{"embeddable":true,"href":"https:\/\/www.europesays.com\/es\/wp-json\/wp\/v2\/users\/2"}],"replies":[{"embeddable":true,"href":"https:\/\/www.europesays.com\/es\/wp-json\/wp\/v2\/comments?post=196545"}],"version-history":[{"count":0,"href":"https:\/\/www.europesays.com\/es\/wp-json\/wp\/v2\/posts\/196545\/revisions"}],"wp:featuredmedia":[{"embeddable":true,"href":"https:\/\/www.europesays.com\/es\/wp-json\/wp\/v2\/media\/196546"}],"wp:attachment":[{"href":"https:\/\/www.europesays.com\/es\/wp-json\/wp\/v2\/media?parent=196545"}],"wp:term":[{"taxonomy":"category","embeddable":true,"href":"https:\/\/www.europesays.com\/es\/wp-json\/wp\/v2\/categories?post=196545"},{"taxonomy":"post_tag","embeddable":true,"href":"https:\/\/www.europesays.com\/es\/wp-json\/wp\/v2\/tags?post=196545"}],"curies":[{"name":"wp","href":"https:\/\/api.w.org\/{rel}","templated":true}]}}