{"id":196561,"date":"2025-10-23T18:03:07","date_gmt":"2025-10-23T18:03:07","guid":{"rendered":"https:\/\/www.europesays.com\/es\/196561\/"},"modified":"2025-10-23T18:03:07","modified_gmt":"2025-10-23T18:03:07","slug":"nueva-protesta-por-el-eterno-cierre-de-la-biblioteca-publica-manuel-alvar-seis-anos-y-medio-sin-acceso-a-sus-600-000-libros","status":"publish","type":"post","link":"https:\/\/www.europesays.com\/es\/196561\/","title":{"rendered":"Nueva protesta por el eterno cierre de la biblioteca p\u00fablica Manuel Alvar: seis a\u00f1os y medio sin acceso a sus 600.000 libros"},"content":{"rendered":"<p class=\"article-text\">\n        Este viernes 24 de octubre se celebra el D\u00eda Internacional de las Bibliotecas y en Madrid una movilizaci\u00f3n quiere saldar la mayor deuda pendiente de la ciudad con estas dotaciones. Los vecinos del barrio de La Guindalera, en el distrito de Salamanca, convocan una concentraci\u00f3n a las 18.00 frente a la biblioteca p\u00fablica Manuel Alvar. Un equipamiento clausurado por obras desde el 22 de abril de 2019, hace ya m\u00e1s de seis a\u00f1os y medio. Adem\u00e1s, a las 19.00 organizan una mesa de debate en el Espacio Vecinal La Atenea (en el n\u00famero 51 de la calle del Pilar de Zaragoza).\n    <\/p>\n<p>    <a href=\"https:\/\/www.eldiario.es\/madrid\/somos\/ardua-tarea-armar-catalogo-nueva-biblioteca-publica-madrid-tiemble-amazon_1_12389223.html\" data-mrf-recirculation=\"saber-mas\" data-dl-event=\"saber-mas\" rel=\"nofollow noopener\" target=\"_blank\"><\/p>\n<p class=\"know-more__title\">La ardua tarea de armar el cat\u00e1logo y hasta los muebles de una nueva biblioteca p\u00fablica en Madrid: \u00abQue tiemble Amazon\u00bb<\/p>\n<p>            <img decoding=\"async\" class=\"lazy\" loading=\"lazy\" data-src=\"https:\/\/static.eldiario.es\/clip\/cbddc7b1-2033-4e14-a6fa-e7f15fb26ac7_16-9-aspect-ratio_default_0.jpg\" src=\"data:image\/svg+xml,%3Csvg xmlns=\" http:=\"\" viewbox=\"0 0 880 495\" alt=\"La ardua tarea de armar el cat\u00e1logo y hasta los muebles de una nueva biblioteca p\u00fablica en Madrid: &quot;Que tiemble Amazon&quot;\"\/><\/p>\n<p>                        <\/a><\/p>\n<p class=\"article-text\">\n        La de la Manuel Alvar es una historia de responsabilidades compartidas, o m\u00e1s bien no asumidas. Su titularidad recae en el Ministerio de Cultura, aunque la gesti\u00f3n directa corresponde a la Comunidad de Madrid y una licitaci\u00f3n pendiente necesita el impulso del Ayuntamiento. Cultura inici\u00f3 en 2019 unos trabajos de emergencia para subsanar problemas de seguridad y climatizaci\u00f3n. La intervenci\u00f3n se desarroll\u00f3 seg\u00fan los tiempos previstos y se dieron por finalizados el 14 de febrero del a\u00f1o siguiente (un mes antes del confinamiento), seg\u00fan inform\u00f3 a este diario un portavoz del ministerio.\n    <\/p>\n<p class=\"article-text\">\n        Desde entonces han pasado 2.376 d\u00edas sin que la actividad haya vuelto al recinto, tal y como recuerda\u00a0<a href=\"https:\/\/twitter.com\/ManuelAlvarAbre\" target=\"_blank\" data-mrf-recirculation=\"links-noticia\" class=\"link\" rel=\"nofollow noopener\">un perfil de X<\/a>\u00a0que informa de los retrasos sobre la previsi\u00f3n inicial. El Ministerio culpa de la demora al Gobierno regional, encargado de la gesti\u00f3n del centro. Un portavoz explic\u00f3 a elDiario.es que la Comunidad quiso ejecutar nuevas actuaciones en el edificio, pero que estas finalmente no se efectuaron y ahora han pasado a manos del Ministerio.\n    <\/p>\n<p class=\"article-text\">\n        La Consejer\u00eda de Cultura, Turismo y Deporte asegura por su parte que a ellos solo les compete la gesti\u00f3n del centro y que no son responsables de la dilataci\u00f3n del proceso. \u201cLa Comunidad ha destinado 1.250.000 euros para la compra de todo el mobiliario cuando se acaben las obras, que es lo \u00fanico que nos compete\u201d, respondi\u00f3 un portavoz de la Consejer\u00eda a este peri\u00f3dico en 2022. Finalmente, es el Ayuntamiento el encargado de licitar las obras, cuyo coste alcanzar\u00e1 los 2,9 millones de euros. Sin embargo, este tr\u00e1mite sigue pendiente.\n    <\/p>\n<p>    Una clausura \u201cinexplicable de un d\u00eda para otro\u201d<\/p>\n<p class=\"article-text\">\n        Mientras, los vecinos llevan seis a\u00f1os y medio sin una de las bibliotecas p\u00fablicas m\u00e1s grandes de la ciudad. Un centro que contaba con 288 puestos de lectura y un fondo para consulta compuesto por m\u00e1s de 600.000 vol\u00famenes. Asimismo, recopila junto a la Biblioteca Regional de Madrid el Dep\u00f3sito Legal en la regi\u00f3n. \u201cNadie nos explic\u00f3 exactamente por qu\u00e9 la cerraron, fue de un d\u00eda para otro. Pero que despu\u00e9s de tanto tiempo siga as\u00ed, es inexplicable\u201d, lamentaba en declaraciones a este medio Marisa San Jos\u00e9, vecina de La Guindalera y miembro de La Atenea, una de las asociaciones que forman la Plataforma Ciudadana Distrito de Salamanca.\n    <\/p>\n<p class=\"article-text\">\n        Precisamente en la sede de esta entidad tendr\u00e1 lugar la charla del viernes, en la que las entidades convocantes esperan contar con representantes de la Consejer\u00eda de Cultura y el Ministerio del ramo. Un vecino y responsable de la organizaci\u00f3n de la manifestaci\u00f3n previa expresa eso s\u00ed las dudas respecto a la asistencia de cargos pol\u00edticos o de la administraci\u00f3n: \u201cSe ha invitado, pero me da que no van a venir. Si as\u00ed sucede, se van a poner sillas vac\u00edas con un cartel, para escenificar\u201d.\n    <\/p>\n<p>    <a href=\"https:\/\/www.eldiario.es\/madrid\/biblioteca-publica-madrilena-600-000-libros-nadie-reabre-tres-anos-despues-cierre-obras_1_9640790.html\" data-mrf-recirculation=\"saber-mas-abajo\" data-dl-event=\"saber-mas-abajo\" rel=\"nofollow noopener\" target=\"_blank\"><\/p>\n<p class=\"know-more__title\">La biblioteca p\u00fablica madrile\u00f1a con m\u00e1s de 600.000 libros que nadie reabre tres a\u00f1os despu\u00e9s de su cierre por obras<\/p>\n<p>            <img decoding=\"async\" class=\"lazy\" loading=\"lazy\" data-src=\"https:\/\/static.eldiario.es\/clip\/8bd97b1f-41b5-4a33-bf07-5bd4ab233ee7_16-9-aspect-ratio_default_0.jpg\" src=\"data:image\/svg+xml,%3Csvg xmlns=\" http:=\"\" viewbox=\"0 0 880 495\" alt=\"La biblioteca p\u00fablica madrile\u00f1a con m\u00e1s de 600.000 libros que nadie reabre tres a\u00f1os despu\u00e9s de su cierre por obras\"\/><\/p>\n<p>                        <\/a><\/p>\n<p class=\"article-text\">\n        Antes, la manifestaci\u00f3n convocada lleva por t\u00edtulo La gesti\u00f3n de lo p\u00fablico: el caso de la biblioteca Manuel Alvar. \u201cHaremos una performance con el n\u00famero 02377 de la Loter\u00eda de Navidad 2025\u201d, avanzan. Fuentes de la organizaci\u00f3n hablan de un \u201ccaso escandoloso desde el Ministerio de Cultura hasta la Comunidad de Madrid, no colaboran y act\u00faan para la reapertura y uso de una de las mayores bibliotecas de Madrid\u201d.\n    <\/p>\n<p class=\"article-text\">Recibe las noticias m\u00e1s importantes de Madrid con un bolet\u00edn escrito para ti, todos los viernes en tu correo. <a href=\"https:\/\/www.eldiario.es\/madrid\/somos\/boletin\/\" rel=\"nofollow noopener\" target=\"_blank\">Ap\u00fantate aqu\u00ed<\/a> y rec\u00edbelas junto a los mejores planes para el fin de semana. Tambi\u00e9n puedes seguirnos desde tu red social preferida, en <a href=\"https:\/\/www.facebook.com\/diariosomosmadrid\/\" target=\"_blank\" rel=\"nofollow noopener\">Facebook<\/a>, <a href=\"https:\/\/bsky.app\/profile\/somosmadrid.bsky.social\" target=\"_blank\" rel=\"nofollow noopener\">Bluesky<\/a> o <a href=\"https:\/\/www.instagram.com\/somos.madrid\/\" target=\"_blank\" rel=\"nofollow noopener\">Instagram<\/a><\/p>\n<p>                                    <script async src=\"https:\/\/platform.twitter.com\/widgets.js\" charset=\"utf-8\"><\/script><script async src=\"\/\/www.instagram.com\/embed.js\"><\/script><\/p>\n","protected":false},"excerpt":{"rendered":"Este viernes 24 de octubre se celebra el D\u00eda Internacional de las Bibliotecas y en Madrid una movilizaci\u00f3n&hellip;\n","protected":false},"author":2,"featured_media":196562,"comment_status":"","ping_status":"","sticky":false,"template":"","format":"standard","meta":{"footnotes":""},"categories":[172],"tags":[1609,38579,1666,54520,988,8930,224,1565,146,147,25,24,26826,225,841,697,795,7602,4500,1139,23],"class_list":{"0":"post-196561","1":"post","2":"type-post","3":"status-publish","4":"format-standard","5":"has-post-thumbnail","7":"category-libros","8":"tag-1609","9":"tag-38579","10":"tag-acceso","11":"tag-alvar","12":"tag-anos","13":"tag-biblioteca","14":"tag-books","15":"tag-cierre","16":"tag-entertainment","17":"tag-entretenimiento","18":"tag-es","19":"tag-espana","20":"tag-eterno","21":"tag-libros","22":"tag-manuel","23":"tag-medio","24":"tag-nueva","25":"tag-protesta","26":"tag-publica","27":"tag-seis","28":"tag-spain"},"share_on_mastodon":{"url":"","error":""},"_links":{"self":[{"href":"https:\/\/www.europesays.com\/es\/wp-json\/wp\/v2\/posts\/196561","targetHints":{"allow":["GET"]}}],"collection":[{"href":"https:\/\/www.europesays.com\/es\/wp-json\/wp\/v2\/posts"}],"about":[{"href":"https:\/\/www.europesays.com\/es\/wp-json\/wp\/v2\/types\/post"}],"author":[{"embeddable":true,"href":"https:\/\/www.europesays.com\/es\/wp-json\/wp\/v2\/users\/2"}],"replies":[{"embeddable":true,"href":"https:\/\/www.europesays.com\/es\/wp-json\/wp\/v2\/comments?post=196561"}],"version-history":[{"count":0,"href":"https:\/\/www.europesays.com\/es\/wp-json\/wp\/v2\/posts\/196561\/revisions"}],"wp:featuredmedia":[{"embeddable":true,"href":"https:\/\/www.europesays.com\/es\/wp-json\/wp\/v2\/media\/196562"}],"wp:attachment":[{"href":"https:\/\/www.europesays.com\/es\/wp-json\/wp\/v2\/media?parent=196561"}],"wp:term":[{"taxonomy":"category","embeddable":true,"href":"https:\/\/www.europesays.com\/es\/wp-json\/wp\/v2\/categories?post=196561"},{"taxonomy":"post_tag","embeddable":true,"href":"https:\/\/www.europesays.com\/es\/wp-json\/wp\/v2\/tags?post=196561"}],"curies":[{"name":"wp","href":"https:\/\/api.w.org\/{rel}","templated":true}]}}