{"id":196563,"date":"2025-10-23T18:04:10","date_gmt":"2025-10-23T18:04:10","guid":{"rendered":"https:\/\/www.europesays.com\/es\/196563\/"},"modified":"2025-10-23T18:04:10","modified_gmt":"2025-10-23T18:04:10","slug":"no-quiero-estar-con-alguien-como-usted","status":"publish","type":"post","link":"https:\/\/www.europesays.com\/es\/196563\/","title":{"rendered":"No quiero estar con alguien como usted"},"content":{"rendered":"<p class=\"article-text\">\n        <strong>Ana Rosa Quintana<\/strong> entrevist\u00f3 este jueves en <strong>Telecinco <\/strong>a la <strong>hermana Teresa<\/strong>, una monja chilena acusada de utilizar las redes sociales para estafar a sus seguidores, a los que supuestamente pidi\u00f3 dinero para realizarse unas pruebas m\u00e9dicas. La estafa, seg\u00fan dicen, habr\u00eda sido su modo de vida desde hace tiempo, pues a\u00f1os atr\u00e1s, cuando era Fray Alejandro, tambi\u00e9n recibi\u00f3 acusaciones en este sentido. Ella no solo niega que haya pedido dinero para el tratamiento del tumor cerebral que padece, sino que defiende que ha sido absuelta de todas las denuncias.\n    <\/p>\n<p>    <a href=\"https:\/\/www.eldiario.es\/vertele\/videos\/andy-habla-primera-vez-tv-polemico-final-duo-lucas-afectando-mal_7_12707694.html\" data-mrf-recirculation=\"saber-mas\" data-dl-event=\"saber-mas\" rel=\"nofollow noopener\" target=\"_blank\"><\/p>\n<p class=\"know-more__title\">Andy habla por primera vez en TV tras el pol\u00e9mico final de su d\u00fao con Lucas: \u00abEsto me est\u00e1 afectando para mal\u00bb<\/p>\n<p>            <img decoding=\"async\" class=\"lazy\" loading=\"lazy\" data-src=\"https:\/\/static.eldiario.es\/clip\/4eab00d7-981f-47b7-a48e-0ce4eadb2942_16-9-aspect-ratio_default_0.jpg\" src=\"data:image\/svg+xml,%3Csvg xmlns=\" http:=\"\" viewbox=\"0 0 880 495\" alt=\"Andy habla por primera vez en TV tras el pol\u00e9mico final de su d\u00fao con Lucas: &quot;Esto me est\u00e1 afectando para mal&quot;\"\/><\/p>\n<p>                            <img decoding=\"async\" class=\"ni-multimedia\" src=\"https:\/\/www.eldiario.es\/assets\/img\/svg\/icons\/gallery-video.h-2e826467718e0ad0cb33a0bdb174f603.svg\" alt=\"Andy habla por primera vez en TV tras el pol\u00e9mico final de su d\u00fao con Lucas: &quot;Esto me est\u00e1 afectando para mal&quot;\"\/><br \/>\n                        <\/a><\/p>\n<p class=\"article-text\">\n        A la entrevistada no le gust\u00f3 la manera en la que <strong>El programa de AR<\/strong> cont\u00f3 su caso. Desde un primer momento dijo que <strong>estaba \u201cimpactada\u201d con el tono \u201camarillista\u201d del reportaje<\/strong> que se hab\u00eda emitido. No le gust\u00f3 que el programa diera por buenas las acusaciones a pesar de tener en su poder determinados documentos que supuestamente la exculpar\u00edan.\n    <\/p>\n<p class=\"article-text\">\n        La entrevista se tens\u00f3 cuando<strong> Ana Rosa quiso saber si hab\u00eda hecho un \u201ccambio de sexo\u201d<\/strong>. La pregunta le molest\u00f3: \u201cEs un cambio de identidad, de g\u00e9nero. Ya lo expliqu\u00e9 a la producci\u00f3n de su programa y me da una pena tremenda porque creo que sois igualmente amarillistas. Me conect\u00e9 con ustedes pensando que quer\u00edan lavar un poco mi imagen del da\u00f1o que me han causado los medios chilenos, pero est\u00e1n haciendo lo mismo que ellos. Lo \u00fanico que est\u00e1n haciendo es condenarme por algo que no he cometido. Mi causa es del a\u00f1o 2016 y est\u00e1 sobrese\u00edda. Les envi\u00e9 los documentos\u201d.\n    <\/p>\n<p class=\"article-text\">\n        La hermana Teresa lament\u00f3 que El programa de AR estuviera tratando <strong>de manera reiterada y \u201csensacionalista\u201d su \u201cidentidad de g\u00e9nero\u201d<\/strong>. \u201cPensaba yo que Europa ten\u00eda la mentalidad m\u00e1s abierta que Chile. Para que quede claro, no soy una mujer trans. Soy una mujer biol\u00f3gica. Pens\u00e9 que ser\u00edan distintos, pero lamentablemente son iguales o incluso peores que en Chile\u201d, critic\u00f3. <strong>Manu Marlaska<\/strong>, colaborador del programa, tuvo que disculparse con la monja por referirse a ella en masculino en una ocasi\u00f3n: \u201cLe pido disculpas, lleva raz\u00f3n\u201d.\n    <\/p>\n<p>    Ana Rosa critica el discurso de la hermana Teresa en Telecinco<\/p>\n<p class=\"article-text\">\n        Ana Rosa tom\u00f3 la palabra en ese instante para corregir a su invitada. \u201cDisc\u00falpeme, Teresa. No mezcle lo que ha hecho en TikTok con la identidad de g\u00e9nero, que en Espa\u00f1a est\u00e1 perfectamente legalizada, normalizada, y todo el mundo lo respeta. Es verdad que ha sido absuelta, pero hab\u00eda sido denunciada por muchas personas y se hab\u00eda hecho eco toda la prensa. Espero que usted haya denunciado a toda la prensa de Chile por publicar eso\u201d, le espet\u00f3 la presentadora.\n    <\/p>\n<p class=\"article-text\">\n        Adem\u00e1s, Ana Rosa puso en duda el papel que esta monja desempe\u00f1a en las redes sociales. \u201cYo no s\u00e9 si usted est\u00e1 transmitiendo el Evangelio o se ha creado un personaje de Instagram y TikTok (&#8230;) Usted se ha hecho un personaje y hay que asumir que a unos les guste y a otros no\u201d, le dijo a modo de despedida. La monja no pudo m\u00e1s que decir que ella no es ning\u00fan \u201cpersonaje\u201d.\n    <\/p>\n<p class=\"article-text\">\n        Acto seguido, cuando la hermana Teresa ya hab\u00eda desaparecido de la pantalla, Ana Rosa solt\u00f3 una contundente reflexi\u00f3n: <strong>\u201cLe agradecemos mucho que haya estado con nosotros. Ni usted quiere estar en este programa amarillo ni yo quiero estar con una persona como usted\u201d<\/strong>. En el plat\u00f3 se escucharon algunas risillas que ella aprovech\u00f3 para justificarse: \u201cEl victimismo y mezclar unas cosas con otras&#8230; No mezcle usted la identidad de g\u00e9nero con lo que est\u00e1 haciendo en TikTok. A m\u00ed es que el victimismo, cuando uno se est\u00e1 aprovechando de una situaci\u00f3n que realmente lo sufren muchas personas, me parece mal\u201d, concluy\u00f3.\n    <\/p>\n<p>    <a href=\"https:\/\/www.eldiario.es\/vertele\/noticias\/silvia-intxaurrondo-demanda-rtve-condiciones-laborales-economicas-nuevo-contrato_1_12707737.html\" data-mrf-recirculation=\"saber-mas-abajo\" data-dl-event=\"saber-mas-abajo\" rel=\"nofollow noopener\" target=\"_blank\"><\/p>\n<p class=\"know-more__title\">Silvia Intxaurrondo demanda a RTVE por las condiciones laborales y econ\u00f3micas de su nuevo contrato<\/p>\n<p>            <img decoding=\"async\" class=\"lazy\" loading=\"lazy\" data-src=\"https:\/\/static.eldiario.es\/clip\/a7b5c799-6742-4cfa-aae6-6ca6c1caef40_16-9-aspect-ratio_default_0.jpg\" src=\"data:image\/svg+xml,%3Csvg xmlns=\" http:=\"\" viewbox=\"0 0 880 495\" alt=\"Silvia Intxaurrondo demanda a RTVE por las condiciones laborales y econ\u00f3micas de su nuevo contrato\"\/><\/p>\n<p>                        <\/a><\/p>\n<p class=\"article-text\">\n        \u201cEl diagn\u00f3stico es evidente: es un fantoche\u201d, apunt\u00f3 desde el plat\u00f3 el psiquiatra <strong>Jos\u00e9 Cabrera<\/strong>, colaborador del magac\u00edn, mientras algunos de sus compa\u00f1eros le re\u00edan el comentario.\n    <\/p>\n","protected":false},"excerpt":{"rendered":"Ana Rosa Quintana entrevist\u00f3 este jueves en Telecinco a la hermana Teresa, una monja chilena acusada de utilizar&hellip;\n","protected":false},"author":2,"featured_media":196564,"comment_status":"","ping_status":"","sticky":false,"template":"","format":"standard","meta":{"footnotes":""},"categories":[171],"tags":[683,146,147,3141,25,24,9701,54521,54523,54522,27011,2465,23,214,2338],"class_list":{"0":"post-196563","1":"post","2":"type-post","3":"status-publish","4":"format-standard","5":"has-post-thumbnail","7":"category-tv","8":"tag-ana","9":"tag-entertainment","10":"tag-entretenimiento","11":"tag-entrevista","12":"tag-es","13":"tag-espana","14":"tag-estafa","15":"tag-hermana-teresa","16":"tag-identidad-genero","17":"tag-monja-tiktok","18":"tag-quintana","19":"tag-rosa","20":"tag-spain","21":"tag-tv","22":"tag-video"},"share_on_mastodon":{"url":"https:\/\/pubeurope.com\/@es\/115424806173294750","error":""},"_links":{"self":[{"href":"https:\/\/www.europesays.com\/es\/wp-json\/wp\/v2\/posts\/196563","targetHints":{"allow":["GET"]}}],"collection":[{"href":"https:\/\/www.europesays.com\/es\/wp-json\/wp\/v2\/posts"}],"about":[{"href":"https:\/\/www.europesays.com\/es\/wp-json\/wp\/v2\/types\/post"}],"author":[{"embeddable":true,"href":"https:\/\/www.europesays.com\/es\/wp-json\/wp\/v2\/users\/2"}],"replies":[{"embeddable":true,"href":"https:\/\/www.europesays.com\/es\/wp-json\/wp\/v2\/comments?post=196563"}],"version-history":[{"count":0,"href":"https:\/\/www.europesays.com\/es\/wp-json\/wp\/v2\/posts\/196563\/revisions"}],"wp:featuredmedia":[{"embeddable":true,"href":"https:\/\/www.europesays.com\/es\/wp-json\/wp\/v2\/media\/196564"}],"wp:attachment":[{"href":"https:\/\/www.europesays.com\/es\/wp-json\/wp\/v2\/media?parent=196563"}],"wp:term":[{"taxonomy":"category","embeddable":true,"href":"https:\/\/www.europesays.com\/es\/wp-json\/wp\/v2\/categories?post=196563"},{"taxonomy":"post_tag","embeddable":true,"href":"https:\/\/www.europesays.com\/es\/wp-json\/wp\/v2\/tags?post=196563"}],"curies":[{"name":"wp","href":"https:\/\/api.w.org\/{rel}","templated":true}]}}