{"id":196569,"date":"2025-10-23T18:07:08","date_gmt":"2025-10-23T18:07:08","guid":{"rendered":"https:\/\/www.europesays.com\/es\/196569\/"},"modified":"2025-10-23T18:07:08","modified_gmt":"2025-10-23T18:07:08","slug":"espana-suecia-femenino-cuando-es-a-que-hora-y-donde-ver-en-tv-el-partido-de-la-seleccion-femenina-el-mundo","status":"publish","type":"post","link":"https:\/\/www.europesays.com\/es\/196569\/","title":{"rendered":"Espa\u00f1a &#8211; Suecia femenino: cu\u00e1ndo es, a qu\u00e9 hora y d\u00f3nde ver en TV el partido de la selecci\u00f3n femenina &#8211; El Mundo"},"content":{"rendered":"<ol>\n<li><a href=\"https:\/\/news.google.com\/rss\/articles\/CBMid0FVX3lxTE5xREdReUFVWFdmcE1wNGp0eHRfc1FOeGhPWkFEdkVPQWQwUjFQb20zb21ScHpxcXNBcy0tNkk1N3VQd3JkM1dwcjR4dFF0WkVfYXg3YVZMcEQ1ZGpWTk9PVVBTRDM3VGt0R3dSRFhucXYtOGtzSjJJ0gF3QVVfeXFMUE5tTGNLc3JQbENzMUwyQkxKSVRaTG42cEVFa21GWEIxV3E2QmFxM05aaE9MeVU1aXF2X1hOcHBXQzdDSWxZV2JBbHlOQmtwMTIzbXJkTlpWUmY4M0FXXzZEZWdlRDR0MmdMWXJnTzM4TDdLcmpUd1k?oc=5\" target=\"_blank\" rel=\"nofollow noopener\">Espa\u00f1a &#8211; Suecia femenino: cu\u00e1ndo es, a qu\u00e9 hora y d\u00f3nde ver en TV el partido de la selecci\u00f3n femenina<\/a>&nbsp;&nbsp;El Mundo<\/li>\n<li><a href=\"https:\/\/news.google.com\/rss\/articles\/CBMid0FVX3lxTFBKenAwUXpKY1o0WnRkVTJYejA0TGdUZk12d3duUlpTOFlRQnFyanBBZ0JjSjRmandMaXVjVmhfNUlyaGs2Mk5BTU94VGFmb3VZRzF4cHprMWp5WG5XTW9rQ19waGtYRy0tNUMyY3BpQ01EUS1FOE5n0gGLAUFVX3lxTFBFa3o3RXVwakdnZHpwUHNlYUtWTEhrcnBpRVhBaXBPZV84ZXBxTTRQMzNPXzBQX1RVUGViMkU4anRRQ1B3VENGMER5Rm85c01wTEVDaFE0WmFwWGVFZXU0UEE1dXkwSkNLOEltbUtTeG8tTXUzdFA4VmlGdG10X2VlNE5hWTBVbC0tekU?oc=5\" target=\"_blank\" rel=\"nofollow noopener\">\u201cS\u00e9 lo que ha sufrido Jenni\u201d<\/a>&nbsp;&nbsp;Diario AS<\/li>\n<li><a href=\"https:\/\/news.google.com\/rss\/articles\/CBMidkFVX3lxTE8xZ3RKWEFMMkh1TUhkbjZEVE4zRDdfS3d5UUd6bEpLajlZS3AxY3Y4d0tyRVQ5SDJrYTR5Zm8yTmxzVW5scl95M3pYRkxkUGhFU1ZsSng4aUxOQnZsVXZEYjlzMEJyZGR2enZ3bFgwZUVtb1pUdnc?oc=5\" target=\"_blank\" rel=\"nofollow noopener\">Calurosa acogida de M\u00e1laga a la Selecci\u00f3n<\/a>&nbsp;&nbsp;RFEF<\/li>\n<li><a href=\"https:\/\/news.google.com\/rss\/articles\/CBMiiwJBVV95cUxNS3AzV3BEN3B3OHpiN0NLMEVyZlBLUXg3d3ExUF81RDNNb1laOGI0MFA2WXh4eW8yQ1hIUmVNVWpMYnlKT2R1WTZTNFA0QVMzT2NGUVU5Wmp3bnB6SjRSNWR0MGkxa0Y3WGFVajlfS1dXV2VmUDZwcEFkT2QxdVA5bFdJUUhuUzk5Z2FmcV9sbGtEcjdJUmw4R040MHhXOWdaRDA3YTBwdmMxMXYxRVZKaTJhQVVYdjc1OE9YV0hQSXdpbUZ3Mk1pVW9fcXVFUms0dkswemlfRm00bWVSdzc1Nm12anlKMHdNM2ZlV2tEZ3ZxR1pwclQ4WGp6U0IzT3VkVi1GR3pnT3VKUjg?oc=5\" target=\"_blank\" rel=\"nofollow noopener\">El calvario de Jenni Hermoso hasta volver a la selecci\u00f3n: \u201cLlor\u00e9 cuando recib\u00ed la convocatoria, lo esperaba desde hace mucho tiempo\u201d<\/a>&nbsp;&nbsp;EL PA\u00cdS<\/li>\n<li><a href=\"https:\/\/news.google.com\/rss\/articles\/CBMi_wFBVV95cUxPUmIzbGhKc29ZODZHUGctT0N6ams0bzQ4bHFlRFFjUjZXb2ZlYVpzUk5QYU81b2V6bjZKcm1HT0d0TzNGODZEV0lCMUtYMERGU3gtX3gyQ2xPUGxwZUsxVUN6OGJ6X29FSDREMnBFODBqdjhVUy1uQVdkNTNiSWpyaUtpa2RVTTlXWkpkYi1JVnFQUkhRUHMwMEJ3Q1p5VHB6VnBWaG1hNlNUUTlPcXllSTBQbkpTY1BUcktnUDFvZzY4bjQxT19tdUhfMXdCeXEwZWVBaVh4MlI2MENCa0R2UGJNY2RabnFQc2xMYjdFVkFZRjVjeHdkcFlBVm9SVG8?oc=5\" target=\"_blank\" rel=\"nofollow noopener\">Jenni Hermoso, rotunda sobre Montse Tom\u00e9: \u00abSer valiente cuesta, pero lo prefiero a que me des mil explicaciones sin sentido\u00bb<\/a>&nbsp;&nbsp;20Minutos<\/li>\n<\/ol>\n","protected":false},"excerpt":{"rendered":"Espa\u00f1a &#8211; Suecia femenino: cu\u00e1ndo es, a qu\u00e9 hora y d\u00f3nde ver en TV el partido de la&hellip;\n","protected":false},"author":2,"featured_media":196570,"comment_status":"","ping_status":"","sticky":false,"template":"","format":"standard","meta":{"footnotes":""},"categories":[93],"tags":[2170,168,25,24,23,167],"class_list":{"0":"post-196569","1":"post","2":"type-post","3":"status-publish","4":"format-standard","5":"has-post-thumbnail","7":"category-deportes","8":"tag-como","9":"tag-deportes","10":"tag-es","11":"tag-espana","12":"tag-spain","13":"tag-sports"},"share_on_mastodon":{"url":"https:\/\/pubeurope.com\/@es\/115424817525893748","error":""},"_links":{"self":[{"href":"https:\/\/www.europesays.com\/es\/wp-json\/wp\/v2\/posts\/196569","targetHints":{"allow":["GET"]}}],"collection":[{"href":"https:\/\/www.europesays.com\/es\/wp-json\/wp\/v2\/posts"}],"about":[{"href":"https:\/\/www.europesays.com\/es\/wp-json\/wp\/v2\/types\/post"}],"author":[{"embeddable":true,"href":"https:\/\/www.europesays.com\/es\/wp-json\/wp\/v2\/users\/2"}],"replies":[{"embeddable":true,"href":"https:\/\/www.europesays.com\/es\/wp-json\/wp\/v2\/comments?post=196569"}],"version-history":[{"count":0,"href":"https:\/\/www.europesays.com\/es\/wp-json\/wp\/v2\/posts\/196569\/revisions"}],"wp:featuredmedia":[{"embeddable":true,"href":"https:\/\/www.europesays.com\/es\/wp-json\/wp\/v2\/media\/196570"}],"wp:attachment":[{"href":"https:\/\/www.europesays.com\/es\/wp-json\/wp\/v2\/media?parent=196569"}],"wp:term":[{"taxonomy":"category","embeddable":true,"href":"https:\/\/www.europesays.com\/es\/wp-json\/wp\/v2\/categories?post=196569"},{"taxonomy":"post_tag","embeddable":true,"href":"https:\/\/www.europesays.com\/es\/wp-json\/wp\/v2\/tags?post=196569"}],"curies":[{"name":"wp","href":"https:\/\/api.w.org\/{rel}","templated":true}]}}