{"id":196579,"date":"2025-10-23T18:13:14","date_gmt":"2025-10-23T18:13:14","guid":{"rendered":"https:\/\/www.europesays.com\/es\/196579\/"},"modified":"2025-10-23T18:13:14","modified_gmt":"2025-10-23T18:13:14","slug":"castilla-y-leon-desobedece-a-feijoo-y-si-facilitara-informacion-al-gobierno-sobre-los-cribados-de-cancer","status":"publish","type":"post","link":"https:\/\/www.europesays.com\/es\/196579\/","title":{"rendered":"Castilla y Le\u00f3n desobedece a Feij\u00f3o y s\u00ed facilitar\u00e1 informaci\u00f3n al Gobierno sobre los cribados de c\u00e1ncer"},"content":{"rendered":"<p class=\"article-text\">\n        El portavoz de la Junta de Castilla y Le\u00f3n, Carlos Fern\u00e1ndez Carriedo (PP), ha asegurado este jueves en rueda de prensa que se enviar\u00e1n al Gobierno de Espa\u00f1a los datos relativos a los cribados de c\u00e1ncer que fueron acordados en la ponencia celebrada entre el Ministerio de Sanidad y las Comunidades Aut\u00f3nomas. Adem\u00e1s, ha considerado que \u00e9l \u201cno ve inconveniente\u201d en que despu\u00e9s esos datos sean facilitados a la prensa en favor de la transparencia.\n    <\/p>\n<p class=\"article-text\">\n        Eso s\u00ed, tal y como ha afirmado el consejero de Sanidad de la Junta de Castilla y Le\u00f3n, Alejandro V\u00e1zquez, solo los facilitar\u00e1n bajo los t\u00e9rminos acordados previamente en el Consejo Interterritorial.  El acuerdo inicial, seg\u00fan ha asegurado V\u00e1zquez, preve\u00eda que los datos se recoger\u00edan desde el inicio de la aprobaci\u00f3n del documento (a\u00f1o 2025) y se volcar\u00edan anualmente entre enero y marzo del a\u00f1o siguiente en un sistema inform\u00e1tico para la transferencia de datos realizado por el Ministerio .\n    <\/p>\n<p class=\"article-text\">\n        <a href=\"https:\/\/www.eldiario.es\/castilla-y-leon\/sociedad\/junta-castilla-leon-afirma-gestiona-celeridad-mamografia-sospechosa-cribado_1_12670509.html\" target=\"_blank\" data-mrf-recirculation=\"links-noticia\" class=\"link\" rel=\"nofollow noopener\">Hace unas semanas<\/a>, Carriedo aseguraba que el sistema de sanidad p\u00fablico de la Comunidad act\u00faa \u201ccon la mayor celeridad posible\u201d cuando hay un resultado sospechoso en una mamograf\u00eda. Aunque desde la Consejer\u00eda de Sanidad reconocieron que no disponen de los datos sobre cu\u00e1nto tiempo se tarda en comunicar esa sospecha y en citar a las mujeres a una segunda prueba, ni si existe lista de espera para ese tr\u00e1mite, s\u00ed que se iba a extrapolar los datos disponibles para remitirlos a Sanidad.\n    <\/p>\n<p class=\"article-text\">\n        Fern\u00e1ndez Carriedo ha reiterado su disposici\u00f3n a trabajar con el Ministerio de Sanidad, ajeno al bloqueo de otros gobiernos del PP, que ha respaldado este jueves el l\u00edder del PP, Alberto N\u00fa\u00f1ez Feij\u00f3o. \u201cTodo parece indicar que tiene que ver mucho m\u00e1s con alg\u00fan inter\u00e9s pol\u00edtico que con un inter\u00e9s sanitario\u201d, ha acusado desde Bruselas al Gobierno central. Feij\u00f3o ha zanjado: <a href=\"https:\/\/www.eldiario.es\/politica\/feijoo-respalda-bloqueo-pp-compartir-gobierno-datos-cribado-cancer-mezclar-sanidad-politica-partidista-irresponsable_1_12708588.html\" target=\"_blank\" data-mrf-recirculation=\"links-noticia\" class=\"link\" rel=\"nofollow noopener\">\u201cMezclar la sanidad con la pol\u00edtica partidista es lo m\u00e1s irresponsable que se puede hacer\u201d<\/a>. Este jueves\u00a0<a href=\"https:\/\/www.eldiario.es\/andalucia\/fiscalia-investigara-cribados-cancer-andalucia-pide-informe-junta-fallos-moreno_1_12708507.html\" target=\"_blank\" data-mrf-recirculation=\"links-noticia\" class=\"link\" rel=\"nofollow noopener\">la Fiscal\u00eda ha anunciado una investigaci\u00f3n<\/a> sobre la crisis de Andaluc\u00eda.\n    <\/p>\n<p class=\"article-text\">\n        Varias regiones gobernadas por el PP se han coordinado para rechazar la petici\u00f3n de informaci\u00f3n de Sanidad y repiten frases literales, argumentos. Adem\u00e1s, han acusado a la ministra de Sanidad, M\u00f3nica Garc\u00eda, de poner en riesgo \u201cla credibilidad\u201d del sistema de prevenci\u00f3n. Este jueves el portavoz auton\u00f3mico de la Junta de Castilla y Le\u00f3n no ha ahondado en estas diferencias y solo ha zanjado: \u201cYo doy informaci\u00f3n por la Junta de Castilla y Le\u00f3n, no por el resto de gobiernos auton\u00f3micos y s\u00ed que enviaremos esa informaci\u00f3n\u201d.\n    <\/p>\n<p>    El consejero acusa al Ministerio de \u201csaltarse a la torera\u201d los acuerdos<\/p>\n<p class=\"article-text\">\n        El consejero de Sanidad de la Junta de Castilla y Le\u00f3n, Alejandro V\u00e1zquez, ha defendido la postura de la Comunidad respecto a la entrega de datos de cribados oncol\u00f3gicos, asegurando que solo los facilitar\u00e1n bajo los t\u00e9rminos acordados previamente en el Consejo Interterritorial. V\u00e1zquez acus\u00f3 directamente al Gobierno central de \u201csaltarse a la torera\u201d los acuerdos y de hacer un uso partidista del \u00f3rgano de coordinaci\u00f3n sanitaria.\n    <\/p>\n<p class=\"article-text\">\n        \u201cRealmente, el Ministerio, como siempre, y haciendo una utilizaci\u00f3n pol\u00edtica del Consejo Interterritorial, ha decidido, sin contar con las comunidades aut\u00f3nomas, el modificar los indicadores que hab\u00eda en la ponencia\u201d, ha apuntado el consejero. El acuerdo inicial, seg\u00fan ha asegurado V\u00e1zquez, preve\u00eda que los datos se recoger\u00edan desde el inicio de la aprobaci\u00f3n del documento (a\u00f1o 2025) y se volcar\u00edan anualmente entre enero y marzo del a\u00f1o siguiente en un sistema inform\u00e1tico para la transferencia de datos realizado por el Ministerio .\n    <\/p>\n<p class=\"article-text\">\n        El consejero ha detalado que en los acuerdos iniciales de la Ponencia de Cribados, de abril del a\u00f1o 2025, establec\u00edan una serie de indicadores y la obligaci\u00f3n del Ministerio de habilitar un sistema inform\u00e1tico para la transferencia de datos, con una recogida limitada a partir de la aprobaci\u00f3n de dicho documento.\n    <\/p>\n<p class=\"article-text\">\n        V\u00e1zquez ha se\u00f1alado que el Ministerio ha realizado una petici\u00f3n \u201cabsolutamente irrealizable\u201d. Es decir: \u201cpedir datos de 5 a\u00f1os atr\u00e1s, porque realmente no est\u00e1 el sistema, habr\u00eda que recoger los datos 1 por 1\u201d. El consejero de Sanidad reiter\u00f3 que Castilla y Le\u00f3n cumplir\u00e1 con lo pactado en la ponencia, pero condicion\u00f3 la entrega de informaci\u00f3n a la puesta en marcha de la herramienta inform\u00e1tica por parte del Ministerio.\n    <\/p>\n<p class=\"article-text\">\n        \u201cCastilla y Le\u00f3n va a hacer lo que se lo que se comprometi\u00f3&#8230; En el momento que dispongamos del aplicativo inform\u00e1tico que nos tiene que dar el Ministerio, no tendremos ning\u00fan inconveniente dentro de los m\u00e1rgenes que est\u00e1n pactados en esa ponencia de cribados en dar los datos\u201d, ha afirmado.\n    <\/p>\n<p class=\"article-text\">\n        Finalmente, V\u00e1zquez ha indicado que la actuaci\u00f3n del Ministerio demuestra \u201clo poco que le importa al el Consejo Interterritorial\u201d y ha criticado la forma de proceder del Gobierno central. \u201cTodo lo dem\u00e1s me parece que es una utilizaci\u00f3n absolutamente partidista de un \u00f3rgano muy importante en la coordinaci\u00f3n del sistema sanitario, como es el Consejo Interterritorial\u201d, ha apostillado.\n    <\/p>\n<p>    V\u00e1zquez reprocha a M\u00f3nica Garc\u00eda la falta del Sistema Inform\u00e1tico (SICC) y la petici\u00f3n \u201csorprendente\u201d de datos retroactivos<\/p>\n<p class=\"article-text\">\n        El consejero de Sanidad, en una carta remitida el 10 de octubre, ha reclamadoa la Ministra de Sanidad, su la falta de formalidad y las incoherencias en la solicitud de datos de cribados. V\u00e1zquez ha asegurado que, a pesar del anuncio p\u00fablico de la Ministra en el Consejo Interterritorial, la petici\u00f3n formal no hab\u00eda sido recibida 48 horas despu\u00e9s. El consejero recuerda que el Documento de Consenso que sustenta la solicitud se encuentra en revisi\u00f3n por el propio Ministerio debido a \u201clas dificultades detectadas en su implementaci\u00f3n\u201d.\n    <\/p>\n<p class=\"article-text\">\n        En la misiva, a la que ha podido acceder elDiario.es, V\u00e1zquez se\u00f1alaba la ausencia del sistema inform\u00e1tico. El consejero ha subrayado que el c\u00e1lculo de los indicadores est\u00e1 supeditado a que el Ministerio desarrolle un Sistema de Informaci\u00f3n de Cribado de C\u00e1ncer (SICC) para que las comunidades puedan cargar los datos. Sin embargo, este sistema \u201ctodav\u00eda no existe\u201d, un hecho que ha sido \u201cconstatado y reconocido por el propio Ministerio\u201d.\n    <\/p>\n<p class=\"article-text\">\n        Por esta raz\u00f3n, V\u00e1zquez ha calificado de \u201csorprendente\u201d la petici\u00f3n del Ministerio de enviar datos \u201cde 5 a\u00f1os atr\u00e1s, cuando ni siquiera se hab\u00edan definido los indicadores contenidos en el documento\u201d.\n    <\/p>\n<p>    <a href=\"https:\/\/www.eldiario.es\/politica\/feijoo-respalda-bloqueo-pp-compartir-gobierno-datos-cribado-cancer-mezclar-sanidad-politica-partidista-irresponsable_1_12708588.html\" data-mrf-recirculation=\"saber-mas-abajo\" data-dl-event=\"saber-mas-abajo\" rel=\"nofollow noopener\" target=\"_blank\"><\/p>\n<p class=\"know-more__title\">Feij\u00f3o respalda el bloqueo del PP a compartir con el Gobierno los datos de cribado de c\u00e1ncer: \u201cMezclar la sanidad con la pol\u00edtica partidista es irresponsable\u201d\n<\/p>\n<p>            <img decoding=\"async\" class=\"lazy\" loading=\"lazy\" data-src=\"https:\/\/static.eldiario.es\/clip\/5ea420ea-d346-4fc3-a647-f95e5b268f60_16-9-aspect-ratio_default_0.jpg\" src=\"data:image\/svg+xml,%3Csvg xmlns=\" http:=\"\" viewbox=\"0 0 880 495\" alt=\"Feij\u00f3o respalda el bloqueo del PP a compartir con el Gobierno los datos de cribado de c\u00e1ncer: &quot;Mezclar la sanidad con la pol\u00edtica partidista es irresponsable&quot;\"\/><\/p>\n<p>                        <\/a><\/p>\n<p class=\"article-text\">\n        El consejero ha afirmado que Castilla y Le\u00f3n seguir\u00e1 respondiendo puntualmente a las solicitudes de informaci\u00f3n del Ministerio, ya que sus datos son \u201cp\u00fablicos y est\u00e1n disponibles en la web desde hace a\u00f1os\u201d, como ha defendido. V\u00e1zquez Ha instado a Garc\u00eda a \u201crespetar la verdad, evitando cualquier tipo de manipulaci\u00f3n que pueda generar alarma en la poblaci\u00f3n\u201d y mantener el \u201cdebido respeto institucional entre administraciones\u201d.\n    <\/p>\n","protected":false},"excerpt":{"rendered":"El portavoz de la Junta de Castilla y Le\u00f3n, Carlos Fern\u00e1ndez Carriedo (PP), ha asegurado este jueves en&hellip;\n","protected":false},"author":2,"featured_media":196580,"comment_status":"","ping_status":"","sticky":false,"template":"","format":"standard","meta":{"footnotes":""},"categories":[8],"tags":[17,18,1066,4107,25995,54535,25,24,54536,13,14,9860,582,11,1667,19,20,4108,9,10,15,16,688,23,12,21,22],"class_list":{"0":"post-196579","1":"post","2":"type-post","3":"status-publish","4":"format-standard","5":"has-post-thumbnail","7":"category-espana","8":"tag-breaking-news","9":"tag-breakingnews","10":"tag-cancer","11":"tag-castilla","12":"tag-cribados","13":"tag-desobedece","14":"tag-es","15":"tag-espana","16":"tag-facilitara","17":"tag-featured-news","18":"tag-featurednews","19":"tag-feijoo","20":"tag-gobierno","21":"tag-headlines","22":"tag-informacion","23":"tag-latest-news","24":"tag-latestnews","25":"tag-leon","26":"tag-news","27":"tag-noticias","28":"tag-noticias-destacadas","29":"tag-noticiasdestacadas","30":"tag-si","31":"tag-spain","32":"tag-titulares","33":"tag-ultimas-noticias","34":"tag-ultimasnoticias"},"share_on_mastodon":{"url":"https:\/\/pubeurope.com\/@es\/115424841537951989","error":""},"_links":{"self":[{"href":"https:\/\/www.europesays.com\/es\/wp-json\/wp\/v2\/posts\/196579","targetHints":{"allow":["GET"]}}],"collection":[{"href":"https:\/\/www.europesays.com\/es\/wp-json\/wp\/v2\/posts"}],"about":[{"href":"https:\/\/www.europesays.com\/es\/wp-json\/wp\/v2\/types\/post"}],"author":[{"embeddable":true,"href":"https:\/\/www.europesays.com\/es\/wp-json\/wp\/v2\/users\/2"}],"replies":[{"embeddable":true,"href":"https:\/\/www.europesays.com\/es\/wp-json\/wp\/v2\/comments?post=196579"}],"version-history":[{"count":0,"href":"https:\/\/www.europesays.com\/es\/wp-json\/wp\/v2\/posts\/196579\/revisions"}],"wp:featuredmedia":[{"embeddable":true,"href":"https:\/\/www.europesays.com\/es\/wp-json\/wp\/v2\/media\/196580"}],"wp:attachment":[{"href":"https:\/\/www.europesays.com\/es\/wp-json\/wp\/v2\/media?parent=196579"}],"wp:term":[{"taxonomy":"category","embeddable":true,"href":"https:\/\/www.europesays.com\/es\/wp-json\/wp\/v2\/categories?post=196579"},{"taxonomy":"post_tag","embeddable":true,"href":"https:\/\/www.europesays.com\/es\/wp-json\/wp\/v2\/tags?post=196579"}],"curies":[{"name":"wp","href":"https:\/\/api.w.org\/{rel}","templated":true}]}}