{"id":196583,"date":"2025-10-23T18:15:09","date_gmt":"2025-10-23T18:15:09","guid":{"rendered":"https:\/\/www.europesays.com\/es\/196583\/"},"modified":"2025-10-23T18:15:09","modified_gmt":"2025-10-23T18:15:09","slug":"estar-en-lo-mas-alto-de-la-clasificacion-es-un-buen-aliciente-para-trabajar-con-mas-ganas","status":"publish","type":"post","link":"https:\/\/www.europesays.com\/es\/196583\/","title":{"rendered":"Estar en lo m\u00e1s alto de la clasificaci\u00f3n es un buen aliciente para trabajar con m\u00e1s ganas"},"content":{"rendered":"<p class=\"paragraph-atom &#10;        A-500-300-700-N A-550-300-700-N--md  \"><strong>Entrenamiento. <\/strong>Empezamos la semana con buenas sensaciones. Estar en lo m\u00e1s alto de la clasificaci\u00f3n es un buen aliciente para trabajar con m\u00e1s ganas. Es m\u00e1s dif\u00edcil despu\u00e9s de una derrota, aunque tienes m\u00e1s rabia, pero s\u00ed que cuando te ves arriba y despu\u00e9s de buenos resultados, pues entrenar es un poquito m\u00e1s alegre, est\u00e1 mejor, es m\u00e1s f\u00e1cil.<\/p>\n<p class=\"paragraph-atom &#10;        A-500-300-700-N A-550-300-700-N--md  \">Vamos ajustando y clarificando las dudas. Al principio fue un trabajo muy f\u00edsico, muy general, de circulaci\u00f3n de bal\u00f3n en ataque, en defensa se mueven un poquito las patas. Ahora ya vamos clarificando qu\u00e9 es lo que queremos en determinados puntos, y creo que lo que vamos haciendo sobre todo es trabajar los ajustes.<\/p>\n<p class=\"paragraph-atom &#10;        A-500-300-700-N A-550-300-700-N--md  \">El martes hemos trabajado a nivel defensivo y el mi\u00e9rcoles la circulaci\u00f3n del bal\u00f3n, el ajuste de la permuta. Creo que han sido tres buenos entrenamientos por el matinal del mi\u00e9rcoles y las sensaciones son bastante buenas. <\/p>\n<p class=\"paragraph-atom &#10;        A-500-300-700-N A-550-300-700-N--md  \"><strong>Plantilla. <\/strong>Tenemos 17 jugadores de muy buen nivel que cualquier equipo querr\u00eda acudir a ellos. El resto de equipos quiz\u00e1 tienen menos fondo de armario. El hecho de ir madurando a los equipos siempre es una ventaja. <\/p>\n<p class=\"paragraph-atom &#10;        A-500-300-700-N A-550-300-700-N--md  \">Sorprendentemente esta semana no hay ninguna baja. Creo que tengo el primer l\u00edo de la temporada, que me va a costar hacer la convocatoria, no la tengo nada clara. Pero bueno, bendito problema.<\/p>\n<p class=\"paragraph-atom &#10;        A-500-300-700-N A-550-300-700-N--md  \"><strong>Rivales.<\/strong> El que nuestra intensidad, nuestro ritmo de juego, sea muy alto hace que los equipos nos puedan aguantar los primeros envites, pero siempre llegan todos un poquito m\u00e1s justos al final el partido. <\/p>\n<p class=\"paragraph-atom &#10;        A-500-300-700-N A-550-300-700-N--md  \">S\u00ed que es cierto que eso de la velocidad, asociado un poquito a la intensidad, no solo el correr, tambi\u00e9n el que aguanten los choques, los unos contra unos, que no tengan ese momento de descanso y de respiro, es m\u00e1s importante que la velocidad en s\u00ed.<\/p>\n<p class=\"paragraph-atom &#10;        A-500-300-700-N A-550-300-700-N--md  \">Si solo corremos, corremos para arriba, metemos gol y despu\u00e9s nos toca aguantar un ataque de ellos largo&#8230; no es esa la idea. Sobre todo es la intensidad, que tengan que soportar una carga f\u00edsica importante. <\/p>\n","protected":false},"excerpt":{"rendered":"Entrenamiento. Empezamos la semana con buenas sensaciones. Estar en lo m\u00e1s alto de la clasificaci\u00f3n es un buen&hellip;\n","protected":false},"author":2,"featured_media":196584,"comment_status":"","ping_status":"","sticky":false,"template":"","format":"standard","meta":{"footnotes":""},"categories":[278],"tags":[3196,376,5436,4616,168,25,24,27390,375,27391,23,167],"class_list":{"0":"post-196583","1":"post","2":"type-post","3":"status-publish","4":"format-standard","5":"has-post-thumbnail","7":"category-balonmano","8":"tag-alto","9":"tag-balonmano","10":"tag-buen","11":"tag-clasificacion","12":"tag-deportes","13":"tag-es","14":"tag-espana","15":"tag-felix","16":"tag-handball","17":"tag-mojon","18":"tag-spain","19":"tag-sports"},"share_on_mastodon":{"url":"https:\/\/pubeurope.com\/@es\/115424848985259590","error":""},"_links":{"self":[{"href":"https:\/\/www.europesays.com\/es\/wp-json\/wp\/v2\/posts\/196583","targetHints":{"allow":["GET"]}}],"collection":[{"href":"https:\/\/www.europesays.com\/es\/wp-json\/wp\/v2\/posts"}],"about":[{"href":"https:\/\/www.europesays.com\/es\/wp-json\/wp\/v2\/types\/post"}],"author":[{"embeddable":true,"href":"https:\/\/www.europesays.com\/es\/wp-json\/wp\/v2\/users\/2"}],"replies":[{"embeddable":true,"href":"https:\/\/www.europesays.com\/es\/wp-json\/wp\/v2\/comments?post=196583"}],"version-history":[{"count":0,"href":"https:\/\/www.europesays.com\/es\/wp-json\/wp\/v2\/posts\/196583\/revisions"}],"wp:featuredmedia":[{"embeddable":true,"href":"https:\/\/www.europesays.com\/es\/wp-json\/wp\/v2\/media\/196584"}],"wp:attachment":[{"href":"https:\/\/www.europesays.com\/es\/wp-json\/wp\/v2\/media?parent=196583"}],"wp:term":[{"taxonomy":"category","embeddable":true,"href":"https:\/\/www.europesays.com\/es\/wp-json\/wp\/v2\/categories?post=196583"},{"taxonomy":"post_tag","embeddable":true,"href":"https:\/\/www.europesays.com\/es\/wp-json\/wp\/v2\/tags?post=196583"}],"curies":[{"name":"wp","href":"https:\/\/api.w.org\/{rel}","templated":true}]}}