{"id":196599,"date":"2025-10-23T18:26:22","date_gmt":"2025-10-23T18:26:22","guid":{"rendered":"https:\/\/www.europesays.com\/es\/196599\/"},"modified":"2025-10-23T18:26:22","modified_gmt":"2025-10-23T18:26:22","slug":"esta-en-cualquier-listado-de-las-100-mejores-novelas-norteamericanas-del-siglo-xx","status":"publish","type":"post","link":"https:\/\/www.europesays.com\/es\/196599\/","title":{"rendered":"Est\u00e1 en cualquier listado de las 100 mejores novelas norteamericanas del siglo XX"},"content":{"rendered":"<p data-journey-content=\"true\" data-node-id=\"3\" class=\"css-6wxqfj emevuu60\">Santiago Posteguillo (Valencia, 1967), <strong data-node-id=\"3.1\">escritor de novela hist\u00f3rica y experto en asedios<\/strong>, ha citado una brillante obra cuando <a href=\"https:\/\/www.youtube.com\/watch?v=uBtVcaL6lCs\" target=\"_blank\" rel=\"nofollow noopener\" data-vars-ga-outbound-link=\"https:\/\/www.youtube.com\/watch?v=uBtVcaL6lCs\" data-vars-ga-ux-element=\"Hyperlink\" data-vars-ga-call-to-action=\"desde La Sexta le han preguntado por un libro que ha marcado su vida\" data-node-id=\"3.3\" class=\"body-link css-1kzkd1m emevuu60\">desde La Sexta le han preguntado por un libro que ha marcado su vida<\/a>. Lo f\u00e1cil ser\u00eda recurrir al t\u00f3pico. \u00c9l elige <strong data-node-id=\"3.5\">un cl\u00e1sico mayor<\/strong> que ha sobrevivido a todas las modas. <\/p>\n<p data-journey-content=\"true\" data-node-id=\"6\" class=\"css-6wxqfj emevuu60\">Es curioso y sincero c\u00f3mo lo defiende: \u00ab<strong data-node-id=\"6.1\">Est\u00e1 en cualquier listado de las 100 mejores novelas norteamericanas del siglo XX<\/strong>\u00ab. La novela de Carson McCullers ocupa un lugar privilegiado desde 1940, cuando apareci\u00f3 en el panorama literario <strong data-node-id=\"6.3\">escrito por una joven de 23 a\u00f1os<\/strong>. Su alcance fue inmediato. La cr\u00edtica la bendijo y los lectores encontraron en su narrativa el retrato de una Am\u00e9rica distinta, del sur profundo, de la pobreza, la soledad y el silencio de los peque\u00f1os pueblos. <\/p>\n<p>Seix Barral &#8216;El coraz\u00f3n es un cazador solitario&#8217;, de Carson McCullers<\/p>\n<p><a target=\"_blank\" rel=\"nofollow noopener\" data-theme-key=\"product-image-wrapper\" href=\"https:\/\/www.amazon.es\/dp\/8432232556?tag=esquirespain-21\" aria-label=\"18\u00a0\u20ac en Amazon for &#039;El coraz\u00f3n es un cazador solitario&#039;, de Carson McCullers\" data-href=\"https:\/\/www.amazon.es\/dp\/8432232556\" data-product-url=\"https:\/\/www.amazon.es\/dp\/8432232556\" data-affiliate=\"true\" data-affiliate-url=\"https:\/\/www.amazon.es\/dp\/8432232556?tag=esquirespain-21\" data-affiliate-network=\"{&quot;afflink_redirect&quot;:&quot;\/_p\/afflink\/yR9G\/amazon-el-corazon-un-cazador&quot;,&quot;site_id&quot;:&quot;92d07c0b-730d-4727-bddc-68f85354bda9&quot;,&quot;network&quot;:{&quot;name&quot;:&quot;Amazon&quot;},&quot;metadata&quot;:{&quot;links&quot;:{&quot;default&quot;:&quot;https:\/\/www.amazon.es\/dp\/8432232556?tag=esquirespain-21&quot;}}}\" data-vars-ga-call-to-action=\"18\u00a0\u20ac en Amazon\" data-vars-ga-media-role=\"\" data-vars-ga-media-type=\"Single Product Embed\" data-vars-ga-outbound-link=\"https:\/\/www.amazon.es\/dp\/8432232556\" data-vars-ga-product-brand=\"Seix Barral\" data-vars-ga-product-id=\"e0952974-6ac5-49a6-96cd-80278844631c\" data-vars-ga-product-price=\"18,05\u00a0\u20ac\" data-vars-ga-product-retailer-id=\"84904e5f-3462-4a43-ab5a-cb2a3e51ab0a\" data-vars-ga-product-sem3-brand=\"Seix Barral\" data-vars-ga-product-sem3-category=\"Ficci\u00f3n contempor\u00e1nea\" data-vars-ga-link-treatment=\"(not set) | (not set)\" data-vars-ga-sku=\"8432232556\" data-vars-ga-magento-tracking=\"1\" class=\"product-image-link ebgq4gw2 e1b8bpvs0 css-g6od0w e1c1bym14\"><img  alt=\"'El coraz\u00f3n es un cazador solitario', de Carson McCullers\" title=\"'El coraz\u00f3n es un cazador solitario', de Carson McCullers\" src=\"https:\/\/www.europesays.com\/es\/wp-content\/uploads\/2025\/10\/1739188536-91-koHG86BL.jpg\" width=\"1495\" height=\"2560\" decoding=\"async\" loading=\"lazy\"\/><\/a>Features at a Glance<\/p>\n<tr data-theme-key=\"embedded-product-key-specs-line\" class=\"css-0 elexcwx2\">Editorial<\/p>\n<td data-theme-key=\"embedded-product-key-specs-value-item\" class=\"css-1flax12 elexcwx1\">Seix Barral<\/td>\n<\/tr>\n<tr data-theme-key=\"embedded-product-key-specs-line\" class=\"css-0 elexcwx2\">N\u00famero de p\u00e1ginas<\/p>\n<td data-theme-key=\"embedded-product-key-specs-value-item\" class=\"css-1flax12 elexcwx1\">392<\/td>\n<\/tr>\n<tr data-theme-key=\"embedded-product-key-specs-line\" class=\"css-0 elexcwx2\">A\u00f1o de edici\u00f3n<\/p>\n<td data-theme-key=\"embedded-product-key-specs-value-item\" class=\"css-1flax12 elexcwx1\">2017<\/td>\n<\/tr>\n<p data-journey-content=\"true\" data-node-id=\"9\" class=\"css-6wxqfj emevuu60\"><strong data-node-id=\"9.0\">&#8216;El coraz\u00f3n es un cazador solitario&#8217;, de Carson McCullers<\/strong>, hace f\u00e1cil pensar en la realidad de otro modo. La autora pone en marcha una galer\u00eda de personajes con una humanidad devastadora: Singer, el hombre sordo que act\u00faa como punto de apoyo de todos; Mick, la ni\u00f1a que sue\u00f1a con estudiar m\u00fasica pero choca una y otra vez contra las limitaciones de su mundo; Biff, el cafetero solitario que observa todo sin participar. <strong data-node-id=\"9.2\">Son seres heridos y en busca de sentido<\/strong>. Cada uno busca una voz, una compa\u00f1\u00eda y aprende con ello a vivir con su herida. <br data-node-id=\"9.4\"\/><\/p>\n<p data-journey-content=\"true\" data-node-id=\"13\" class=\"css-6wxqfj emevuu60\">McCullers, en su debut literario, enciende la empat\u00eda y<strong data-node-id=\"13.1\"> narra la fragilidad humana<\/strong> con un pulso experto que nunca cae en lo melodram\u00e1tico. Todo es silencioso y sugerido. Quienes se acercan a la novela por primera vez suelen comentar que les cuesta soltarla porque parece filtrarse en los pensamientos. \u00ab<strong data-node-id=\"13.3\">A m\u00ed me impresion\u00f3<\/strong>\u00ab, ha declarado tambi\u00e9n Posteguillo en la misma entrevista con La Sexta.<\/p>\n<p><img draggable=\"true\" alt=\"carson mccullers, 1962\" title=\"Carson McCullers, 1962\" loading=\"lazy\" width=\"4950\" height=\"4815\" decoding=\"async\" data-nimg=\"1\" style=\"color:transparent;width:100%;height:auto;\"   src=\"https:\/\/www.europesays.com\/es\/wp-content\/uploads\/2025\/10\/author-carson-mccullers-september-28th-1962-news-photo-1761215799.pjpeg\" class=\"css-0 e1g79fud0\"\/>KAYE\/\/Getty Images<\/p>\n<p>La escritora Carson McCullers en 1962.<\/p>\n<p data-journey-content=\"true\" data-node-id=\"16\" class=\"css-6wxqfj emevuu60\"><strong data-node-id=\"16.0\">El pr\u00f3logo de la edici\u00f3n espa\u00f1ola, firmado por <a href=\"https:\/\/www.esquire.com\/es\/actualidad\/libros\/a65622866\/elvira-lindo-recomendacion-libro-novela-almodovar\/\" target=\"_blank\" data-vars-ga-outbound-link=\"https:\/\/www.esquire.com\/es\/actualidad\/libros\/a65622866\/elvira-lindo-recomendacion-libro-novela-almodovar\/\" data-vars-ga-ux-element=\"Hyperlink\" data-vars-ga-call-to-action=\"Elvira Lindo\" data-node-id=\"16.0.1\" class=\"body-link css-1kzkd1m emevuu60\" rel=\"nofollow noopener\">Elvira Lindo<\/a><\/strong>, sit\u00faa al libro en su contexto y remarca por qu\u00e9 emociona d\u00e9cadas despu\u00e9s. Ya &#8216;El coraz\u00f3n es un cazador solitario&#8217; es un t\u00edtulo bonito. Toda su estructura gravita sobre la pregunta fundamental de c\u00f3mo encontrar el coraz\u00f3n com\u00fan de la soledad de cada individuo. Un planteamiento a\u00fan vigente en tiempos de distancia y postconfinamiento. <\/p>\n<p data-journey-content=\"true\" data-node-id=\"18\" class=\"css-6wxqfj emevuu60\">La mejor forma de resumir el legado de este libro es volver a las palabras del propio Posteguillo: lo eligi\u00f3 porque le impresion\u00f3 de verdad. Es una novela que se mueve como una sombra sutil entre las listas de las favoritas. Una oportunidad para regalarse (o regalar) un viaje interior al <strong data-node-id=\"18.1\">coraz\u00f3n de la literatura norteamericana<\/strong>. Ya nos dar\u00e1s las gracias. <\/p>\n","protected":false},"excerpt":{"rendered":"Santiago Posteguillo (Valencia, 1967), escritor de novela hist\u00f3rica y experto en asedios, ha citado una brillante obra cuando&hellip;\n","protected":false},"author":2,"featured_media":196600,"comment_status":"","ping_status":"","sticky":false,"template":"","format":"standard","meta":{"footnotes":""},"categories":[172],"tags":[1655,224,253,146,147,25,24,225,23],"class_list":{"0":"post-196599","1":"post","2":"type-post","3":"status-publish","4":"format-standard","5":"has-post-thumbnail","7":"category-libros","8":"tag-afiliacion","9":"tag-books","10":"tag-discover","11":"tag-entertainment","12":"tag-entretenimiento","13":"tag-es","14":"tag-espana","15":"tag-libros","16":"tag-spain"},"share_on_mastodon":{"url":"https:\/\/pubeurope.com\/@es\/115424892425591645","error":""},"_links":{"self":[{"href":"https:\/\/www.europesays.com\/es\/wp-json\/wp\/v2\/posts\/196599","targetHints":{"allow":["GET"]}}],"collection":[{"href":"https:\/\/www.europesays.com\/es\/wp-json\/wp\/v2\/posts"}],"about":[{"href":"https:\/\/www.europesays.com\/es\/wp-json\/wp\/v2\/types\/post"}],"author":[{"embeddable":true,"href":"https:\/\/www.europesays.com\/es\/wp-json\/wp\/v2\/users\/2"}],"replies":[{"embeddable":true,"href":"https:\/\/www.europesays.com\/es\/wp-json\/wp\/v2\/comments?post=196599"}],"version-history":[{"count":0,"href":"https:\/\/www.europesays.com\/es\/wp-json\/wp\/v2\/posts\/196599\/revisions"}],"wp:featuredmedia":[{"embeddable":true,"href":"https:\/\/www.europesays.com\/es\/wp-json\/wp\/v2\/media\/196600"}],"wp:attachment":[{"href":"https:\/\/www.europesays.com\/es\/wp-json\/wp\/v2\/media?parent=196599"}],"wp:term":[{"taxonomy":"category","embeddable":true,"href":"https:\/\/www.europesays.com\/es\/wp-json\/wp\/v2\/categories?post=196599"},{"taxonomy":"post_tag","embeddable":true,"href":"https:\/\/www.europesays.com\/es\/wp-json\/wp\/v2\/tags?post=196599"}],"curies":[{"name":"wp","href":"https:\/\/api.w.org\/{rel}","templated":true}]}}