{"id":196623,"date":"2025-10-23T18:40:21","date_gmt":"2025-10-23T18:40:21","guid":{"rendered":"https:\/\/www.europesays.com\/es\/196623\/"},"modified":"2025-10-23T18:40:21","modified_gmt":"2025-10-23T18:40:21","slug":"clasico-del-sur-en-la-casa-del-handball","status":"publish","type":"post","link":"https:\/\/www.europesays.com\/es\/196623\/","title":{"rendered":"CL\u00c1SICO DEL SUR EN LA CASA DEL HANDBALL"},"content":{"rendered":"<p>Este viernes 24 de mayo a las 20:00 horas, el Club Atl\u00e9tico Lan\u00fas se enfrentar\u00e1 a Banfield en una nueva edici\u00f3n del Cl\u00e1sico del Sur, correspondiente a la Fecha 12 de la Segunda Divisi\u00f3n de Damas. El encuentro se disputar\u00e1 en La Casa del Handball.<\/p>\n<p>Este partido tiene un sabor a revancha para el equipo Granate, ya que en la primera ronda el resultado fue adverso.<\/p>\n<p><strong>Contexto del Torneo:<\/strong><br \/>El partido es crucial para la tabla de posiciones:<\/p>\n<ul class=\"wp-block-list\">\n<li>Lan\u00fas se encuentra en el tercer puesto con 27 puntos.<\/li>\n<li>Banfield est\u00e1 en el quinto lugar con 25 puntos.<\/li>\n<\/ul>\n<p>El equipo de Lan\u00fas, dirigido por el director t\u00e9cnico Walter Maximiliano Morel, cuenta con el siguiente plantel para afrontar el desaf\u00edo:<\/p>\n<ul class=\"wp-block-list\">\n<li>Alonso, Candelaria<\/li>\n<li>Martino, Lourdes<\/li>\n<li>Trejo, Camila Belen<\/li>\n<li>Rodriguez, Sofia<\/li>\n<li>Lukaszewicz, Calmin<\/li>\n<li>Da Silva, Camila Rocio<\/li>\n<li>Giadanes Cardozo, Emilia<\/li>\n<li>Pastran, Maia Nicole<\/li>\n<li>Juarez, Candela Belen<\/li>\n<li>Perrota, Melina Andrea<\/li>\n<li>Doviak, Milagros<\/li>\n<li>Lucero, Candela Rocio<\/li>\n<li>Diaz, Maria Belen<\/li>\n<li>Teich, Tatiana<\/li>\n<\/ul>\n<p>\u00a1Le deseamos el mayor de los \u00e9xitos a nuestras jugadoras granates!<\/p>\n","protected":false},"excerpt":{"rendered":"Este viernes 24 de mayo a las 20:00 horas, el Club Atl\u00e9tico Lan\u00fas se enfrentar\u00e1 a Banfield en&hellip;\n","protected":false},"author":2,"featured_media":196624,"comment_status":"","ping_status":"","sticky":false,"template":"","format":"standard","meta":{"footnotes":""},"categories":[278],"tags":[376,168,25,24,375,377,23,167],"class_list":{"0":"post-196623","1":"post","2":"type-post","3":"status-publish","4":"format-standard","5":"has-post-thumbnail","7":"category-balonmano","8":"tag-balonmano","9":"tag-deportes","10":"tag-es","11":"tag-espana","12":"tag-handball","13":"tag-lanus","14":"tag-spain","15":"tag-sports"},"share_on_mastodon":{"url":"https:\/\/pubeurope.com\/@es\/115424947466547362","error":""},"_links":{"self":[{"href":"https:\/\/www.europesays.com\/es\/wp-json\/wp\/v2\/posts\/196623","targetHints":{"allow":["GET"]}}],"collection":[{"href":"https:\/\/www.europesays.com\/es\/wp-json\/wp\/v2\/posts"}],"about":[{"href":"https:\/\/www.europesays.com\/es\/wp-json\/wp\/v2\/types\/post"}],"author":[{"embeddable":true,"href":"https:\/\/www.europesays.com\/es\/wp-json\/wp\/v2\/users\/2"}],"replies":[{"embeddable":true,"href":"https:\/\/www.europesays.com\/es\/wp-json\/wp\/v2\/comments?post=196623"}],"version-history":[{"count":0,"href":"https:\/\/www.europesays.com\/es\/wp-json\/wp\/v2\/posts\/196623\/revisions"}],"wp:featuredmedia":[{"embeddable":true,"href":"https:\/\/www.europesays.com\/es\/wp-json\/wp\/v2\/media\/196624"}],"wp:attachment":[{"href":"https:\/\/www.europesays.com\/es\/wp-json\/wp\/v2\/media?parent=196623"}],"wp:term":[{"taxonomy":"category","embeddable":true,"href":"https:\/\/www.europesays.com\/es\/wp-json\/wp\/v2\/categories?post=196623"},{"taxonomy":"post_tag","embeddable":true,"href":"https:\/\/www.europesays.com\/es\/wp-json\/wp\/v2\/tags?post=196623"}],"curies":[{"name":"wp","href":"https:\/\/api.w.org\/{rel}","templated":true}]}}