{"id":196625,"date":"2025-10-23T18:41:21","date_gmt":"2025-10-23T18:41:21","guid":{"rendered":"https:\/\/www.europesays.com\/es\/196625\/"},"modified":"2025-10-23T18:41:21","modified_gmt":"2025-10-23T18:41:21","slug":"los-toros-de-adolfo-martin-esencia-saltillo","status":"publish","type":"post","link":"https:\/\/www.europesays.com\/es\/196625\/","title":{"rendered":"Los toros de Adolfo Mart\u00edn: esencia saltillo"},"content":{"rendered":"<p>-\u00bfQu\u00e9 es la bravura para ti?<\/p>\n<p><strong>-La lucha y la entrega hasta la muerte. En mi casa un toro que se raja la ha liado. No lo admito. Cu\u00e1ntas vacas que han sido extraordinarias en los tentaderos he mandado al matadero, muchas, pero muchas. Te dices, qu\u00e9 brava, qu\u00e9 brava, lo est\u00e1 siendo en todos los tercios y de pronto mira a las tablas y se raja. Pues la tienes que matar porque luego salen los hijos y hacen lo mismo. Eso, o lo eliminas o acaba saliendo en la descendencia. Y pasa lo mismo con los toros que escarban. O los eliminas de ra\u00edz o salen, aunque un toro puede escarbar e ir para adelante y en ese caso lo admito, puede escarbar por los nervios, pero no puede escarbar e ir para atr\u00e1s.<\/strong><\/p>\n<p>-En cierta ocasi\u00f3n me comentaste que la bravura es la acometividad y el ataque, mientras que la casta es la salsa, la chispa de la bravura.<\/p>\n<p><strong>-Lo mantengo, que un toro tenga m\u00e1s chispa que otro lo da la casta. Lo encastado interesa m\u00e1s, te da m\u00e1s emoci\u00f3n. Es muy complicado, a lo mejor la gente no est\u00e1 de acuerdo conmigo, pero es mi opini\u00f3n, si el toro es muy bueno pero le falta casta, le falta mucho. El ingrediente final y definitivo es la casta.<\/strong><\/p>\n<p>As\u00ed arranca una master class sobre bravura de Adolfo Mart\u00edn, ganadero vocacional. Un se\u00f1or en el mejor de los sentidos. Hombre de campo con sitio en la ciudad, dir\u00eda. Sobrio, ajeno a las alharacas, comedido y locuaz a la vez. Rezuma pasi\u00f3n por el toreo, inclinaci\u00f3n que le acompa\u00f1a desde siempre. En la escala de sus devociones incluyan al toro por delante de todo y todo seguido al buen torero. Otra cosa ser\u00eda traici\u00f3n. Lo lleva en los genes, cuesti\u00f3n de reata en t\u00e9rminos camperos. Y en un mundo que se pirra por el marquismo y la simplificaci\u00f3n ha defendido lo suyo con car\u00e1cter y convicci\u00f3n, incluso dentro de la propia familia, iguales pero distintos, con su toque. Eso son sus saltillos en la actualidad, los adolfos, y se les reconoce. Sus valoraciones sobre la cuesti\u00f3n y sus vivencias tienen peso, as\u00ed que se le escucha con respeto. Se lo ha ganado.<\/p>\n<blockquote>\n<p>\u00abSi el toro es muy bueno pero le falta casta, le falta mucho. El ingrediente final y definitivo es la casta\u00bb<\/p>\n<\/blockquote>\n<p>Arranc\u00f3 la temporada en Madrid con una corrida tremendamente seria &#8211; <strong>\u00abquiz\u00e1 la m\u00e1s seria que yo he lidiado en Madrid y lo m\u00e1s importante de ello, la corrida interes\u00f3\u00bb<\/strong>, matiza el ganadero- y termin\u00f3 con dos toros de bandera en Requena, dos de tres sin que el tercero fuese malo. Madro\u00f1ito, la l\u00ednea que no falla, y Bonito, un lujazo para el que se pidi\u00f3 el indulto con insistencia, dos modelos de bravura bajo un mismo patr\u00f3n y raci\u00f3n de salsa (casta) distinta. Digamos que en la variedad est\u00e1 la excelencia. De ese c\u00famulo de virtudes que le pregunten a \u00c1lvaro Lorenzo, que los disfrut\u00f3 y los aprovech\u00f3.\u00a0 Y si hubiese que hacer balance general, el ganadero califica la temporada de corta en plazas, con toros buenos de los de presumir y muy importante en lo que se refiere a los festejos populares, a los que considera el gran asidero de la ganader\u00eda brava actualmente\u2026<\/p>\n<p><strong>-Los festejos populares tienen una importancia definitiva para muchos ganaderos. Tienen una fuerza tremenda y est\u00e1n yendo a m\u00e1s. Se van extendiendo por todo el centro, ya no es solo cosa de la zona levantina. Los organizadores tienen mucha ilusi\u00f3n, cuenta con gente joven, chicos y chicas, y eso le dota de mucha vida, de mucho futuro.<\/strong><\/p>\n<p>-\u00bfY no te da pena esa preminencia creciente de los populares sobre los festejos formales?<\/p>\n<p><strong>-No. La ganader\u00eda como otra actividad debe ser rentable y si no&#8230; En muchos pueblos han reducido tanto los presupuestos que las corridas son inviables y ante ese fen\u00f3meno los populares se convierten en la salvaci\u00f3n, as\u00ed que c\u00f3mo me va a dar pena. Adem\u00e1s, son la ra\u00edz de la Fiesta y actualmente sus gentes muestran una ilusi\u00f3n que en las corridas formales no existe.<\/strong><\/p>\n<p><a href=\"https:\/\/www.europesays.com\/es\/wp-content\/uploads\/2025\/10\/1761244875_758_5-2.jpg\"><img fetchpriority=\"high\" decoding=\"async\" aria-describedby=\"caption-attachment-555088\" class=\"wp-image-555088 size-full lazy\" src=\"https:\/\/www.europesays.com\/es\/wp-content\/uploads\/2025\/10\/1761244875_758_5-2.jpg\" alt=\"\" width=\"1280\" height=\"853\"  data-\/><\/a><\/p>\n<p id=\"caption-attachment-555088\" class=\"wp-caption-text\">Foto: GCB Comunicaci\u00f3n Digital<\/p>\n<p>-Te comprometo. Si tenemos seis toros de categor\u00eda, seis toros de nota\u2026 no los echamos a los festejos populares \u00bfo s\u00ed?&#8230;<\/p>\n<p><strong>-Por qu\u00e9 no\u2026 Si esta gente que paga bien quiere un toro que sea bravo, que vaya y que venga, que humille, por qu\u00e9 no se lo voy a vender. Hay que ser realista. Yo los echo con mucha ilusi\u00f3n. Son un apoyo fundamental.<\/strong><\/p>\n<p>Adolfo es evidente que concede un m\u00e9rito especial a los festejos populares. Contin\u00faa.<\/p>\n<p><strong>-Con los toros han acabado pr\u00e1cticamente en M\u00e9jico y en Colombia y en Espa\u00f1a lo intentan, esa es la realidad. Afortunadamente en ese ambiente el festejo popular ha dado fuerza a la tauromaquia. Hay capitales de provincia que han pasado varios a\u00f1os sin dar toros y no ha pasado nada, pero a ver qui\u00e9n se atreve a quitar los populares en la Comunidad Valenciana o los encierros en Castilla y Le\u00f3n. Ah\u00ed, si alguien se atreviese, habr\u00eda sus problemas. La realidad hace que nos tengamos que apoyar entre nosotros. Las dos versiones de la tauromaquia somos primos hermanos por no decir hermanos y los populares son un escape para que muchos ganaderos puedan seguir. Es lo que veo.<\/strong><\/p>\n<blockquote>\n<p>\u00abSi la gente de los populares paga bien y quiere un toro que sea bravo, que vaya y que venga, que humille por qu\u00e9 no se lo voy a vender. Ellos son un apoyo fundamental\u00bb<\/p>\n<\/blockquote>\n<p>Y en esa realidad, Adolfo valora especialmente la presencia de j\u00f3venes tanto en los populares como en las plazas, al punto que se emociona sacando a relucir la avalancha de la chavaler\u00eda, chicos y chicas, en las plazas las tardes de Morante y de Roca\u2026<\/p>\n<p><strong>-Ellos son el futuro y eso es lo que nos han querido quitar los antitaurinos. Quer\u00edan provocar el desenganche y no lo han conseguido. Es una reacci\u00f3n de la gente joven como yo no hab\u00eda conocido.<\/strong><\/p>\n<p><strong>BANDERA DE BRAVURA<\/strong><\/p>\n<p>Se puede decir que en Requena ha plantado bandera de bravura y clase. Esa es parte de la grandeza del toreo, que un d\u00eda sin m\u00e1s, incluso lejos de los grandes escenarios, se enciende la hoguera de la bravura, se desbordan las emociones y ya no caben discusiones sobre la grandeza de la tauromaquia. \u00bfLos dos toros de Requena son los dos mejores que has soltado este a\u00f1o?, le pregunto.<\/p>\n<p><strong>-No. Aunque los de Requena fueron muy buenos, no han sido los mejores. Los vi por la tele porque ese d\u00eda estaba embarcando una corrida y sent\u00ed la satisfacci\u00f3n desde la lejan\u00eda y s\u00ed fueron muy buenos, pero no los mejores.<\/strong><\/p>\n<p>-Elige.<\/p>\n<p><strong>-Madro\u00f1ito no era bonito, abr\u00eda mucho la cara y era hijo del toro que me indultaron en Santander. Fue muy bravo, encastado. La madre no vive ya, pero la recuerdo perfectamente, tambi\u00e9n fue muy brava. Y el \u00faltimo, el catorce, era muy serio, tuvo una gran categor\u00eda embistiendo como vio todo el mundo. En un principio no iba a ir a Requena, hubiese sido un buen toro para el a\u00f1o que viene en una plaza de primera, pero surgi\u00f3 un problema con el que hab\u00eda elegido y embarqu\u00e9 ese.<\/strong><\/p>\n<p><a href=\"https:\/\/www.europesays.com\/es\/wp-content\/uploads\/2025\/10\/1761244876_615_7-1.jpg\"><img loading=\"lazy\" decoding=\"async\" aria-describedby=\"caption-attachment-555089\" class=\"wp-image-555089 size-full lazy\" src=\"https:\/\/www.europesays.com\/es\/wp-content\/uploads\/2025\/10\/1761244876_615_7-1.jpg\" alt=\"\" width=\"1280\" height=\"853\"  data-\/><\/a><\/p>\n<p id=\"caption-attachment-555089\" class=\"wp-caption-text\">Foto: GCB Comunicaci\u00f3n Digital<\/p>\n<p>A esas alturas de la entrevista se suceden los recuerdos y Adolfo ajusta al m\u00e1ximo sus opiniones y los detalles de sus vivencias, de tal manera que cualquier atisbo de falta de memoria que me apuntaba al arrancar a charlar es una entelequia. En ese ambiente me cuenta y me cuenta detalles y reflexiones la mar de interesantes, de los que dar\u00edan de sobra para una velada invernal de chimenea y horario largo.<\/p>\n<p><strong>-De ese segundo toro tengo una an\u00e9cdota bonita. La \u00fanica vez que he pedido el indulto de un animal fue para un novillo de esa misma reata. Se lidi\u00f3 en Majadahonda y lo acab\u00f3 matando G\u00f3mez Escorial. Era muy serio y le vi la condici\u00f3n desde que sali\u00f3 al ruedo, fue un espect\u00e1culo, se medio mat\u00f3 contra un burladero, iba a todo, lo que se dice un dechado de bravura. El concejal me dijo que no lo pod\u00eda indultar, que no era reglamentario, pero me lo hubiese llevado en brazos.<\/strong><\/p>\n<blockquote>\n<p>\u00abLos j\u00f3venes son el futuro y eso es lo que nos han querido quitar los antitaurinos. Quer\u00edan provocar el desenganche y no lo han conseguido\u00bb<\/p>\n<\/blockquote>\n<p>-Me has dicho que los de Requena no han sido los mejores de este a\u00f1o.<\/p>\n<p><strong>-Esos dos han sido muy buenos pero el mejor lo he soltado en Inca. Muy bravo, bravo total. Le toc\u00f3 a un gran profesional como es Antonio Ferrera, quiz\u00e1s el de m\u00e1s recursos y experiencia del momento. El toro ten\u00eda motivos, era de un semental muy bueno y familia de Mulillero, el toro m\u00e1s bravo que he lidiado en Madrid, fue en mayo de 2005\u2026<\/strong><\/p>\n<p>-\u00a1Ea! Otra exhibici\u00f3n de memoria. Sigamos, los ganaderos ten\u00e9is vuestras picard\u00edas. Cuando se dice que un toro o dos son muy buenos se\u00f1al\u00e1is a otro como mejor y de esa manera hay uno m\u00e1s en el debate de los muy buenos<\/p>\n<p><strong>-No s\u00e9 de esas picard\u00edas. Lo que te digo es mi verdad, el de Inca fue mejor, me gust\u00f3 m\u00e1s.<\/strong><\/p>\n<p>Para esta temporada, me cuenta, en los cercados de Los Alijares -en el momento de la entrevista- queda una corrida de toros que ir\u00e1 a Ubrique y dos encierros completos que soltar\u00e1n en sendas poblaciones de mi tierra que Adolfo no ha querido desvelar, <strong>\u00abque lo digan ellos d\u00f3nde\u00bb<\/strong>, me ha dicho en referencia a los compradores.<\/p>\n<p><strong>-Va un encierro muy serio a pesar de que el toro que era m\u00e1s me lo han matado. Este a\u00f1o ha ocurrido algo que no me hab\u00eda pasado nunca, estos d\u00edas de tanto calor se me han matado cuatro toros que llevaban juntos mucho tiempo, toros que val\u00edan para Madrid. Siempre se dec\u00eda que se pegaban m\u00e1s en invierno, cuando se revolv\u00eda el tiempo, pero mira\u2026 ha sido un estacazo. Y con las fundas puestas, parece mentira. Les metieron todo el pit\u00f3n. El de Inca y otro que ha quedado para el a\u00f1o que viene fueron los autores del crimen.<\/strong><\/p>\n<blockquote>\n<p>\u00abLa \u00fanica vez que he pedido un indulto fue para un novillo en Majadahonda y lo acab\u00f3 matando G\u00f3mez Escorial. El concejal me dijo que no era reglamentario, pero me lo hubiese llevado en brazos\u00bb<\/p>\n<\/blockquote>\n<p>-Pena grande.<\/p>\n<p><strong>-Desde luego, pero los ganaderos de siempre estamos acostumbrados a esas cuitas y las aceptamos. No s\u00e9 c\u00f3mo reaccionar\u00eda un ganadero nuevo, pero los de siempre lo tenemos asumido.<\/strong><\/p>\n<p>La charla gira hacia la situaci\u00f3n del campo en este verano tan t\u00f3rridamente accidentado y dice que est\u00e1n con mucho pasto, tambi\u00e9n con agua y con mucha preocupaci\u00f3n con esto del fuego, que lo de este a\u00f1o no se ha conocido.<\/p>\n<p><strong>-Los pastizales est\u00e1n de miedo, mucho de los desastres que se han producido es consecuencia de la masa seca que hay en los bosques. Si es que las cunetas est\u00e1n a la altura de las carreteras. Estamos en septiembre y todav\u00eda tenemos pasto.<\/strong><\/p>\n<p>-Digo que ya tocaba, lo de los a\u00f1os buenos despu\u00e9s de tanta sequ\u00eda, pero no hay dicha completa.<\/p>\n<p><strong>-Hemos llevado lo nuestro, los bosques, la pandemia, la reducci\u00f3n de festejos y hemos aguantado como hemos podido, pero han sido a\u00f1os muy malos. Esto se mantiene porque es mi vocaci\u00f3n, porque no s\u00e9 hacer otra cosa, pero a m\u00ed me queda muy poco. Tengo setenta y ocho a\u00f1os y acabo de superar un c\u00e1ncer del que afortunadamente me he salvado y ya no tengo la ilusi\u00f3n que ten\u00eda a los veinticinco. En esa situaci\u00f3n ya no piensas en ti, piensas en los que vienen, de lo contrario estar\u00eda de vacaciones, pero hay que tirar para adelante.<\/strong><\/p>\n<p><strong>LOS TOREROS<\/strong><\/p>\n<p>-\u00bfC\u00f3mo vas de afici\u00f3n?<\/p>\n<p><strong>-La tengo, pero voy menos a los toros.<\/strong><\/p>\n<p>-\u00bfPor qu\u00e9\u2026 est\u00e1s decepcionado?<\/p>\n<p><strong>-Muchas veces vas a una corrida y te dices este no es el toro de aqu\u00ed. Todos van a bajar el toro y creo que nos equivocamos en eso.<\/strong><\/p>\n<p><a href=\"https:\/\/www.europesays.com\/es\/wp-content\/uploads\/2025\/10\/1761244879_674_9-1.jpg\"><img loading=\"lazy\" decoding=\"async\" aria-describedby=\"caption-attachment-555090\" class=\"wp-image-555090 size-full lazy\" src=\"https:\/\/www.europesays.com\/es\/wp-content\/uploads\/2025\/10\/1761244879_674_9-1.jpg\" alt=\"\" width=\"1280\" height=\"853\"  data-\/><\/a><\/p>\n<p id=\"caption-attachment-555090\" class=\"wp-caption-text\">Foto: GCB Comunicaci\u00f3n Digital<\/p>\n<p>-\u00bfY te gusta c\u00f3mo se torea hoy d\u00eda?<\/p>\n<p><strong>-\u00a1Hombre! Hoy d\u00eda hay un torero que es el m\u00e1s grandioso que he conocido y eso que est\u00e1 en su vejez.<\/strong><\/p>\n<p>-\u00bfEl de la Puebla?<\/p>\n<p><strong>-El de la Puebla, claro. Lo digo desde la distancia, como aficionado, creo que solo he hablado con \u00e9l un d\u00eda que coincidimos en un restaurante de Miajadas. Nos saludamos y no s\u00e9 si me conoci\u00f3, pero lo tengo en esa consideraci\u00f3n. Mi torero era Antonio Bienvenida, un torero de una naturalidad deslumbrante, grandioso; otro que me gust\u00f3 mucho fue Antonio Ord\u00f3\u00f1ez; un superdotado en mi opini\u00f3n fue Paco Camino; un torero de un temple especial El Viti\u2026 todos ellos fueron grandes toreros y no los \u00fanicos, as\u00ed que me perdonen los que no cito porque ser\u00edan muchos. Tampoco ser\u00eda justo olvidar los que matan mis corridas, gente de un m\u00e9rito especial, de Ferrera ya te he dicho y otro tanto cabr\u00eda decir de Escribano, pero lo de este hombre de la Puebla no es normal. Te hablo desde fuera, como aficionado. Lo del Morante de ahora rompe todos los anales por la edad, por c\u00f3mo torea, por c\u00f3mo se queda de quieto, por la gente que lleva a la plaza cuando ya no es novedad\u2026<\/strong><\/p>\n<blockquote>\n<p>\u00abHoy d\u00eda hay un torero que es el m\u00e1s grandioso que he conocido y eso que est\u00e1 en su vejez. El de la Puebla, claro\u00bb<\/p>\n<\/blockquote>\n<p>-Un d\u00eda me dijiste que la media ver\u00f3nica de Anto\u00f1ete y Andr\u00e9s V\u00e1zquez fueron insuperables y no los hemos nombrado.<\/p>\n<p><strong>-Y lo mantengo. Es que la lista de grandes ser\u00eda interminable.<\/strong><\/p>\n<p>-\u00bfCrees como se dice ahora que se torea mejor que nunca y que el toro es el mejor de la historia?<\/p>\n<p><strong>-El toro en las plazas de primera est\u00e1 saliendo muy grande. Y lo que s\u00ed se ha conseguido es un toro m\u00e1s perfecto que nunca para embestir. Antiguamente sal\u00eda cada barrab\u00e1s que\u2026 vamos que acababa con el cuadro, con un car\u00e1cter ind\u00f3mito y encima el caballo que sal\u00eda era una risa. Ante eso hab\u00eda banderilleros de los de poder con el toro, ese es otro cambio. El toro entonces no se romp\u00eda con el caballo, era una ca\u00edda y otra y otra, no le met\u00edan las cuerdas y segu\u00eda tan entero y ante eso hac\u00edan falta lidiadores que pudiesen con ellos, que los fuesen metiendo en vereda. Hoy sucede al contrario, el caballo puede con el toro y lo que quieren los matadores son lidiadores que peguen pocos capotazos. Te estoy hablando como aficionado.<\/strong><\/p>\n<blockquote>\n<p>\u00abYo no hago el toro para nadie. Si luego le cortan las orejas mejor, pero me debe gustar a m\u00ed\u00bb<\/p>\n<\/blockquote>\n<p>-\u00bfEn qu\u00e9 ha cambiado fundamentalmente el toro?<\/p>\n<p><strong>-En que es m\u00e1s bravo, en el sentido que embiste mucho m\u00e1s. Este es m\u00e1s bravo y aquel m\u00e1s fiero, pero si al de antes le pegaran con el caballo de ahora un par de puyazos como les pegan en la actualidad, seguramente se rajar\u00edan. Se ha buscado un toro con mucho fondo para soportar esas faenas tan largas como son las actuales. Si es que est\u00e1n toreando hasta que suenan los avisos. Eso a m\u00ed no me gusta. El torero tiene que matar el toro cuando aquello est\u00e1 en ebullici\u00f3n, cuando se alcanza el punto m\u00e1ximo de intensidad, pero ahora tienen que estar toreando y toreando y toreando y para eso hace falta un toro con mucho fondo.<\/strong><\/p>\n<blockquote>\n<p>\u00abMis toros antes eran ind\u00f3mitos, m\u00e1s fieros, pero sal\u00edan menos toros que se pudiesen torear\u00bb<\/p>\n<\/blockquote>\n<p>-Concretemos.<\/p>\n<p><strong>-Este toro es mejor y m\u00e1s f\u00e1cil de torear que aquel porque es un toro hecho y seleccionado para ese toreo.<\/strong><\/p>\n<p>-\u00bfTus toros han evolucionado tambi\u00e9n en esa direcci\u00f3n?<\/p>\n<p><strong>-Mejores o peores yo busco el toro que humille porque esta ganader\u00eda tiene que humillar y pretendo conservar el temple de saltillo\u2026 algunos dicen que les he quitado casta y a lo mejor les he quitado casta, cuando quieres perfeccionar un toro para que sea menos desigual puede pasar. Aqu\u00ed nunca acabas de lograr lo que quieres, puede que aciertes en la b\u00fasqueda del toro que te gusta, pero en ese intento tambi\u00e9n puedes equivocarte, porque te equivocas muchas veces y en esos casos \u00bfy sabes c\u00f3mo lo arreglas entonces?\u2026 con el matadero, cuando te equivocas, al matadero.<\/strong><\/p>\n<p><a href=\"https:\/\/www.europesays.com\/es\/wp-content\/uploads\/2025\/10\/1761244881_536_3-2.jpg\"><img loading=\"lazy\" decoding=\"async\" aria-describedby=\"caption-attachment-555091\" class=\"wp-image-555091 size-full lazy\" src=\"https:\/\/www.europesays.com\/es\/wp-content\/uploads\/2025\/10\/1761244881_536_3-2.jpg\" alt=\"\" width=\"853\" height=\"1280\"  data-\/><\/a><\/p>\n<p id=\"caption-attachment-555091\" class=\"wp-caption-text\">Foto: GCB Comunicaci\u00f3n Digital<\/p>\n<p>-\u00bfPodemos decir que te gustan m\u00e1s los toros de antes, me refiero a los tuyos?<\/p>\n<p><strong>-Mis toros antes eran ind\u00f3mitos, m\u00e1s fieros para el p\u00fablico, pero sal\u00edan menos toros que se pudiesen torear. Que nadie piense que yo he buscado la toreabilidad pero una vaca que no humilla la mato y eso genera toreabilidad. Y el embestir tan despacio como embisten eso va con el encaste de Saltillo. Algunos no lo valoran, lo confunden con la falta de casta cuando es una de sus virtudes. Hablan del toro mejicano, pero es que el toro mejicano tiene esa templanza porque es de saltillo.<\/strong><\/p>\n<p>-\u00bfEn qu\u00e9 momento se encuentra lo de Adolfo?<\/p>\n<p><strong>-Siempre se est\u00e1 intentando mejorar y luego hay temporadas mejor que otras o peores. Aqu\u00ed no acabas nunca. El bravo exige constancia, hay que estar encima todo el d\u00eda, no cabe ni pensar en vacaciones\u2026 Te digo lo que me pasa a m\u00ed, te comento lo que pienso, a lo mejor otros tienen m\u00e1s suerte y hacen vacaciones. La ganader\u00eda hay que vivirla intensamente con devoci\u00f3n y f\u00edjate como la he vivido yo, que me cogi\u00f3 uno y me tuvieron veinti\u00fan d\u00edas en la UVI y aqu\u00ed estoy, no he maldecido nunca al toro.<\/strong><\/p>\n<blockquote>\n<p>\u00abQue nadie piense que yo he buscado la toreabilidad pero una vaca que no humilla la mato y eso genera toreabilidad\u00bb<\/p>\n<\/blockquote>\n<p>-\u00bfA qui\u00e9n se debe el ganadero?<\/p>\n<p><strong>-A nadie. Solo al toro que me gusta. Yo no hago el toro para nadie. Si luego le cortan las orejas mejor, pero me debe gustar a m\u00ed.<\/strong><\/p>\n<p>-\u00bfY esa independencia, ese criterio, supongo se paga caro?<\/p>\n<p><strong>-El coste es que no me los maten las figuras, pero es que tampoco he buscado eso. Yo selecciono el toro que me gusta a m\u00ed como aficionado. Me preguntabas antes por los dos toros de Requena, que cu\u00e1l de los dos se lo echar\u00eda a las vacas, pues te dir\u00eda que el primero, porque tuvo m\u00e1s chispa aunque el segundo fue sublime. Este me record\u00f3 a un 102\u2026<\/strong><\/p>\n","protected":false},"excerpt":{"rendered":"-\u00bfQu\u00e9 es la bravura para ti? -La lucha y la entrega hasta la muerte. En mi casa un&hellip;\n","protected":false},"author":2,"featured_media":196626,"comment_status":"","ping_status":"","sticky":false,"template":"","format":"standard","meta":{"footnotes":""},"categories":[277],"tags":[45,26311,373,168,41770,25,24,23,167,374,444],"class_list":{"0":"post-196625","1":"post","2":"type-post","3":"status-publish","4":"format-standard","5":"has-post-thumbnail","7":"category-toreo","8":"tag-45","9":"tag-adolfo-martin","10":"tag-bullfighting","11":"tag-deportes","12":"tag-encuentros","13":"tag-es","14":"tag-espana","15":"tag-spain","16":"tag-sports","17":"tag-toreo","18":"tag-toros"},"share_on_mastodon":{"url":"https:\/\/pubeurope.com\/@es\/115424951437039898","error":""},"_links":{"self":[{"href":"https:\/\/www.europesays.com\/es\/wp-json\/wp\/v2\/posts\/196625","targetHints":{"allow":["GET"]}}],"collection":[{"href":"https:\/\/www.europesays.com\/es\/wp-json\/wp\/v2\/posts"}],"about":[{"href":"https:\/\/www.europesays.com\/es\/wp-json\/wp\/v2\/types\/post"}],"author":[{"embeddable":true,"href":"https:\/\/www.europesays.com\/es\/wp-json\/wp\/v2\/users\/2"}],"replies":[{"embeddable":true,"href":"https:\/\/www.europesays.com\/es\/wp-json\/wp\/v2\/comments?post=196625"}],"version-history":[{"count":0,"href":"https:\/\/www.europesays.com\/es\/wp-json\/wp\/v2\/posts\/196625\/revisions"}],"wp:featuredmedia":[{"embeddable":true,"href":"https:\/\/www.europesays.com\/es\/wp-json\/wp\/v2\/media\/196626"}],"wp:attachment":[{"href":"https:\/\/www.europesays.com\/es\/wp-json\/wp\/v2\/media?parent=196625"}],"wp:term":[{"taxonomy":"category","embeddable":true,"href":"https:\/\/www.europesays.com\/es\/wp-json\/wp\/v2\/categories?post=196625"},{"taxonomy":"post_tag","embeddable":true,"href":"https:\/\/www.europesays.com\/es\/wp-json\/wp\/v2\/tags?post=196625"}],"curies":[{"name":"wp","href":"https:\/\/api.w.org\/{rel}","templated":true}]}}