{"id":196661,"date":"2025-10-23T19:07:23","date_gmt":"2025-10-23T19:07:23","guid":{"rendered":"https:\/\/www.europesays.com\/es\/196661\/"},"modified":"2025-10-23T19:07:23","modified_gmt":"2025-10-23T19:07:23","slug":"las-pruebas-de-adn-confirman-que-el-cuerpo-hallado-junto-al-rio-en-valencia-es-de-javi-desaparecido-en-la-dana","status":"publish","type":"post","link":"https:\/\/www.europesays.com\/es\/196661\/","title":{"rendered":"Las pruebas de ADN confirman que el cuerpo hallado junto al r\u00edo en Valencia es de Javi, desaparecido en la dana"},"content":{"rendered":"<p style=\"\">Las pruebas de ADN han confirmado que los restos mortales hallados este pasado martes en las inmediaciones del cauce del rio Turia, en el t\u00e9rmino municipal de Manises, son de <strong>Jos\u00e9 Javier Vicent Fas<\/strong>, una de las tres personas que segu\u00edan desaparecidas tras la  &#8230; catastr\u00f3fica <a href=\"https:\/\/www.abc.es\/noticias\/dana\/\" target=\"_self\" data-voc-vtm-id=\"in-text-traffic\" title=\"dana\" data-mrf-link=\"www.abc.es\" rel=\"nofollow noopener\">dana<\/a> del 29 de octubre, seg\u00fan ha podido saber ABC.<\/p>\n<p class=\"voc-p\" style=\"\">El juzgado de guardia de Quart de Poblet ha recibido ya el informe de identificaci\u00f3n realizado por la Guardia Civil y el informe de autopsia elaborado por el Instituto de Medicina Legal (IML) de Valencia, de acuerdo con la informaci\u00f3n facilitada por el Tribunal Superior de Justicia de la Comunidad Valenciana.<\/p>\n<p class=\"voc-p\" style=\"\">A Javi, como lo conoc\u00eda su c\u00edrculo \u00edntimo, se le perdi\u00f3 la pista, junto a su hija Susana, en una casa de campo de <strong>Pedralba<\/strong> cercana al barranco de Cuchilla, cuyas aguas acaban en el Turia. Ten\u00eda 56 a\u00f1os. A punto de cumplirse un a\u00f1o de las inundaciones que dejaron 229 muertos en la provincia de Valencia, las labores de b\u00fasqueda seguir\u00e1n activas para dar tambi\u00e9n con el paradero de Elisabet Gil y Francisco Ruiz. Los tres fueron declarados muertos a efectos legales el pasado 6 de marzo, en el marco de un expediente civil de jurisdicci\u00f3n voluntaria.<\/p>\n<p class=\"voc-p\" style=\"\">Operarios de la empresa Tragsa hallaron este martes por la tarde el cad\u00e1ver de una persona cuando realizaban movimientos de tierra con una maquina excavadora. El cuerpo <strong>momificado<\/strong> -conservado por haber estado bajo el lodo- fue trasladado, por orden judicial, a dependencias del Instituto de Medicina Legal de Valencia, donde este mi\u00e9rcoles se le han practicado las pruebas para determinar su identidad y las causas de la muerte.<\/p>\n<p class=\"voc-p\" style=\"\">La ubicaci\u00f3n en la que se encontr\u00f3 -una zona afectada por la barrancada-, su estado y el hecho de estar sepultado bajo escombros y lodo, hicieron sospechar que podr\u00eda tratarse de una v\u00edctima de la dana.<\/p>\n<p class=\"voc-p\" style=\"\">Ahora, su mujer, Susana, <strong>podr\u00e1 iniciar el duelo<\/strong>. La fat\u00eddica tarde del 29 de octubre ella se qued\u00f3 en la ciudad de Valencia, pero Javi y su hija Susana se encontraban en una peque\u00f1a casa de campo cercana al barranco de Pedralba.<\/p>\n<p class=\"voc-p\" style=\"\">Desde all\u00ed le enviaron un \u00faltimo mensaje a las 18 horas en el que le advert\u00edan de la sorpresiva tromba de agua que acab\u00f3 arrastr\u00e1ndolos a ambos. Unos vecinos pudieron acceder a la zona, con dif\u00edcil cobertura, al d\u00eda siguiente: los coches no estaban y las puertas de la vivienda estaban abiertas. El agua se qued\u00f3 a muy pocos cent\u00edmetros del techo. El cuerpo sin vida de la joven Susana apareci\u00f3 dos d\u00edas despu\u00e9s de la riada en una playa de Sueca, a m\u00e1s de 70 kil\u00f3metros. <\/p>\n<p class=\"voc-p\" style=\"\"> \u00abEs muy duro pensar que mi marido no llegue a aparecer nunca, porque soy consciente de que es una b\u00fasqueda muy dif\u00edcil, pero a la vez tengo la necesidad de que aparezca para que pueda aliviarme de alguna manera. \u00c9ramos tres y s\u00f3lo quedo yo\u00bb, se\u00f1al\u00f3 Susana <a href=\"https:\/\/www.abc.es\/espana\/comunidad-valenciana\/limbo-legal-cuatro-desaparecidos-dana-valencia-20241210185639-nt.html\" target=\"_self\" data-voc-vtm-id=\"in-text-traffic\" title=\"a ABC en diciembre\" data-mrf-link=\"www.abc.es\" rel=\"nofollow noopener\">a ABC en diciembre<\/a>. <\/p>\n<p class=\"voc-p\" style=\"\">Antes de confirmarse la identidad de los restos hallados este martes, la delegada del Gobierno en la Comunidad Valenciana, Pilar Bernab\u00e9, transmiti\u00f3 a las familias que todav\u00eda \u00abest\u00e1n pendientes de poder recuperar el cuerpo sin vida de sus familiares\u00bb todo su \u00abcari\u00f1o, afecto y \u00e1nimo para que sepan que no nos olvidamos\u00bb. \u00abTenemos muchas obras en marcha, estamos removiendo mucho y siempre pueden darse circunstancias como las que se dieron este martes\u00bb, se\u00f1al\u00f3.<\/p>\n<p>\nDos desaparecidos\n<\/p>\n<p class=\"voc-p\" style=\"\">\u00abPerm\u00edtanme que mis palabras sobre todo sean para las familias que todav\u00eda est\u00e1n buscando a sus v\u00edctimas, que sepan que no nos hemos olvidado, que seguimos trabajando, que seguimos estando muy pendientes y que as\u00ed va a seguir siendo hasta ojal\u00e1 el d\u00eda que los podamos encontrar cuanto antes\u00bb, ha sostenido Bernab\u00e9.<\/p>\n<p class=\"voc-p\" style=\"\">De momento, sigue sin haber noticias del paradero de <strong>Francisco Ruiz y Elisabet Gil<\/strong>. La riada sorprendi\u00f3 a Francisco, de 64 a\u00f1os, en un pol\u00edgono de Montserrat. Antes de ser arrastrado por el agua, pudo salvar a sus nietos subi\u00e9ndolos al techo del coche. Por su parte, Elisabet, de 38 a\u00f1os, circulaba en coche por carreteras secundarias de Chiva con su madre, cuyo cuerpo apareci\u00f3 varios kil\u00f3metros abajo del barranco del Poyo. Ambas se dirig\u00edan a su trabajo en el Hotel La Carreta, ubicado en la A-3. El veh\u00edculo fue encontrado en febrero en la misma rambla.<\/p>\n<p class=\"voc-p\" style=\"\">Igualmente, estas tres v\u00edctimas mortales figuraban ya como tales en el c\u00f3mputo de los 229 fallecimientos por los que se sigue actualmente la causa penal por la Dana, que se halla en fase de instrucci\u00f3n en la Plaza n\u00famero 3 de la Secci\u00f3n Civil y de Instrucci\u00f3n del Tribunal de Instancia de Catarroja.<\/p>\n","protected":false},"excerpt":{"rendered":"Las pruebas de ADN han confirmado que los restos mortales hallados este pasado martes en las inmediaciones del&hellip;\n","protected":false},"author":2,"featured_media":196662,"comment_status":"","ping_status":"","sticky":false,"template":"","format":"standard","meta":{"footnotes":""},"categories":[5],"tags":[17,18,1681,8056,25,24,13,14,11,19,20,9,10,15,16,23,12,21,22],"class_list":{"0":"post-196661","1":"post","2":"type-post","3":"status-publish","4":"format-standard","5":"has-post-thumbnail","7":"category-titulares","8":"tag-breaking-news","9":"tag-breakingnews","10":"tag-dana","11":"tag-desaparecidos","12":"tag-es","13":"tag-espana","14":"tag-featured-news","15":"tag-featurednews","16":"tag-headlines","17":"tag-latest-news","18":"tag-latestnews","19":"tag-news","20":"tag-noticias","21":"tag-noticias-destacadas","22":"tag-noticiasdestacadas","23":"tag-spain","24":"tag-titulares","25":"tag-ultimas-noticias","26":"tag-ultimasnoticias"},"share_on_mastodon":{"url":"https:\/\/pubeurope.com\/@es\/115425053541415182","error":""},"_links":{"self":[{"href":"https:\/\/www.europesays.com\/es\/wp-json\/wp\/v2\/posts\/196661","targetHints":{"allow":["GET"]}}],"collection":[{"href":"https:\/\/www.europesays.com\/es\/wp-json\/wp\/v2\/posts"}],"about":[{"href":"https:\/\/www.europesays.com\/es\/wp-json\/wp\/v2\/types\/post"}],"author":[{"embeddable":true,"href":"https:\/\/www.europesays.com\/es\/wp-json\/wp\/v2\/users\/2"}],"replies":[{"embeddable":true,"href":"https:\/\/www.europesays.com\/es\/wp-json\/wp\/v2\/comments?post=196661"}],"version-history":[{"count":0,"href":"https:\/\/www.europesays.com\/es\/wp-json\/wp\/v2\/posts\/196661\/revisions"}],"wp:featuredmedia":[{"embeddable":true,"href":"https:\/\/www.europesays.com\/es\/wp-json\/wp\/v2\/media\/196662"}],"wp:attachment":[{"href":"https:\/\/www.europesays.com\/es\/wp-json\/wp\/v2\/media?parent=196661"}],"wp:term":[{"taxonomy":"category","embeddable":true,"href":"https:\/\/www.europesays.com\/es\/wp-json\/wp\/v2\/categories?post=196661"},{"taxonomy":"post_tag","embeddable":true,"href":"https:\/\/www.europesays.com\/es\/wp-json\/wp\/v2\/tags?post=196661"}],"curies":[{"name":"wp","href":"https:\/\/api.w.org\/{rel}","templated":true}]}}