{"id":196677,"date":"2025-10-23T19:17:10","date_gmt":"2025-10-23T19:17:10","guid":{"rendered":"https:\/\/www.europesays.com\/es\/196677\/"},"modified":"2025-10-23T19:17:10","modified_gmt":"2025-10-23T19:17:10","slug":"al-descubierto-la-pension-que-isabel-preysler-74-anos-cobra-por-parte-de-la-seguridad-social","status":"publish","type":"post","link":"https:\/\/www.europesays.com\/es\/196677\/","title":{"rendered":"Al descubierto la pensi\u00f3n que Isabel Preysler (74 a\u00f1os) cobra por parte de la Seguridad Social"},"content":{"rendered":"<p><strong>Mar\u00eda Isabel Preysler Arrastia<\/strong>, m\u00e1s conocida como<strong> Isabel Preysler<\/strong>, es una de las arist\u00f3cratas m\u00e1s conocidas desde <strong>Jerez de la Frontera<\/strong>, pasando por <strong>Madrid <\/strong>y hasta la \u00faltima punta de <strong>Espa\u00f1a<\/strong>. Nacida en Manila (Filipinas), pero mudada desde joven en la capital espa\u00f1ola, la socialit\u00e9 y presentadora de televisi\u00f3n ha sido una de las grandes figuras medi\u00e1ticas de este pa\u00eds, conocida, al margen de sus t\u00edtulos, por sus relaciones con <strong>Julio Iglesias<\/strong>, <strong>Carlos Falc\u00f3<\/strong>, <strong>Miguel Boyer<\/strong>, y por \u00faltimo, <strong>Mario Vargas Llosa<\/strong>. Cierto es que a Isabel jam\u00e1s le ha faltado el dinero, pero seg\u00fan avanz\u00f3 hace unos meses el programa de <strong>Ana Rosa<\/strong>, la arist\u00f3crata podr\u00eda estar cobrando una decente pensi\u00f3n por parte de la Seguridad Social.<\/p>\n<p>Y es que <strong>Isabel Preysler<\/strong> est\u00e1 de actualidad este jueves, 23 de octubre, por su visita a <strong>&#8216;El Hormiguero&#8217;<\/strong> de <strong>Pablo Motos<\/strong> en Antena 3. La socialit\u00e9 reaparecer\u00e1 en televisi\u00f3n para presentar sus <strong>memorias<\/strong>, una recopilaci\u00f3n de toda su vida en la que desmiente rumores y cuenta toda su verdad. Entre estos cap\u00edtulos seguro que tiene un lugar <strong>Miguel Boyer<\/strong>, exmarido de la Preysler y por el que gracias a \u00e9l podr\u00eda estar recibiendo una pensi\u00f3n de viudedad.<\/p>\n<p>Esta es la pensi\u00f3n que podr\u00eda estar cobrando Isabel Preysler de la Seguridad Social<\/p>\n<p><strong>Isabel Preysler<\/strong> cumpl\u00eda todos los requisitos para poder cobrar una <strong>pensi\u00f3n de viudedad <\/strong>por la muerte de <strong>Miguel Boyer<\/strong> en <strong>2014<\/strong>. Esta prestaci\u00f3n va destinada para aquellas personas que han estado casadas o han sido pareja de hechos de la persona fallecida, siempre y cuando cumplan los requisitos que exige el Estado. Esta <a target=\"_blank\" href=\"https:\/\/www.elmira.es\/tags\/pensiones\/\" rel=\"nofollow noopener\">pensi\u00f3n<\/a> es una de las m\u00e1s solicitadas en la <strong>Seguridad Social<\/strong> y tiene como principal objetivo no dejar en situaci\u00f3n de vulnerabilidad a aquellas personas que han perdido el sustento econ\u00f3mico familiar.<\/p>\n<p>Aunque pueda ser llamativo, no es nada extra\u00f1o que grandes figuras medi\u00e1ticas, incluso personas sin ning\u00fan tipo de problema econ\u00f3mico, como pueden ser los casos de <strong>Isabel Pantoja<\/strong> o <strong>Mayte Zald\u00edvar<\/strong>, reciban prestaciones por parte de la Seguridad Social, sobre todo, las de viudedad, pues no est\u00e1n condicionadas a la renta de sus beneficiarios, pudiendo ser cobradas por las grandes fortunas.<\/p>\n<p>En el caso de Isabel Preysler, el motivo de su pensi\u00f3n de viudedad recae en la \u00e9poca en la que estuvo <strong>casada 26 a\u00f1os con Miguel Boyer<\/strong>, empresario que cotiz\u00f3 durante muchos a\u00f1os a la Seguridad Social, y que tras su muerte, dej\u00f3 el derecho a su viuda de poder recibir esta prestaci\u00f3n, tal y como recoge la legislaci\u00f3n en Espa\u00f1a.<\/p>\n<p>Al descubierto la pensi\u00f3n de viudedad de Isabel Preysler<\/p>\n<p>La <strong>pensi\u00f3n de viudedad<\/strong> garantiza un ingreso a quienes han perdido a su c\u00f3nyuge, siempre que el fallecido haya contribuido al sistema. Se trata de un derecho que no depende del nivel econ\u00f3mico de quien lo recibe, sino de las cotizaciones realizadas por la persona fallecida. Es decir, tanto una figura p\u00fablica con un elevado patrimonio como alguien con un salario modesto pueden <strong>acceder al mismo tipo de ayuda<\/strong> si cumplen los requisitos legales.<\/p>\n<p>Este detalle sobre la situaci\u00f3n de Preysler sali\u00f3 a la luz en el programa de televisi\u00f3n de <strong>Ana Rosa Quintana<\/strong>, cuando la periodista <strong>Paloma Barrientos<\/strong> explic\u00f3 que una de las razones por las que la socialit\u00e9 filipina nunca lleg\u00f3 a casarse con el <strong>Mario Vargas Llosa<\/strong> era, precisamente, para <strong>no perder dicha ayuda<\/strong>. De acuerdo con la normativa vigente, si la madre de Tamara Falc\u00f3 contrajera matrimonio nuevamente, perder\u00eda autom\u00e1ticamente el derecho a la pensi\u00f3n que recibe desde el fallecimiento de <strong>Miguel Boyer<\/strong>.<\/p>\n<p>Por norma general, esta pensi\u00f3n suele establecerse en el <strong>52% de la base reguladora <\/strong>de la persona fallecida, aunque puede llegar al 60% en determinados supuestos, e incluso el 70% si existen cargas familiares y escasos niveles de ingresos, algo que no se cumple en el caso de Isabel Preysler, que pese a no pasar apuros econ\u00f3micos, podr\u00eda estar cobrando esta pensi\u00f3n, seg\u00fan la informaci\u00f3n de Paloma Barrientos en &#8216;El Programa de Ana Rosa&#8217;<\/p>\n","protected":false},"excerpt":{"rendered":"Mar\u00eda Isabel Preysler Arrastia, m\u00e1s conocida como Isabel Preysler, es una de las arist\u00f3cratas m\u00e1s conocidas desde Jerez&hellip;\n","protected":false},"author":2,"featured_media":196678,"comment_status":"","ping_status":"","sticky":false,"template":"","format":"standard","meta":{"footnotes":""},"categories":[174],"tags":[255,95,146,147,25,24,256,12865,23],"class_list":{"0":"post-196677","1":"post","2":"type-post","3":"status-publish","4":"format-standard","5":"has-post-thumbnail","7":"category-famosos","8":"tag-celebrities","9":"tag-economia","10":"tag-entertainment","11":"tag-entretenimiento","12":"tag-es","13":"tag-espana","14":"tag-famosos","15":"tag-pensiones","16":"tag-spain"},"share_on_mastodon":{"url":"https:\/\/pubeurope.com\/@es\/115425092830636982","error":""},"_links":{"self":[{"href":"https:\/\/www.europesays.com\/es\/wp-json\/wp\/v2\/posts\/196677","targetHints":{"allow":["GET"]}}],"collection":[{"href":"https:\/\/www.europesays.com\/es\/wp-json\/wp\/v2\/posts"}],"about":[{"href":"https:\/\/www.europesays.com\/es\/wp-json\/wp\/v2\/types\/post"}],"author":[{"embeddable":true,"href":"https:\/\/www.europesays.com\/es\/wp-json\/wp\/v2\/users\/2"}],"replies":[{"embeddable":true,"href":"https:\/\/www.europesays.com\/es\/wp-json\/wp\/v2\/comments?post=196677"}],"version-history":[{"count":0,"href":"https:\/\/www.europesays.com\/es\/wp-json\/wp\/v2\/posts\/196677\/revisions"}],"wp:featuredmedia":[{"embeddable":true,"href":"https:\/\/www.europesays.com\/es\/wp-json\/wp\/v2\/media\/196678"}],"wp:attachment":[{"href":"https:\/\/www.europesays.com\/es\/wp-json\/wp\/v2\/media?parent=196677"}],"wp:term":[{"taxonomy":"category","embeddable":true,"href":"https:\/\/www.europesays.com\/es\/wp-json\/wp\/v2\/categories?post=196677"},{"taxonomy":"post_tag","embeddable":true,"href":"https:\/\/www.europesays.com\/es\/wp-json\/wp\/v2\/tags?post=196677"}],"curies":[{"name":"wp","href":"https:\/\/api.w.org\/{rel}","templated":true}]}}