{"id":196700,"date":"2025-10-23T19:30:27","date_gmt":"2025-10-23T19:30:27","guid":{"rendered":"https:\/\/www.europesays.com\/es\/196700\/"},"modified":"2025-10-23T19:30:27","modified_gmt":"2025-10-23T19:30:27","slug":"restablecida-la-r1-de-rodalies-tras-horas-cortada-por-la-presencia-de-una-carpa-arrastrada-por-el-viento-en-las-vias","status":"publish","type":"post","link":"https:\/\/www.europesays.com\/es\/196700\/","title":{"rendered":"Restablecida la R1 de Rodalies tras horas cortada por la presencia de una carpa arrastrada por el viento en las v\u00edas"},"content":{"rendered":"<p class=\"c-paragraph\">La l\u00ednea R1 de <a href=\"https:\/\/www.20minutos.es\/tags\/instituciones-empresas\/rodalies-de-catalunya.html\" title=\"Rodalies de Catalunya\" rel=\"nofollow noopener\" target=\"_blank\">Rodalies de Catalunya<\/a>\u00a0ha restablecido la circulaci\u00f3n de sus trenes este jueves sobre las 19 horas entre Hospitalet de Llobregat y Badalona tras estar horas cortada porque <b>el viento ha arrastrado una lona hasta la zona de las v\u00edas<\/b>. Por el momento, los trenes circulan con una media de 25 minutos retraso, aunque la compa\u00f1\u00eda ferroviaria ha informado de que se ir\u00e1n recuperando las frecuencias y horas de paso progresivamente.\u00a0<\/p>\n<p class=\"c-paragraph\"><b\/>Al mediod\u00eda, sobre las 14:30 horas, los trenes han dejado de circular entre El Clot y Badalona por la presencia de un objeto en las v\u00edas, que se trataba de\u00a0<b>un tipo de carpa que ha aparecido entre Badalona y Sant Adri\u00e0 del Bes\u00f2s. <\/b>Finalmente,\u00a0y a petici\u00f3n de los <a href=\"https:\/\/www.20minutos.es\/tags\/temas\/mossos-desquadra.html\" title=\"Mossos d&#039;Esquadra\" rel=\"nofollow noopener\" target=\"_blank\">Mossos d&#8217;Esquadr<\/a>a\u00a0se ha cortado desde el punto de origen.\u00a0<\/p>\n<p class=\"c-paragraph\">Protecci\u00f3 Civil ha activado la prealerta Ferrocat ante esta situaci\u00f3n y ha evacuado a los pasajeros afectados. Adem\u00e1s, les ha ofrecido como alternativa<b>, acceder al Metro de Barcelona para continuar con su trayecto.<\/b> All\u00ed, pod\u00edan solicitar el intercambio correspondiente del billete al personal de taquillas de la estaci\u00f3n.\u00a0<\/p>\n<p class=\"c-paragraph\">Esta situaci\u00f3n se ha dado justo el d\u00eda en el que\u00a0<a href=\"https:\/\/www.20minutos.es\/tags\/temas\/catalunya.html\" title=\"Catalunya\" rel=\"nofollow noopener\" target=\"_blank\">Catalunya<\/a>\u00a0ha activado este el plan VENTCAT durante todo la jornada por la\u00a0previsi\u00f3n de <b>fuertes rachas de viento e<\/b><b>n todo el territorio, <\/b>excepto en las Terres de l&#8217;Ebre. Tras el aviso, los ayuntamientos de Sabadell, Granollers, Matar\u00f3 y Barcelona han cerrado\u00a0parques y jardines.<\/p>\n","protected":false},"excerpt":{"rendered":"La l\u00ednea R1 de Rodalies de Catalunya\u00a0ha restablecido la circulaci\u00f3n de sus trenes este jueves sobre las 19&hellip;\n","protected":false},"author":2,"featured_media":196701,"comment_status":"","ping_status":"","sticky":false,"template":"","format":"standard","meta":{"footnotes":""},"categories":[5],"tags":[31632,17,18,25,24,13,14,11,19,20,30725,9,10,15,16,5043,23,12,21,22,20877,6641],"class_list":{"0":"post-196700","1":"post","2":"type-post","3":"status-publish","4":"format-standard","5":"has-post-thumbnail","7":"category-titulares","8":"tag-arrastrada","9":"tag-breaking-news","10":"tag-breakingnews","11":"tag-es","12":"tag-espana","13":"tag-featured-news","14":"tag-featurednews","15":"tag-headlines","16":"tag-latest-news","17":"tag-latestnews","18":"tag-lona","19":"tag-news","20":"tag-noticias","21":"tag-noticias-destacadas","22":"tag-noticiasdestacadas","23":"tag-por","24":"tag-spain","25":"tag-titulares","26":"tag-ultimas-noticias","27":"tag-ultimasnoticias","28":"tag-una","29":"tag-viento"},"share_on_mastodon":{"url":"https:\/\/pubeurope.com\/@es\/115425144174134199","error":""},"_links":{"self":[{"href":"https:\/\/www.europesays.com\/es\/wp-json\/wp\/v2\/posts\/196700","targetHints":{"allow":["GET"]}}],"collection":[{"href":"https:\/\/www.europesays.com\/es\/wp-json\/wp\/v2\/posts"}],"about":[{"href":"https:\/\/www.europesays.com\/es\/wp-json\/wp\/v2\/types\/post"}],"author":[{"embeddable":true,"href":"https:\/\/www.europesays.com\/es\/wp-json\/wp\/v2\/users\/2"}],"replies":[{"embeddable":true,"href":"https:\/\/www.europesays.com\/es\/wp-json\/wp\/v2\/comments?post=196700"}],"version-history":[{"count":0,"href":"https:\/\/www.europesays.com\/es\/wp-json\/wp\/v2\/posts\/196700\/revisions"}],"wp:featuredmedia":[{"embeddable":true,"href":"https:\/\/www.europesays.com\/es\/wp-json\/wp\/v2\/media\/196701"}],"wp:attachment":[{"href":"https:\/\/www.europesays.com\/es\/wp-json\/wp\/v2\/media?parent=196700"}],"wp:term":[{"taxonomy":"category","embeddable":true,"href":"https:\/\/www.europesays.com\/es\/wp-json\/wp\/v2\/categories?post=196700"},{"taxonomy":"post_tag","embeddable":true,"href":"https:\/\/www.europesays.com\/es\/wp-json\/wp\/v2\/tags?post=196700"}],"curies":[{"name":"wp","href":"https:\/\/api.w.org\/{rel}","templated":true}]}}